{"id":100007,"date":"2026-08-19T15:37:54","date_gmt":"2026-08-19T15:37:54","guid":{"rendered":"https:\/\/cliniclesalpes.com\/?p=100007"},"modified":"2026-08-19T17:27:21","modified_gmt":"2026-08-19T17:27:21","slug":"perdre-pied-psychologiquement","status":"publish","type":"post","link":"https:\/\/cliniclesalpes.com\/fr\/blog\/2026\/08\/19\/perdre-pied-psychologiquement\/","title":{"rendered":"Comment retrouver l&rsquo;\u00e9quilibre quand on perd pied psychologiquement\u00a0?"},"content":{"rendered":"\r\n<p class=\"wp-block-paragraph\">Perdre pied psychologiquement frappe sans pr\u00e9venir. Cette impression soudaine bouleverse votre r\u00e9alit\u00e9\u00a0: votre c\u0153ur s&#8217;emballe, vos pens\u00e9es tourbillonnent, votre corps tremble.<\/p>\r\n\r\n\r\n\r\n<p class=\"wp-block-paragraph\">L&rsquo;angoisse vous submerge et paralyse chaque geste du quotidien.<\/p>\r\n\r\n\r\n\r\n<p class=\"wp-block-paragraph\">Des techniques existent pour reprendre le contr\u00f4le de votre vie psychique. D\u00e9couvrez comment transformer cette crise en force.<\/p>\r\n\r\n\r\n\r\n<h2 class=\"wp-block-heading\">Comprendre ce ph\u00e9nom\u00e8ne psychologique<\/h2>\r\n\r\n\r\n\r\n<p class=\"wp-block-paragraph\">Perdre pied psychologiquement traduit <strong>une r\u00e9action naturelle du syst\u00e8me nerveux face \u00e0 une situation de stress intense<\/strong>. Cette perte de contr\u00f4le temporaire survient quand une personne se trouve d\u00e9pass\u00e9e par les \u00e9v\u00e9nements.<\/p>\r\n\r\n\r\n\r\n<p class=\"wp-block-paragraph\">Cette r\u00e9action d\u00e9fensive prot\u00e8ge l&rsquo;organisme d&rsquo;une surcharge \u00e9motionnelle, m\u00eame si l&rsquo;\u00e9tat ressenti semble difficile \u00e0 g\u00e9rer sur le moment.<\/p>\r\n\r\n\r\n\r\n<p class=\"wp-block-paragraph\">La r\u00e9ponse physiologique normale aide \u00e0 identifier rapidement les sympt\u00f4mes pour mieux les comprendre.<\/p>\r\n\r\n\r\n\r\n<table class=\"redac-table\">\r\n<thead>\r\n<tr>\r\n<th>Manifestations physiques<\/th>\r\n<th>R\u00e9actions \u00e9motionnelles<\/th>\r\n<th>Troubles cognitifs<\/th>\r\n<\/tr>\r\n<\/thead>\r\n<tbody>\r\n<tr>\r\n<td>Tremblements, sueurs, tension musculaire<\/td>\r\n<td data-label=\"R\u00e9actions \u00e9motionnelles\">Angoisse intense, sentiment de perte de contr\u00f4le<\/td>\r\n<td data-label=\"Troubles cognitifs\">Difficult\u00e9s de concentration, impression de d\u00e9r\u00e9alisation<\/td>\r\n<\/tr>\r\n<tr>\r\n<td>Palpitations, oppression thoracique<\/td>\r\n<td data-label=\"R\u00e9actions \u00e9motionnelles\">Peur irrationnelle, \u00e9motion d\u00e9bordante<\/td>\r\n<td data-label=\"Troubles cognitifs\">Pens\u00e9es confuses, perte de rep\u00e8res temporels<\/td>\r\n<\/tr>\r\n<tr>\r\n<td>Fatigue soudaine, vertiges<\/td>\r\n<td data-label=\"R\u00e9actions \u00e9motionnelles\">Sentiment d&rsquo;impuissance face \u00e0 la r\u00e9alit\u00e9<\/td>\r\n<td data-label=\"Troubles cognitifs\">Troubles de la m\u00e9moire imm\u00e9diate<\/td>\r\n<\/tr>\r\n<\/tbody>\r\n<\/table>\r\n\r\n\r\n\r\n<p class=\"wp-block-paragraph\"><strong>Certains signaux annoncent cette perte d&rsquo;\u00e9quilibre psychologique<\/strong>. La prise de conscience de ces sympt\u00f4mes facilite une intervention rapide et efficace.<\/p>\r\n\r\n\r\n\r\n<ul class=\"wp-block-list\">\r\n<li>Troubles du sommeil persistants et fatigue chronique inexpliqu\u00e9e<\/li>\r\n\r\n\r\n\r\n<li>Pens\u00e9es n\u00e9gatives qui envahissent le quotidien sans raison apparente<\/li>\r\n\r\n\r\n\r\n<li>Perte progressive d&rsquo;estime de soi et sentiment d&rsquo;incomp\u00e9tence<\/li>\r\n\r\n\r\n\r\n<li>Repli sur soi et isolement de la vie sociale<\/li>\r\n\r\n\r\n\r\n<li>Irritabilit\u00e9 croissante et r\u00e9actions disproportionn\u00e9es aux \u00e9v\u00e9nements mineurs<\/li>\r\n<\/ul>\r\n\r\n\r\n\r\n<h2 class=\"wp-block-heading\">Les principales causes d\u00e9clencheuses<\/h2>\r\n\r\n\r\n\r\n<p class=\"wp-block-paragraph\">Une fois ces signaux rep\u00e9r\u00e9s, comprendre l&rsquo;origine de cette d\u00e9tresse aide \u00e0 cibler les solutions adapt\u00e9es.\u00a0<\/p>\r\n\r\n\r\n\r\n<p class=\"wp-block-paragraph\">Cette impression de perdre pied s&rsquo;inscrit g\u00e9n\u00e9ralement dans <a href=\"https:\/\/cliniclesalpes.com\/fr\/blog\/comprendre-le-mal-etre-et-comment-clinic-les-alpes-peut-vous-aider\/\" target=\"_blank\" rel=\"noreferrer noopener\">un mal-\u00eatre<\/a> plus global qui touche diff\u00e9rents aspects de votre existence.<\/p>\r\n\r\n\r\n\r\n<h3 class=\"wp-block-heading\">L&rsquo;\u00e9puisement professionnel et les transitions de vie<\/h3>\r\n\r\n\r\n\r\n<p class=\"wp-block-paragraph\">La vie professionnelle moderne g\u00e9n\u00e8re <strong>un stress chronique qui \u00e9puise progressivement vos ressources psychiques<\/strong>.\u00a0<\/p>\r\n\r\n\r\n\r\n<p class=\"wp-block-paragraph\">L&rsquo;environnement professionnel toxique et la charge de travail excessive cr\u00e9ent une spirale destructrice qui m\u00e8ne au burn out.<\/p>\r\n\r\n\r\n\r\n<ul class=\"wp-block-list\">\r\n<li>Surcharge de travail chronique et heures suppl\u00e9mentaires r\u00e9p\u00e9t\u00e9es<\/li>\r\n\r\n\r\n\r\n<li>Manque de reconnaissance professionnelle et conflits avec la hi\u00e9rarchie<\/li>\r\n\r\n\r\n\r\n<li>Pression constante et objectifs irr\u00e9alisables<\/li>\r\n\r\n\r\n\r\n<li>Changements organisationnels subis et perte d&rsquo;autonomie<\/li>\r\n\r\n\r\n\r\n<li><a href=\"https:\/\/cliniclesalpes.com\/fr\/blog\/perte-de-sens\/\" target=\"_blank\" rel=\"noreferrer noopener\">Perte de sens<\/a> dans l&rsquo;activit\u00e9 professionnelle quotidienne<\/li>\r\n<\/ul>\r\n\r\n\r\n\r\n<p class=\"wp-block-paragraph\"><strong>Les transitions de vie majeures d\u00e9stabilisent \u00e9galement votre \u00e9quilibre<\/strong>.\u00a0<\/p>\r\n\r\n\r\n\r\n<p class=\"wp-block-paragraph\">Les ruptures sentimentales, les deuils, les d\u00e9m\u00e9nagements ou encore des changements familiaux bouleversent vos rep\u00e8res habituels.<\/p>\r\n\r\n\r\n\r\n<h3 class=\"wp-block-heading\">Les chocs \u00e9motionnels et les traumatismes<\/h3>\r\n\r\n\r\n\r\n<p class=\"wp-block-paragraph\">Certains \u00e9v\u00e9nements traumatiques laissent des traces profondes dans votre psychisme.<\/p>\r\n\r\n\r\n\r\n<p class=\"wp-block-paragraph\">Ces exp\u00e9riences douloureuses alt\u00e8rent votre sentiment de s\u00e9curit\u00e9 et cr\u00e9ent une souffrance intense qui d\u00e9passe vos capacit\u00e9s d&rsquo;adaptation.\u00a0<\/p>\r\n\r\n\r\n\r\n<p class=\"wp-block-paragraph\"><strong>Le v\u00e9cu traumatique, qu&rsquo;il soit r\u00e9cent ou ancien, fragilise votre \u00e9quilibre \u00e9motionnel.<\/strong><\/p>\r\n\r\n\r\n\r\n<p class=\"wp-block-paragraph\"><a href=\"https:\/\/cliniclesalpes.com\/fr\/blog\/comment-guerir-traumatisme-enfance\/\" target=\"_blank\" rel=\"noreferrer noopener\">Gu\u00e9rir d&rsquo;un traumatisme de l&rsquo;enfance<\/a>, par exemple, n\u00e9cessite un accompagnement sp\u00e9cialis\u00e9 pour retrouver la stabilit\u00e9 psychologique.<\/p>\r\n\r\n\r\n\r\n<figure class=\"wp-block-image size-full\"><img decoding=\"async\" class=\"wp-image-100010\" src=\"https:\/\/cliniclesalpes.com\/wp-content\/uploads\/2025\/09\/image-8.png\" alt=\"\" \/><\/figure>\r\n\r\n\r\n\r\n<h2 class=\"wp-block-heading\">Les techniques pour retrouver l&rsquo;\u00e9quilibre<\/h2>\r\n\r\n\r\n\r\n<p class=\"wp-block-paragraph\">Plusieurs strat\u00e9gies concr\u00e8tes aident toute personne \u00e0 reprendre le contr\u00f4le de sa situation.\u00a0<\/p>\r\n\r\n\r\n\r\n<p class=\"wp-block-paragraph\">Ces techniques progressives r\u00e9pondent aux besoins imm\u00e9diats tout en pr\u00e9parant une reconstruction durable de l&rsquo;estime de soi et de l&rsquo;\u00e9quilibre psychologique.<\/p>\r\n\r\n\r\n\r\n<h3 class=\"wp-block-heading\">Les outils de r\u00e9gulation imm\u00e9diate<\/h3>\r\n\r\n\r\n\r\n<p class=\"wp-block-paragraph\">Face \u00e0 l&rsquo;angoisse ou \u00e0 la peur qui surgit, votre syst\u00e8me nerveux demande une r\u00e9action rapide.\u00a0<\/p>\r\n\r\n\r\n\r\n<p class=\"wp-block-paragraph\">Ces techniques d&rsquo;urgence calment imm\u00e9diatement la tension physique et mentale.<\/p>\r\n\r\n\r\n\r\n<ul class=\"wp-block-list\">\r\n<li><strong>Respiration contr\u00f4l\u00e9e<\/strong>\u00a0: les exercices respiratoires structur\u00e9s ralentissent le rythme cardiaque<\/li>\r\n\r\n\r\n\r\n<li><strong>Ancrage sensoriel<\/strong>\u00a0: se concentrer sur les \u00e9l\u00e9ments concrets de l&rsquo;environnement imm\u00e9diat<\/li>\r\n\r\n\r\n\r\n<li><strong>Relaxation musculaire<\/strong>\u00a0: les techniques de d\u00e9tente corporelle soulagent les tensions physiques<\/li>\r\n\r\n\r\n\r\n<li><strong>Visualisation apaisante<\/strong>\u00a0: l&rsquo;imagerie mentale positive aide \u00e0 retrouver un \u00e9tat de calme<\/li>\r\n<\/ul>\r\n\r\n\r\n\r\n<h3 class=\"wp-block-heading\">La reconstruction progressive du contr\u00f4le<\/h3>\r\n\r\n\r\n\r\n<p class=\"wp-block-paragraph\">La reprise de contr\u00f4le de sa vie n\u00e9cessite une strat\u00e9gie graduelle et personnalis\u00e9e. Cette prise de conscience s&rsquo;accompagne d&rsquo;actions concr\u00e8tes pour mieux g\u00e9rer le quotidien.<\/p>\r\n\r\n\r\n\r\n<ul class=\"wp-block-list\">\r\n<li><strong>Identifier trois priorit\u00e9s quotidiennes<\/strong>\u00a0: concentrer son \u00e9nergie sur l&rsquo;essentiel uniquement<\/li>\r\n\r\n\r\n\r\n<li><strong>\u00c9tablir une routine matinale stable<\/strong>\u00a0: cr\u00e9er des rep\u00e8res temporels rassurants<\/li>\r\n\r\n\r\n\r\n<li><strong>Modifier les pens\u00e9es n\u00e9gatives automatiques<\/strong>\u00a0: remplacer \u00ab\u00a0je n&rsquo;y arrive pas\u00a0\u00bb par \u00ab\u00a0je progresse petit \u00e0 petit\u00a0\u00bb<\/li>\r\n\r\n\r\n\r\n<li><a href=\"https:\/\/cliniclesalpes.com\/fr\/blog\/prendre-de-la-distance-pour-se-proteger\/\" target=\"_blank\" rel=\"noreferrer noopener\">Prendre de la distance<\/a> avec les relations toxiques\u00a0: prot\u00e9ger son environnement \u00e9motionnel<\/li>\r\n<\/ul>\r\n\r\n\r\n\r\n<figure class=\"wp-block-image size-full\"><img decoding=\"async\" class=\"wp-image-100008\" src=\"https:\/\/cliniclesalpes.com\/wp-content\/uploads\/2025\/09\/image-7.png\" alt=\"\" \/><\/figure>\r\n\r\n\r\n\r\n<h2 class=\"wp-block-heading\">L&rsquo;accompagnement professionnel sp\u00e9cialis\u00e9<\/h2>\r\n\r\n\r\n\r\n<p class=\"wp-block-paragraph\">Si ces techniques personnelles restent insuffisantes, une aide professionnelle devient n\u00e9cessaire.\u00a0<\/p>\r\n\r\n\r\n\r\n<p class=\"wp-block-paragraph\">Consulter un psychologue ou un th\u00e9rapeute d\u00e9dramatise cette d\u00e9marche de sant\u00e9 mentale et acc\u00e9l\u00e8re le processus de gu\u00e9rison.\u00a0<\/p>\r\n\r\n\r\n\r\n<p class=\"wp-block-paragraph\">Cette prise en charge sp\u00e9cialis\u00e9e apporte un soutien adapt\u00e9.<\/p>\r\n\r\n\r\n\r\n<h3 class=\"wp-block-heading\">Demander l\u2019aide d\u2019un professionnel<\/h3>\r\n\r\n\r\n\r\n<p class=\"wp-block-paragraph\">Certains crit\u00e8res indiquent qu&rsquo;une aide externe s&rsquo;impose pour surmonter cette situation.<\/p>\r\n\r\n\r\n\r\n<p class=\"wp-block-paragraph\">Votre d\u00e9cision d\u00e9pend de l&rsquo;intensit\u00e9 du ressenti et de l&rsquo;impact sur votre quotidien.<\/p>\r\n\r\n\r\n\r\n<ul class=\"wp-block-list\">\r\n<li>Sympt\u00f4mes qui persistent au-del\u00e0 de trois semaines malgr\u00e9 vos efforts personnels<\/li>\r\n\r\n\r\n\r\n<li>\u00c9puisement \u00e9motionnel qui affecte votre activit\u00e9 professionnelle et votre vie sociale<\/li>\r\n\r\n\r\n\r\n<li>Crises de panique r\u00e9currentes ou sentiment de devenir fou<\/li>\r\n\r\n\r\n\r\n<li>Perte de confiance en soi qui vous emp\u00eache de prendre des d\u00e9cisions importantes<\/li>\r\n\r\n\r\n\r\n<li>Isolement croissant et solitude difficile \u00e0 supporter<\/li>\r\n<\/ul>\r\n\r\n\r\n\r\n<h3 class=\"wp-block-heading\">L&rsquo;approche th\u00e9rapeutique de Clinic Les Alpes<\/h3>\r\n\r\n\r\n\r\n<p class=\"wp-block-paragraph\"><strong>Clinic Les Alpes d\u00e9veloppe un accompagnement personnalis\u00e9<\/strong> dans un environnement apaisant et rassurant.\u00a0<\/p>\r\n\r\n\r\n\r\n<p class=\"wp-block-paragraph\">L&rsquo;\u00e9quipe multidisciplinaire combine psychoth\u00e9rapie individuelle, th\u00e9rapies cognitivo-comportementales et EMDR selon les besoins de chaque personne.\u00a0<\/p>\r\n\r\n\r\n\r\n<p class=\"wp-block-paragraph\">Cette prise en charge globale traite la d\u00e9personnalisation ou la d\u00e9r\u00e9alisation, l&rsquo;anxi\u00e9t\u00e9 et les troubles psychiques li\u00e9s \u00e0 cette perte d&rsquo;\u00e9quilibre.\u00a0<\/p>\r\n\r\n\r\n\r\n<p class=\"wp-block-paragraph\">Le cadre montagnard favorise naturellement le l\u00e2cher prise et la reconstruction progressive de votre r\u00e9silience int\u00e9rieure.<\/p>\r\n\r\n\r\n\r\n<div class=\"snippet-bait\">\r\n<p><a href=\"https:\/\/cliniclesalpes.com\/fr\/traitement-et-therapies\/\">D\u00e9couvrez nos th\u00e9rapies<\/a><\/p>\r\n<\/div>\r\n\r\n\r\n\r\n<h2 class=\"wp-block-heading\">Reprenez le contr\u00f4le de votre vie d\u00e8s maintenant<\/h2>\r\n\r\n\r\n\r\n<p class=\"wp-block-paragraph\">Cette sensation de perdre pied r\u00e9v\u00e8le votre humanit\u00e9, non votre faiblesse.\u00a0<\/p>\r\n\r\n\r\n\r\n<p class=\"wp-block-paragraph\">Chaque personne qui traverse cette \u00e9preuve d\u00e9couvre des ressources insoup\u00e7onn\u00e9es. Votre \u00e9puisement \u00e9motionnel cache une force pr\u00eate \u00e0 rena\u00eetre.<\/p>\r\n\r\n\r\n\r\n<p class=\"wp-block-paragraph\">L&rsquo;accompagnement professionnel transforme cette crise en opportunit\u00e9 de croissance. Nos th\u00e9rapeutes comprennent votre v\u00e9cu et adaptent leur \u00e9coute \u00e0 vos besoins.\u00a0<\/p>\r\n\r\n\r\n\r\n<p class=\"wp-block-paragraph\">Cette nouvelle \u00e9tape de votre existence commence par une seule chose\u00a0: oser demander de l&rsquo;aide.\u00a0<\/p>\r\n\r\n\r\n\r\n<div class=\"snippet-bait\">\r\n<p><a href=\"https:\/\/cliniclesalpes.com\/fr\/contactez-nous\/\">Contactez-nous d\u00e8s aujourd&rsquo;hui<\/a><\/p>\r\n<\/div>\r\n","protected":false},"excerpt":{"rendered":"<p>Perdre pied psychologiquement frappe sans pr\u00e9venir. Cette impression soudaine bouleverse votre r\u00e9alit\u00e9\u00a0: votre c\u0153ur s&#8217;emballe, vos pens\u00e9es tourbillonnent, votre corps tremble. L&rsquo;angoisse vous submerge et paralyse chaque geste du quotidien. Des techniques existent pour reprendre le contr\u00f4le de votre vie psychique. D\u00e9couvrez comment transformer cette crise en force. Comprendre ce ph\u00e9nom\u00e8ne psychologique Perdre pied psychologiquement [&hellip;]<\/p>\n","protected":false},"author":1,"featured_media":113999,"comment_status":"closed","ping_status":"closed","sticky":false,"template":"","format":"standard","meta":{"_acf_changed":false,"footnotes":""},"categories":[117],"tags":[],"class_list":["post-100007","post","type-post","status-publish","format-standard","has-post-thumbnail","hentry","category-sante-mentale-et-bien-etre"],"acf":[],"_links":{"self":[{"href":"https:\/\/cliniclesalpes.com\/fr\/wp-json\/wp\/v2\/posts\/100007","targetHints":{"allow":["GET"]}}],"collection":[{"href":"https:\/\/cliniclesalpes.com\/fr\/wp-json\/wp\/v2\/posts"}],"about":[{"href":"https:\/\/cliniclesalpes.com\/fr\/wp-json\/wp\/v2\/types\/post"}],"author":[{"embeddable":true,"href":"https:\/\/cliniclesalpes.com\/fr\/wp-json\/wp\/v2\/users\/1"}],"replies":[{"embeddable":true,"href":"https:\/\/cliniclesalpes.com\/fr\/wp-json\/wp\/v2\/comments?post=100007"}],"version-history":[{"count":2,"href":"https:\/\/cliniclesalpes.com\/fr\/wp-json\/wp\/v2\/posts\/100007\/revisions"}],"predecessor-version":[{"id":114003,"href":"https:\/\/cliniclesalpes.com\/fr\/wp-json\/wp\/v2\/posts\/100007\/revisions\/114003"}],"wp:featuredmedia":[{"embeddable":true,"href":"https:\/\/cliniclesalpes.com\/fr\/wp-json\/wp\/v2\/media\/113999"}],"wp:attachment":[{"href":"https:\/\/cliniclesalpes.com\/fr\/wp-json\/wp\/v2\/media?parent=100007"}],"wp:term":[{"taxonomy":"category","embeddable":true,"href":"https:\/\/cliniclesalpes.com\/fr\/wp-json\/wp\/v2\/categories?post=100007"},{"taxonomy":"post_tag","embeddable":true,"href":"https:\/\/cliniclesalpes.com\/fr\/wp-json\/wp\/v2\/tags?post=100007"}],"curies":[{"name":"wp","href":"https:\/\/api.w.org\/{rel}","templated":true}]}}