{"id":100013,"date":"2026-08-19T15:37:54","date_gmt":"2026-08-19T15:37:54","guid":{"rendered":"https:\/\/cliniclesalpes.com\/?p=100013"},"modified":"2026-08-19T17:27:20","modified_gmt":"2026-08-19T17:27:20","slug":"comment-surmonter-un-traumatisme-psychologique","status":"publish","type":"post","link":"https:\/\/cliniclesalpes.com\/fr\/blog\/2026\/08\/19\/comment-surmonter-un-traumatisme-psychologique\/","title":{"rendered":"Comment surmonter un traumatisme psychologique\u00a0?"},"content":{"rendered":"\r\n<p class=\"wp-block-paragraph\">Un cauchemar r\u00e9current, des sursauts au moindre bruit ou une sensation d&rsquo;angoisse sans fin\u00a0! Voil\u00e0 le v\u00e9cu quotidien d&rsquo;une personne marqu\u00e9e par un traumatisme psychologique.\u00a0<\/p>\r\n\r\n\r\n\r\n<p class=\"wp-block-paragraph\">Cette empreinte mentale bouleverse l&rsquo;existence enti\u00e8re\u00a0: relations familiales fragilis\u00e9es, carri\u00e8re professionnelle en p\u00e9ril, sant\u00e9 physique d\u00e9t\u00e9rior\u00e9e.\u00a0<\/p>\r\n\r\n\r\n\r\n<p class=\"wp-block-paragraph\">Pourtant, l&rsquo;espoir existe. Des milliers de victimes ont r\u00e9ussi \u00e0 surmonter un traumatisme psychologique gr\u00e2ce \u00e0 des approches th\u00e9rapeutiques adapt\u00e9es.\u00a0<\/p>\r\n\r\n\r\n\r\n<p class=\"wp-block-paragraph\">La gu\u00e9rison prend du temps mais elle reste accessible \u00e0 tous et votre chemin vers la reconstruction commence ici.<\/p>\r\n\r\n\r\n\r\n<h2 class=\"wp-block-heading\">Comprendre le traumatisme psychologique et ses m\u00e9canismes<\/h2>\r\n\r\n\r\n\r\n<p class=\"wp-block-paragraph\">Un traumatisme psychologique survient lorsqu&rsquo;une <strong>personne fait face \u00e0 un \u00e9v\u00e9nement mena\u00e7ant qui d\u00e9passe ses capacit\u00e9s d&rsquo;adaptation<\/strong>.\u00a0<\/p>\r\n\r\n\r\n\r\n<p class=\"wp-block-paragraph\">L&rsquo;Organisation Mondiale de la Sant\u00e9 d\u00e9finit ce ph\u00e9nom\u00e8ne comme <strong>une r\u00e9action intense \u00e0 un choc \u00e9motionnel grave<\/strong>.\u00a0<\/p>\r\n\r\n\r\n\r\n<p class=\"wp-block-paragraph\">Contrairement au stress quotidien, le traumatisme cr\u00e9e une empreinte durable dans le cerveau et modifie le fonctionnement du syst\u00e8me nerveux.<\/p>\r\n\r\n\r\n\r\n<table class=\"redac-table\">\r\n<thead>\r\n<tr>\r\n<th>Types de traumatismes<\/th>\r\n<th>\u00c9v\u00e9nements d\u00e9clencheurs<\/th>\r\n<th>R\u00e9ponses neurobiologiques<\/th>\r\n<\/tr>\r\n<\/thead>\r\n<tbody>\r\n<tr>\r\n<td>Traumatisme unique<\/td>\r\n<td data-label=\"\u00c9v\u00e9nements d\u00e9clencheurs\">Accident, viol, agression, attentat<\/td>\r\n<td data-label=\"R\u00e9ponses neurobiologiques\">Lib\u00e9ration massive de cortisol et d&rsquo;adr\u00e9naline, m\u00e9moire fragment\u00e9e<\/td>\r\n<\/tr>\r\n<tr>\r\n<td>Traumatisme r\u00e9p\u00e9t\u00e9<\/td>\r\n<td data-label=\"\u00c9v\u00e9nements d\u00e9clencheurs\">Violence domestique, abus chroniques, harc\u00e8lement<\/td>\r\n<td data-label=\"R\u00e9ponses neurobiologiques\">Hyperactivation du syst\u00e8me nerveux, m\u00e9moire traumatique persistante<\/td>\r\n<\/tr>\r\n<tr>\r\n<td>Traumatisme vicariant<\/td>\r\n<td data-label=\"\u00c9v\u00e9nements d\u00e9clencheurs\">T\u00e9moin d&rsquo;un \u00e9v\u00e9nement traumatique, personnel m\u00e9dical expos\u00e9 \u00e0 des r\u00e9cits traumatiques<\/td>\r\n<td data-label=\"R\u00e9ponses neurobiologiques\">Alt\u00e9ration de la perception de s\u00e9curit\u00e9, fatigue compassionnelle<\/td>\r\n<\/tr>\r\n<tr>\r\n<td>Traumatisme complexe<\/td>\r\n<td data-label=\"\u00c9v\u00e9nements d\u00e9clencheurs\">N\u00e9gligence ou maltraitance durant l&rsquo;enfance, situations d&#8217;emprise prolong\u00e9e<\/td>\r\n<td data-label=\"R\u00e9ponses neurobiologiques\">Modifications structurelles du cerveau, difficult\u00e9s relationnelles durables<\/td>\r\n<\/tr>\r\n<\/tbody>\r\n<\/table>\r\n\r\n\r\n\r\n<p class=\"wp-block-paragraph\">Ces m\u00e9canismes neurologiques expliquent pourquoi certains souvenirs traumatiques restent si vivaces et envahissants.\u00a0<\/p>\r\n\r\n\r\n\r\n<p class=\"wp-block-paragraph\">La gu\u00e9rison n\u00e9cessite souvent un travail th\u00e9rapeutique adapt\u00e9, particuli\u00e8rement pour <a href=\"https:\/\/cliniclesalpes.com\/fr\/blog\/comment-guerir-traumatisme-enfance\/\" target=\"_blank\" rel=\"noreferrer noopener\">les traumatismes remontant \u00e0 l&rsquo;enfance<\/a>, dont l&rsquo;impact psychique s&rsquo;av\u00e8re encore plus profond.<\/p>\r\n\r\n\r\n\r\n<h2 class=\"wp-block-heading\">Les sympt\u00f4mes et manifestations d&rsquo;un traumatisme psychologique<\/h2>\r\n\r\n\r\n\r\n<p class=\"wp-block-paragraph\">Apr\u00e8s un \u00e9v\u00e9nement traumatisant, des sympt\u00f4mes vari\u00e9s apparaissent chez les victimes.<\/p>\r\n\r\n\r\n\r\n<p class=\"wp-block-paragraph\">L&rsquo;intensit\u00e9 de cette souffrance diff\u00e8re selon chaque patient, son v\u00e9cu et sa pr\u00e9disposition au stress.\u00a0<\/p>\r\n\r\n\r\n\r\n<p class=\"wp-block-paragraph\">Ces r\u00e9actions constituent l&rsquo;expression d&rsquo;un trouble psychique qui n\u00e9cessite attention et traitement adapt\u00e9.<\/p>\r\n\r\n\r\n\r\n<h3 class=\"wp-block-heading\">Les manifestations psychologiques et \u00e9motionnelles<\/h3>\r\n\r\n\r\n\r\n<p class=\"wp-block-paragraph\">Le trauma bouleverse la sph\u00e8re \u00e9motionnelle de la personne touch\u00e9e. Les r\u00e9actions psychologiques suivantes traduisent la lutte int\u00e9rieure face aux souvenirs traumatiques:<\/p>\r\n\r\n\r\n\r\n<ul class=\"wp-block-list\">\r\n<li><strong>Reviviscences intrusives<\/strong>: flashbacks, cauchemars et souvenirs involontaires du trauma<\/li>\r\n\r\n\r\n\r\n<li><strong>Anxi\u00e9t\u00e9 constante<\/strong> et sentiment de menace permanente, m\u00eame en lieu s\u00fbr<\/li>\r\n\r\n\r\n\r\n<li><strong>Hypervigilance<\/strong> avec r\u00e9action excessive au moindre stimulus (bruits, mouvements)<\/li>\r\n\r\n\r\n\r\n<li><strong>Troubles de concentration<\/strong> et difficult\u00e9s \u00e0 prendre des d\u00e9cisions<\/li>\r\n\r\n\r\n\r\n<li><strong>Pens\u00e9es n\u00e9gatives persistantes<\/strong> sur soi et le monde ext\u00e9rieur<\/li>\r\n\r\n\r\n\r\n<li><strong>\u00c9tat d\u00e9pressif<\/strong> accompagn\u00e9 d&rsquo;un<a href=\"https:\/\/cliniclesalpes.com\/fr\/blog\/vide-emotionnel\/\" target=\"_blank\" rel=\"noreferrer noopener\"> vide \u00e9motionnel<\/a> profond<\/li>\r\n\r\n\r\n\r\n<li>Peur irrationnelle li\u00e9e directement \u00e0 l&rsquo;\u00e9v\u00e9nement v\u00e9cu<\/li>\r\n\r\n\r\n\r\n<li><a href=\"https:\/\/cliniclesalpes.com\/fr\/blog\/angoisse-matinale\/\" target=\"_blank\" rel=\"noreferrer noopener\">Angoisse matinale<\/a> particuli\u00e8rement intense au r\u00e9veil<\/li>\r\n<\/ul>\r\n\r\n\r\n\r\n<h3 class=\"wp-block-heading\">Les sympt\u00f4mes physiques et comportementaux<\/h3>\r\n\r\n\r\n\r\n<p class=\"wp-block-paragraph\"><strong>Le corps exprime la d\u00e9tresse psychique \u00e0 travers diverses manifestations physiques<\/strong> qui accompagnent les changements de comportement:<\/p>\r\n\r\n\r\n\r\n<ul class=\"wp-block-list\">\r\n<li>Troubles du sommeil: insomnies persistantes ou hypersomnies compensatoires<\/li>\r\n\r\n\r\n\r\n<li>R\u00e9actions de sursaut exag\u00e9r\u00e9es au moindre bruit ou mouvement brusque<\/li>\r\n\r\n\r\n\r\n<li>Fatigue chronique inexpliqu\u00e9e par l&rsquo;activit\u00e9 physique<\/li>\r\n\r\n\r\n\r\n<li>Douleurs musculaires, maux de t\u00eate et tensions corporelles persistantes<\/li>\r\n\r\n\r\n\r\n<li>Probl\u00e8mes digestifs r\u00e9currents: naus\u00e9es, diarrh\u00e9es, constipation<\/li>\r\n\r\n\r\n\r\n<li>\u00c9vitement des situations, lieux ou personnes rappelant le trauma<\/li>\r\n\r\n\r\n\r\n<li>Isolement social progressif et retrait des activit\u00e9s autrefois appr\u00e9ci\u00e9es<\/li>\r\n\r\n\r\n\r\n<li>Certains patients<a href=\"https:\/\/cliniclesalpes.com\/fr\/blog\/manger-ses-emotions-comprendre-et-surmonter-cette-reaction\/\" target=\"_blank\" rel=\"noreferrer noopener\"> mangent leurs \u00e9motions<\/a> comme m\u00e9canisme d&rsquo;auto-apaisement<\/li>\r\n<\/ul>\r\n\r\n\r\n\r\n<h3 class=\"wp-block-heading\">Le trouble de stress post-traumatique (TSPT)<\/h3>\r\n\r\n\r\n\r\n<p class=\"wp-block-paragraph\">Le TSPT repr\u00e9sente la forme clinique la plus reconnue du traumatisme psychologique. Le m\u00e9decin psychiatre identifie ce syndrome \u00e0 partir de quatre cat\u00e9gories de sympt\u00f4mes:\u00a0<\/p>\r\n\r\n\r\n\r\n<ul class=\"wp-block-list\">\r\n<li>Les reviviscences\u00a0<\/li>\r\n\r\n\r\n\r\n<li>L&rsquo;\u00e9vitement<\/li>\r\n\r\n\r\n\r\n<li>Les alt\u00e9rations cognitives\/\u00e9motionnelles n\u00e9gatives<\/li>\r\n\r\n\r\n\r\n<li>L&rsquo;hyperr\u00e9activit\u00e9<\/li>\r\n<\/ul>\r\n\r\n\r\n\r\n<p class=\"wp-block-paragraph\">Sa prise en charge th\u00e9rapeutique exige des m\u00e9thodes sp\u00e9cialis\u00e9es comme la th\u00e9rapie EMDR ou la TCC, adapt\u00e9es \u00e0 chaque patient.\u00a0<\/p>\r\n\r\n\r\n\r\n<p class=\"wp-block-paragraph\">La psycho\u00e9ducation joue aussi un r\u00f4le essentiel dans le processus de gu\u00e9rison.<\/p>\r\n\r\n\r\n\r\n<figure class=\"wp-block-image size-full\"><img decoding=\"async\" class=\"wp-image-100016\" src=\"https:\/\/cliniclesalpes.com\/wp-content\/uploads\/2025\/09\/image-11.png\" alt=\"\" \/><\/figure>\r\n\r\n\r\n\r\n<h2 class=\"wp-block-heading\">Les approches th\u00e9rapeutiques reconnues<\/h2>\r\n\r\n\r\n\r\n<p class=\"wp-block-paragraph\">Face aux sympt\u00f4mes du traumatisme psychologique, plusieurs m\u00e9thodes th\u00e9rapeutiques ont prouv\u00e9 leur efficacit\u00e9.\u00a0<\/p>\r\n\r\n\r\n\r\n<p class=\"wp-block-paragraph\">Ces traitements aident les victimes \u00e0 surmonter leurs exp\u00e9riences traumatisantes en ciblant \u00e0 la fois les pens\u00e9es, les \u00e9motions et les comportements li\u00e9s au trauma.<\/p>\r\n\r\n\r\n\r\n<h3 class=\"wp-block-heading\">La th\u00e9rapie EMDR (Eye Movement Desensitization and Reprocessing)<\/h3>\r\n\r\n\r\n\r\n<p class=\"wp-block-paragraph\">D\u00e9couverte par Francine Shapiro en 1987, la th\u00e9rapie EMDR (Eye Movement Desensitization and Reprocessing) am\u00e9liore le traitement des traumatismes psychiques.<\/p>\r\n\r\n\r\n\r\n<p class=\"wp-block-paragraph\">Cette m\u00e9thode utilise des mouvements oculaires bilat\u00e9raux altern\u00e9s de gauche \u00e0 droite, similaires \u00e0 ceux observ\u00e9s durant le sommeil paradoxal. Le praticien guide le patient \u00e0 suivre sa main des yeux tout en se concentrant sur le souvenir traumatisant.\u00a0<\/p>\r\n\r\n\r\n\r\n<div class=\"snippet-bait\">\r\n<p>Ce processus active simultan\u00e9ment les deux h\u00e9misph\u00e8res c\u00e9r\u00e9braux et facilite le retraitement des informations bloqu\u00e9es<\/p>\r\n<\/div>\r\n\r\n\r\n\r\n<p class=\"wp-block-paragraph\">Une s\u00e9ance d&rsquo;EMDR suit un protocole structur\u00e9 en plusieurs phases. La dur\u00e9e varie selon les besoins individuels et le th\u00e9rapeute ajuste le nombre de s\u00e9ances n\u00e9cessaires \u00e0 chaque situation.\u00a0<\/p>\r\n\r\n\r\n\r\n<p class=\"wp-block-paragraph\">Cette th\u00e9rapie peut apporter des changements positifs chez les patients, avec une am\u00e9lioration progressive de la gestion des souvenirs traumatiques au fil du processus th\u00e9rapeutique.<\/p>\r\n\r\n\r\n\r\n<h3 class=\"wp-block-heading\">Les th\u00e9rapies cognitivo-comportementales (TCC)<\/h3>\r\n\r\n\r\n\r\n<p class=\"wp-block-paragraph\">Les th\u00e9rapies cognitivo-comportementales constituent une ressource th\u00e9rapeutique majeure dans le traitement du traumatisme psychique. Ces m\u00e9thodes structur\u00e9es agissent directement sur les pens\u00e9es n\u00e9gatives et les comportements d&rsquo;\u00e9vitement.<\/p>\r\n\r\n\r\n\r\n<table class=\"redac-table\">\r\n<thead>\r\n<tr>\r\n<th>Principe de la TCC<\/th>\r\n<th>Technique utilis\u00e9e<\/th>\r\n<th>B\u00e9n\u00e9fice pour le patient<\/th>\r\n<\/tr>\r\n<\/thead>\r\n<tbody>\r\n<tr>\r\n<td>Identification des pens\u00e9es dysfonctionnelles<\/td>\r\n<td data-label=\"Technique utilis\u00e9e\">Journal des pens\u00e9es automatiques<\/td>\r\n<td data-label=\"B\u00e9n\u00e9fice pour le patient\">Prise de conscience des fausses croyances li\u00e9es au trauma<\/td>\r\n<\/tr>\r\n<tr>\r\n<td>Restructuration cognitive<\/td>\r\n<td data-label=\"Technique utilis\u00e9e\">Questionnement socratique et analyse des preuves<\/td>\r\n<td data-label=\"B\u00e9n\u00e9fice pour le patient\">Modification des interpr\u00e9tations n\u00e9gatives de l&rsquo;\u00e9v\u00e9nement traumatisant<\/td>\r\n<\/tr>\r\n<tr>\r\n<td>Exposition progressive<\/td>\r\n<td data-label=\"Technique utilis\u00e9e\">Confrontation graduelle aux situations \u00e9vit\u00e9es<\/td>\r\n<td data-label=\"B\u00e9n\u00e9fice pour le patient\">Diminution de l&rsquo;anxi\u00e9t\u00e9 et des comportements d&rsquo;\u00e9vitement<\/td>\r\n<\/tr>\r\n<tr>\r\n<td>Relaxation appliqu\u00e9e<\/td>\r\n<td data-label=\"Technique utilis\u00e9e\">Techniques de respiration et de d\u00e9tente musculaire<\/td>\r\n<td data-label=\"B\u00e9n\u00e9fice pour le patient\">R\u00e9duction des r\u00e9actions physiologiques du stress<\/td>\r\n<\/tr>\r\n<tr>\r\n<td>Psycho\u00e9ducation<\/td>\r\n<td data-label=\"Technique utilis\u00e9e\">Information sur les m\u00e9canismes du traumatisme<\/td>\r\n<td data-label=\"B\u00e9n\u00e9fice pour le patient\">Compr\u00e9hension et normalisation des r\u00e9actions post-traumatiques<\/td>\r\n<\/tr>\r\n<\/tbody>\r\n<\/table>\r\n\r\n\r\n\r\n<h3 class=\"wp-block-heading\">Les autres approches th\u00e9rapeutiques efficaces<\/h3>\r\n\r\n\r\n\r\n<p class=\"wp-block-paragraph\">Au-del\u00e0 de l&rsquo;EMDR et des TCC, plusieurs autres m\u00e9thodes th\u00e9rapeutiques ont d\u00e9montr\u00e9 leur utilit\u00e9 dans le traitement des traumatismes. Ces visions compl\u00e9mentaires s&rsquo;adaptent aux besoins sp\u00e9cifiques de chaque personne:<\/p>\r\n\r\n\r\n\r\n<ul class=\"wp-block-list\">\r\n<li><strong>Th\u00e9rapie psychodynamique br\u00e8ve<\/strong>: centr\u00e9e sur la compr\u00e9hension profonde du traumatisme et son sens dans l&rsquo;histoire personnelle<\/li>\r\n\r\n\r\n\r\n<li><strong>Pharmacoth\u00e9rapie<\/strong>: utilisation de m\u00e9dicaments (antid\u00e9presseurs, anxiolytiques) prescrits par un m\u00e9decin psychiatre pour soulager les sympt\u00f4mes aigus<\/li>\r\n\r\n\r\n\r\n<li><strong>Th\u00e9rapie d&rsquo;exposition narrative<\/strong>: r\u00e9cit d\u00e9taill\u00e9 et chronologique de l&rsquo;exp\u00e9rience traumatique pour l&rsquo;int\u00e9grer \u00e0 l&rsquo;histoire de vie<\/li>\r\n\r\n\r\n\r\n<li><strong>Th\u00e9rapie des processus corporels<\/strong>: techniques somatiques visant \u00e0 lib\u00e9rer les tensions physiques associ\u00e9es au trauma<\/li>\r\n\r\n\r\n\r\n<li><strong>Pleine conscience et m\u00e9ditation<\/strong>: exercices pratiques d&rsquo;ancrage dans le pr\u00e9sent pour r\u00e9duire la d\u00e9tresse \u00e9motionnelle<\/li>\r\n<\/ul>\r\n\r\n\r\n\r\n<figure class=\"wp-block-image size-full\"><img decoding=\"async\" class=\"wp-image-100017\" src=\"https:\/\/cliniclesalpes.com\/wp-content\/uploads\/2025\/09\/image-12.png\" alt=\"\" \/><\/figure>\r\n\r\n\r\n\r\n<h2 class=\"wp-block-heading\">Le parcours th\u00e9rapeutique pour surmonter un traumatisme<\/h2>\r\n\r\n\r\n\r\n<p class=\"wp-block-paragraph\">La gu\u00e9rison d&rsquo;un trauma ressemble au processus d\u00e9crit dans<a href=\"https:\/\/cliniclesalpes.com\/fr\/blog\/les-7-phases-de-la-rupture-de-la-douleur-a-la-reconstruction\/\" target=\"_blank\" rel=\"noreferrer noopener\"> les 7 phases de la rupture<\/a>\u00a0: du choc initial \u00e0 la reconstruction.\u00a0<\/p>\r\n\r\n\r\n\r\n<p class=\"wp-block-paragraph\">Ce cheminement exige du temps, de la patience et un accompagnement professionnel adapt\u00e9.<\/p>\r\n\r\n\r\n\r\n<h3 class=\"wp-block-heading\">Quand et comment consulter un professionnel\u00a0?<\/h3>\r\n\r\n\r\n\r\n<p class=\"wp-block-paragraph\">Les signes qui indiquent la n\u00e9cessit\u00e9 de consulter apparaissent lorsque la souffrance persiste au-del\u00e0 de quelques mois ou lorsque votre qualit\u00e9 de vie se d\u00e9grade significativement.\u00a0<\/p>\r\n\r\n\r\n\r\n<p class=\"wp-block-paragraph\">Des flashbacks r\u00e9currents, un \u00e9tat anxieux permanent ou une d\u00e9pression suite \u00e0 un accident ou une catastrophe justifient une prise en charge rapide.<\/p>\r\n\r\n\r\n\r\n<p class=\"wp-block-paragraph\">La premi\u00e8re d\u00e9marche consiste souvent \u00e0 parler \u00e0 votre m\u00e9decin g\u00e9n\u00e9raliste qui vous orientera vers un sp\u00e9cialiste\u00a0: psychiatre ou psychologue form\u00e9 aux traumatismes.\u00a0<\/p>\r\n\r\n\r\n\r\n<p class=\"wp-block-paragraph\">Lors du premier rendez-vous, n&rsquo;h\u00e9sitez pas \u00e0 poser vos questions sur la m\u00e9thode th\u00e9rapeutique propos\u00e9e et la dur\u00e9e estim\u00e9e du traitement.<\/p>\r\n\r\n\r\n\r\n<h3 class=\"wp-block-heading\">Les \u00e9tapes du processus th\u00e9rapeutique<\/h3>\r\n\r\n\r\n\r\n<p class=\"wp-block-paragraph\">Le traitement d&rsquo;un traumatisme psychologique suit g\u00e9n\u00e9ralement un parcours structur\u00e9 en plusieurs phases qui s&rsquo;adaptent au rythme et aux besoins sp\u00e9cifiques de chaque patient\u00a0:<\/p>\r\n\r\n\r\n\r\n<ul class=\"wp-block-list\">\r\n<li><strong>Phase de s\u00e9curisation et stabilisation<\/strong>\u00a0: \u00e9tablissement d&rsquo;une relation de confiance avec le th\u00e9rapeute, apprentissage des techniques de gestion du stress et des \u00e9motions difficiles<\/li>\r\n\r\n\r\n\r\n<li><strong>Phase d&rsquo;\u00e9valuation<\/strong>\u00a0: analyse d\u00e9taill\u00e9e de l&rsquo;\u00e9v\u00e9nement traumatisant, mesure de son impact sur votre vie quotidienne, identification des ressources personnelles<\/li>\r\n\r\n\r\n\r\n<li><strong>Phase de psycho\u00e9ducation<\/strong>\u00a0: compr\u00e9hension des m\u00e9canismes du PTSD et normalisation des r\u00e9actions post-traumatiques<\/li>\r\n\r\n\r\n\r\n<li><strong>Phase de traitement actif<\/strong>\u00a0: travail direct sur le souvenir traumatique via EMDR ou th\u00e9rapie cognitive<\/li>\r\n\r\n\r\n\r\n<li><strong>Phase d&rsquo;int\u00e9gration<\/strong>\u00a0: reconstruction du sens, acceptation de l&rsquo;exp\u00e9rience v\u00e9cue dans votre histoire personnelle<\/li>\r\n\r\n\r\n\r\n<li><strong>Phase de consolidation<\/strong>\u00a0: renforcement des acquis th\u00e9rapeutiques et pr\u00e9vention des rechutes<\/li>\r\n<\/ul>\r\n\r\n\r\n\r\n<h3 class=\"wp-block-heading\">L&rsquo;accompagnement th\u00e9rapeutique \u00e0 Clinic Les Alpes<\/h3>\r\n\r\n\r\n\r\n<p class=\"wp-block-paragraph\">\u00c0 <strong>Clinic Les Alpes<\/strong>, l&rsquo;\u00e9quipe multidisciplinaire propose une prise en charge globale du traumatisme psychologique.\u00a0<\/p>\r\n\r\n\r\n\r\n<p class=\"wp-block-paragraph\">La clinique offre un cadre apaisant en pleine nature, id\u00e9al pour s&rsquo;\u00e9loigner des \u00e9l\u00e9ments d\u00e9clencheurs du quotidien.\u00a0<\/p>\r\n\r\n\r\n\r\n<p class=\"wp-block-paragraph\">Chaque jour, les patients b\u00e9n\u00e9ficient de s\u00e9ances individuelles personnalis\u00e9es avec des psychologues sp\u00e9cialis\u00e9s, combinant diff\u00e9rentes approches th\u00e9rapeutiques.<\/p>\r\n\r\n\r\n\r\n<p class=\"wp-block-paragraph\">L&rsquo;\u00e9tablissement traite aussi bien les troubles traumatiques aigus que les formes chroniques, souvent associ\u00e9s \u00e0 d&rsquo;autres probl\u00e9matiques comme le<a href=\"https:\/\/cliniclesalpes.com\/fr\/blog\/comprendre-le-mal-etre-et-comment-clinic-les-alpes-peut-vous-aider\/\" target=\"_blank\" rel=\"noreferrer noopener\"> mal-\u00eatre<\/a> ou certaines d\u00e9pendances d\u00e9velopp\u00e9es comme m\u00e9canisme de coping.\u00a0<\/p>\r\n\r\n\r\n\r\n<p class=\"wp-block-paragraph\">Le soutien \u00e9motionnel constant et l&rsquo;environnement s\u00e9curisant favorisent une lib\u00e9ration progressive des blessures psychiques.<\/p>\r\n\r\n\r\n\r\n<div class=\"snippet-bait\">\r\n<p><a href=\"https:\/\/cliniclesalpes.com\/fr\/traitement-et-therapies\/\">D\u00e9couvrez nos traitements et th\u00e9rapies<\/a><\/p>\r\n<\/div>\r\n\r\n\r\n\r\n<figure class=\"wp-block-image size-full\"><img decoding=\"async\" class=\"wp-image-100018\" src=\"https:\/\/cliniclesalpes.com\/wp-content\/uploads\/2025\/09\/image-13.png\" alt=\"\" \/><\/figure>\r\n\r\n\r\n\r\n<h2 class=\"wp-block-heading\">Les strat\u00e9gies d&rsquo;auto-soin compl\u00e9mentaires<\/h2>\r\n\r\n\r\n\r\n<p class=\"wp-block-paragraph\">Diverses techniques d&rsquo;auto-soin aident \u00e0 g\u00e9rer les sympt\u00f4mes au quotidien. Ces ressources personnelles ne remplacent jamais une psychoth\u00e9rapie, mais compl\u00e8tent efficacement le processus de gu\u00e9rison.<a href=\"https:\/\/cliniclesalpes.com\/fr\/blog\/prendre-de-la-distance-pour-se-proteger\/\">\u00a0<\/a><\/p>\r\n\r\n\r\n\r\n<p class=\"wp-block-paragraph\"><a href=\"https:\/\/cliniclesalpes.com\/fr\/blog\/prendre-de-la-distance-pour-se-proteger\/\" target=\"_blank\" rel=\"noreferrer noopener\">Prendre de la distance pour se prot\u00e9ger<\/a> \u00e9motionnellement devient alors une strat\u00e9gie fondamentale.<\/p>\r\n\r\n\r\n\r\n<h3 class=\"wp-block-heading\">Les techniques de gestion du stress et de l&rsquo;anxi\u00e9t\u00e9<\/h3>\r\n\r\n\r\n\r\n<p class=\"wp-block-paragraph\">Le contr\u00f4le des r\u00e9actions anxieuses li\u00e9es au syndrome de stress post-traumatique passe par des exercices pratiques quotidiens.\u00a0<\/p>\r\n\r\n\r\n\r\n<p class=\"wp-block-paragraph\">Ces m\u00e9thodes agissent directement sur le syst\u00e8me nerveux et aident \u00e0 retrouver un sentiment de s\u00e9curit\u00e9 int\u00e9rieure\u00a0:<\/p>\r\n\r\n\r\n\r\n<ul class=\"wp-block-list\">\r\n<li><strong>Techniques de respiration profonde<\/strong>\u00a0: ces exercices r\u00e9gulent le rythme respiratoire et activent le syst\u00e8me parasympathique, responsable de la d\u00e9tente du corps<\/li>\r\n\r\n\r\n\r\n<li><strong>M\u00e9ditation de pleine conscience<\/strong>\u00a0: cette pratique consiste \u00e0 porter attention au moment pr\u00e9sent sans jugement, r\u00e9duisant ainsi l&rsquo;impact des souvenirs traumatiques<\/li>\r\n\r\n\r\n\r\n<li><strong>Relaxation musculaire progressive<\/strong>\u00a0: cette m\u00e9thode vise \u00e0 prendre conscience des tensions corporelles et \u00e0 les rel\u00e2cher d\u00e9lib\u00e9r\u00e9ment pour diminuer l&rsquo;anxi\u00e9t\u00e9<\/li>\r\n\r\n\r\n\r\n<li><strong>Exercices d&rsquo;ancrage sensoriel<\/strong>\u00a0: ces techniques reconnectent la personne \u00e0 l&rsquo;environnement imm\u00e9diat via les cinq sens, particuli\u00e8rement utiles lors de flashbacks<\/li>\r\n\r\n\r\n\r\n<li><strong>Journal th\u00e9rapeutique<\/strong>\u00a0: l&rsquo;\u00e9criture expressive aide \u00e0 organiser les pens\u00e9es confuses et \u00e0 ext\u00e9rioriser les \u00e9motions difficiles sans n\u00e9cessairement les partager<\/li>\r\n<\/ul>\r\n\r\n\r\n\r\n<h3 class=\"wp-block-heading\">L&rsquo;importance du soutien social et familial<\/h3>\r\n\r\n\r\n\r\n<p class=\"wp-block-paragraph\">L&rsquo;entourage joue un r\u00f4le majeur dans le r\u00e9tablissement d&rsquo;une personne traumatis\u00e9e.\u00a0<\/p>\r\n\r\n\r\n\r\n<p class=\"wp-block-paragraph\"><strong>Les proches peuvent devenir de v\u00e9ritables alli\u00e9s th\u00e9rapeutiques<\/strong> quand ils adoptent ces attitudes soutenantes\u00a0:<\/p>\r\n\r\n\r\n\r\n<ul class=\"wp-block-list\">\r\n<li>Pratiquez l&rsquo;\u00e9coute active sans interruption ni jugement lorsque la personne souhaite parler de son traumatisme<\/li>\r\n\r\n\r\n\r\n<li>Respectez les limites et les temps de silence, sans forcer la communication ou exiger des t\u00e9moignages d\u00e9taill\u00e9s<\/li>\r\n\r\n\r\n\r\n<li>\u00c9vitez les phrases banalisant la souffrance comme \u00ab\u00a0tu dois passer \u00e0 autre chose\u00a0\u00bb ou \u00ab\u00a0d&rsquo;autres ont v\u00e9cu pire\u00a0\u00bb<\/li>\r\n\r\n\r\n\r\n<li>Proposez une aide concr\u00e8te dans les t\u00e2ches quotidiennes durant les p\u00e9riodes difficiles<\/li>\r\n\r\n\r\n\r\n<li>Encouragez les petites victoires et les progr\u00e8s, m\u00eame minimes, tout au long du processus de gu\u00e9rison<\/li>\r\n<\/ul>\r\n\r\n\r\n\r\n<h3 class=\"wp-block-heading\">Les activit\u00e9s qui favorisent la r\u00e9silience<\/h3>\r\n\r\n\r\n\r\n<p class=\"wp-block-paragraph\">La reconstruction de la confiance en soi apr\u00e8s un choc traumatique n\u00e9cessite des activit\u00e9s r\u00e9guli\u00e8res qui nourrissent le sens et la connexion \u00e0 la vie.\u00a0<\/p>\r\n\r\n\r\n\r\n<p class=\"wp-block-paragraph\"><strong>L&rsquo;exercice physique<\/strong> mod\u00e9r\u00e9 stimule la production d&rsquo;endorphines et aide \u00e0 d\u00e9passer le sentiment d&rsquo;impuissance.\u00a0<\/p>\r\n\r\n\r\n\r\n<p class=\"wp-block-paragraph\"><strong>Les pratiques cr\u00e9atives<\/strong> comme la peinture, l&rsquo;\u00e9criture ou la musique offrent un moyen d&rsquo;expression des \u00e9motions difficiles \u00e0 verbaliser.\u00a0<\/p>\r\n\r\n\r\n\r\n<p class=\"wp-block-paragraph\"><strong>Le contact avec la nature<\/strong> procure un effet apaisant sur l&rsquo;anxi\u00e9t\u00e9, tandis que l&rsquo;engagement dans une cause sociale transforme l&rsquo;exp\u00e9rience douloureuse en action positive.\u00a0<\/p>\r\n\r\n\r\n\r\n<p class=\"wp-block-paragraph\">Chacune de ces activit\u00e9s renforce la r\u00e9silience et participe \u00e0 reconstruire, \u00e9tape par \u00e9tape, une nouvelle relation \u00e0 soi et au monde.<\/p>\r\n\r\n\r\n\r\n<h2 class=\"wp-block-heading\">Le processus de reconstruction apr\u00e8s un traumatisme<\/h2>\r\n\r\n\r\n\r\n<p class=\"wp-block-paragraph\">Une phase de reconstruction personnelle attend chaque victime de traumatisme. Cette \u00e9tape se r\u00e9v\u00e8le fondamentale dans le processus de gu\u00e9rison.\u00a0<\/p>\r\n\r\n\r\n\r\n<p class=\"wp-block-paragraph\">La croissance post-traumatique traduit cette capacit\u00e9 humaine \u00e0 se reconstruire et \u00e0 transformer une blessure profonde en opportunit\u00e9 d&rsquo;\u00e9volution.<\/p>\r\n\r\n\r\n\r\n<h3 class=\"wp-block-heading\">Accepter et int\u00e9grer l&rsquo;exp\u00e9rience traumatique<\/h3>\r\n\r\n\r\n\r\n<p class=\"wp-block-paragraph\">L&rsquo;acceptation ne signifie pas r\u00e9signation, mais<strong> reconnaissance de la r\u00e9alit\u00e9 du traumatisme v\u00e9cu<\/strong>.\u00a0<\/p>\r\n\r\n\r\n\r\n<p class=\"wp-block-paragraph\">Ce moment marque un tournant dans le processus de gu\u00e9rison et ouvre la porte \u00e0 l&rsquo;int\u00e9gration de l&rsquo;\u00e9v\u00e9nement dans l&rsquo;histoire personnelle\u00a0:<\/p>\r\n\r\n\r\n\r\n<ul class=\"wp-block-list\">\r\n<li>Reconna\u00eetre l&rsquo;impact du choc traumatique sur votre sant\u00e9 mentale sans minimiser ni exag\u00e9rer ses cons\u00e9quences<\/li>\r\n\r\n\r\n\r\n<li>Abandonner progressivement la question \u00ab\u00a0pourquoi moi?\u00a0\u00bb au profit de \u00ab\u00a0comment avancer malgr\u00e9 cela?\u00a0\u00bb<\/li>\r\n\r\n\r\n\r\n<li>Partager votre t\u00e9moignage avec des proches ou lors de groupes de parole quand vous vous sentez pr\u00eat<\/li>\r\n\r\n\r\n\r\n<li>Contextualiser l&rsquo;\u00e9v\u00e9nement dans votre parcours de vie sans le laisser d\u00e9finir votre identit\u00e9 compl\u00e8te<\/li>\r\n\r\n\r\n\r\n<li>Chercher un sens personnel \u00e0 cette exp\u00e9rience, m\u00eame si cela prend du temps et n\u00e9cessite un accompagnement<\/li>\r\n<\/ul>\r\n\r\n\r\n\r\n<h3 class=\"wp-block-heading\">Red\u00e9finir son identit\u00e9 et ses valeurs<\/h3>\r\n\r\n\r\n\r\n<p class=\"wp-block-paragraph\">Le traumatisme \u00e9branle souvent nos croyances fondamentales et provoque <a href=\"https:\/\/cliniclesalpes.com\/fr\/blog\/perte-de-sens\/\" target=\"_blank\" rel=\"noreferrer noopener\">une perte de sens<\/a> profonde.\u00a0<\/p>\r\n\r\n\r\n\r\n<p class=\"wp-block-paragraph\">Paradoxalement, cette d\u00e9stabilisation devient parfois <strong>le point de d\u00e9part d&rsquo;une transformation positive de l&rsquo;identit\u00e9<\/strong>\u00a0:<\/p>\r\n\r\n\r\n\r\n<ul class=\"wp-block-list\">\r\n<li>R\u00e9\u00e9valuer vos priorit\u00e9s et valeurs \u00e0 la lumi\u00e8re de cette \u00e9preuve difficile<\/li>\r\n\r\n\r\n\r\n<li>D\u00e9couvrir des ressources personnelles insoup\u00e7onn\u00e9es, mobilis\u00e9es pendant la p\u00e9riode post-traumatique<\/li>\r\n\r\n\r\n\r\n<li>D\u00e9velopper une plus grande compassion envers vous-m\u00eame et les autres qui traversent des \u00e9preuves<\/li>\r\n\r\n\r\n\r\n<li>Approfondir vos relations avec vos proches, en appr\u00e9ciant davantage la valeur des liens authentiques<\/li>\r\n\r\n\r\n\r\n<li>Adopter une nouvelle perspective sur la vie, moins centr\u00e9e sur les aspects superficiels ou mat\u00e9riels<\/li>\r\n<\/ul>\r\n\r\n\r\n\r\n<h3 class=\"wp-block-heading\">Vers une nouvelle vie apr\u00e8s le traumatisme<\/h3>\r\n\r\n\r\n\r\n<p class=\"wp-block-paragraph\">La reconstruction post-traumatique ouvre sur un avenir diff\u00e9rent mais riche. De nombreux exemples attestent de cette capacit\u00e9 humaine \u00e0 se reconstruire apr\u00e8s les pires \u00e9preuves\u00a0:<\/p>\r\n\r\n\r\n\r\n<ul class=\"wp-block-list\">\r\n<li>\u00c9tablir de nouveaux objectifs de vie align\u00e9s avec vos valeurs red\u00e9couvertes ou renforc\u00e9es<\/li>\r\n\r\n\r\n\r\n<li>Apprendre \u00e0 savourer les petits bonheurs quotidiens avec une conscience accrue du caract\u00e8re pr\u00e9cieux de la vie<\/li>\r\n\r\n\r\n\r\n<li>Transmettre votre exp\u00e9rience pour aider d&rsquo;autres personnes confront\u00e9es \u00e0 des traumas similaires<\/li>\r\n\r\n\r\n\r\n<li>Cultiver la gratitude envers les \u00e9l\u00e9ments positifs pr\u00e9sents malgr\u00e9 la douleur du pass\u00e9<\/li>\r\n\r\n\r\n\r\n<li>R\u00e9investir votre \u00e9nergie dans des projets porteurs de sens et cr\u00e9ateurs de liens sociaux<\/li>\r\n<\/ul>\r\n\r\n\r\n\r\n<h2 class=\"wp-block-heading\">Conclure pour surmonter un traumatisme psychologique<\/h2>\r\n\r\n\r\n\r\n<p class=\"wp-block-paragraph\">Votre traumatisme ne vous d\u00e9finit pas\u00a0! Il n&rsquo;est qu&rsquo;une partie de votre histoire, pas sa fin.\u00a0<\/p>\r\n\r\n\r\n\r\n<p class=\"wp-block-paragraph\">La psychologie cognitive et les t\u00e9moignages de gu\u00e9rison prouvent que d\u00e9passer ce choc reste possible avec le bon accompagnement th\u00e9rapeutique.\u00a0<\/p>\r\n\r\n\r\n\r\n<p class=\"wp-block-paragraph\"><strong>\u00c0 Clinic Les Alpes, nos praticiens sp\u00e9cialis\u00e9s dans le traitement du PTSD<\/strong> vous aident \u00e0 remonter la pente, en suivant une mani\u00e8re pr\u00e9cise et personnalis\u00e9e d&rsquo;aborder vos ressentis.\u00a0<\/p>\r\n\r\n\r\n\r\n<p class=\"wp-block-paragraph\">La th\u00e9rapie ne consiste pas \u00e0 effacer le pass\u00e9, mais \u00e0 lui donner une place qui ne vous emp\u00eache plus d&rsquo;avancer.\u00a0<\/p>\r\n\r\n\r\n\r\n<p class=\"wp-block-paragraph\">Faites le premier pas vers cette lib\u00e9ration et nous serons \u00e0 vos c\u00f4t\u00e9s pour chaque \u00e9tape suivante.<\/p>\r\n\r\n\r\n\r\n<div class=\"snippet-bait\">\r\n<p><a href=\"https:\/\/cliniclesalpes.com\/fr\/contactez-nous\/\">Demandez conseil pour sortir de votre traumatisme<\/a><\/p>\r\n<\/div>\r\n","protected":false},"excerpt":{"rendered":"<p>Un cauchemar r\u00e9current, des sursauts au moindre bruit ou une sensation d&rsquo;angoisse sans fin\u00a0! Voil\u00e0 le v\u00e9cu quotidien d&rsquo;une personne marqu\u00e9e par un traumatisme psychologique.\u00a0 Cette empreinte mentale bouleverse l&rsquo;existence enti\u00e8re\u00a0: relations familiales fragilis\u00e9es, carri\u00e8re professionnelle en p\u00e9ril, sant\u00e9 physique d\u00e9t\u00e9rior\u00e9e.\u00a0 Pourtant, l&rsquo;espoir existe. Des milliers de victimes ont r\u00e9ussi \u00e0 surmonter un traumatisme psychologique [&hellip;]<\/p>\n","protected":false},"author":1,"featured_media":114009,"comment_status":"closed","ping_status":"closed","sticky":false,"template":"","format":"standard","meta":{"_acf_changed":false,"footnotes":""},"categories":[117],"tags":[],"class_list":["post-100013","post","type-post","status-publish","format-standard","has-post-thumbnail","hentry","category-sante-mentale-et-bien-etre"],"acf":[],"_links":{"self":[{"href":"https:\/\/cliniclesalpes.com\/fr\/wp-json\/wp\/v2\/posts\/100013","targetHints":{"allow":["GET"]}}],"collection":[{"href":"https:\/\/cliniclesalpes.com\/fr\/wp-json\/wp\/v2\/posts"}],"about":[{"href":"https:\/\/cliniclesalpes.com\/fr\/wp-json\/wp\/v2\/types\/post"}],"author":[{"embeddable":true,"href":"https:\/\/cliniclesalpes.com\/fr\/wp-json\/wp\/v2\/users\/1"}],"replies":[{"embeddable":true,"href":"https:\/\/cliniclesalpes.com\/fr\/wp-json\/wp\/v2\/comments?post=100013"}],"version-history":[{"count":3,"href":"https:\/\/cliniclesalpes.com\/fr\/wp-json\/wp\/v2\/posts\/100013\/revisions"}],"predecessor-version":[{"id":114014,"href":"https:\/\/cliniclesalpes.com\/fr\/wp-json\/wp\/v2\/posts\/100013\/revisions\/114014"}],"wp:featuredmedia":[{"embeddable":true,"href":"https:\/\/cliniclesalpes.com\/fr\/wp-json\/wp\/v2\/media\/114009"}],"wp:attachment":[{"href":"https:\/\/cliniclesalpes.com\/fr\/wp-json\/wp\/v2\/media?parent=100013"}],"wp:term":[{"taxonomy":"category","embeddable":true,"href":"https:\/\/cliniclesalpes.com\/fr\/wp-json\/wp\/v2\/categories?post=100013"},{"taxonomy":"post_tag","embeddable":true,"href":"https:\/\/cliniclesalpes.com\/fr\/wp-json\/wp\/v2\/tags?post=100013"}],"curies":[{"name":"wp","href":"https:\/\/api.w.org\/{rel}","templated":true}]}}