{"id":100021,"date":"2026-08-19T15:37:53","date_gmt":"2026-08-19T15:37:53","guid":{"rendered":"https:\/\/cliniclesalpes.com\/?p=100021"},"modified":"2026-08-19T17:27:22","modified_gmt":"2026-08-19T17:27:22","slug":"etapes-du-changement","status":"publish","type":"post","link":"https:\/\/cliniclesalpes.com\/fr\/blog\/2026\/08\/19\/etapes-du-changement\/","title":{"rendered":"Comprendre les \u00e9tapes du changement pour surmonter la r\u00e9sistance"},"content":{"rendered":"\r\n<p class=\"wp-block-paragraph\">Face \u00e0 la nouvelle situation, notre r\u00e9sistance au changement se manifeste par des comportements probl\u00e9matiques\u00a0: peur, d\u00e9pression, anxi\u00e9t\u00e9. Le processus d&rsquo;acceptation n\u00e9cessite parfois un accompagnement th\u00e9rapeutique personnalis\u00e9 pour transformer cette r\u00e9sistance en capacit\u00e9 d&rsquo;adaptation.\u00a0<\/p>\r\n\r\n\r\n\r\n<p class=\"wp-block-paragraph\">Changer consiste \u00e0 identifier chaque phase \u00e9motionnelle, du d\u00e9ni initial \u00e0 l&rsquo;int\u00e9gration finale. Les mod\u00e8les de K\u00fcbler-Ross, Prochaska et DiClemente, et Kotter apportent une vision claire des m\u00e9canismes psychologiques en jeu.\u00a0<\/p>\r\n\r\n\r\n\r\n<p class=\"wp-block-paragraph\">D\u00e9couvrez comment d\u00e9velopper une strat\u00e9gie pour g\u00e9rer la r\u00e9sistance et r\u00e9ussir votre transformation personnelle.<\/p>\r\n\r\n\r\n\r\n<h2 class=\"wp-block-heading\">Les fondements th\u00e9oriques des \u00e9tapes du changement<\/h2>\r\n\r\n\r\n\r\n<p class=\"wp-block-paragraph\">La compr\u00e9hension du processus de changement s&rsquo;appuie sur trois mod\u00e8les th\u00e9oriques majeurs, chacun d\u00e9crivant les phases travers\u00e9es par les individus ou les organisations.\u00a0<\/p>\r\n\r\n\r\n\r\n<p class=\"wp-block-paragraph\">Ces mod\u00e8les partagent des similitudes avec <a href=\"https:\/\/cliniclesalpes.com\/fr\/blog\/etapes-crise-existentielle\/\" target=\"_blank\" rel=\"noreferrer noopener\">les \u00e9tapes de la crise existentielle<\/a>.<\/p>\r\n\r\n\r\n\r\n<table class=\"redac-table\">\r\n<thead>\r\n<tr>\r\n<th>Mod\u00e8le<\/th>\r\n<th>\u00c9tapes cl\u00e9s<\/th>\r\n<th>Application<\/th>\r\n<\/tr>\r\n<\/thead>\r\n<tbody>\r\n<tr>\r\n<td>Mod\u00e8le transth\u00e9orique (Prochaska et DiClemente)<\/td>\r\n<td data-label=\"\u00c9tapes cl\u00e9s\">1. Pr\u00e9contemplation<br \/>2. Contemplation<br \/>3. Pr\u00e9paration<br \/>4. Action<br \/>5. Maintien<br \/>6. Terminaison<\/td>\r\n<td data-label=\"Application\">Changement de comportement individuel, addictions, habitudes de sant\u00e9<\/td>\r\n<\/tr>\r\n<tr>\r\n<td>Th\u00e9orie du changement (Kurt Lewin)<\/td>\r\n<td data-label=\"\u00c9tapes cl\u00e9s\">1. D\u00e9gel (d\u00e9stabilisation)<br \/>2. Mouvement (transition)<br \/>3. Regel (stabilisation)<\/td>\r\n<td data-label=\"Application\">Changement organisationnel, dynamiques de groupe, projets de transformation<\/td>\r\n<\/tr>\r\n<tr>\r\n<td>Mod\u00e8le \u00e0 huit \u00e9tapes (John Kotter)<\/td>\r\n<td data-label=\"\u00c9tapes cl\u00e9s\">1. Cr\u00e9er un sentiment d&rsquo;urgence<br \/>2. Former une coalition<br \/>3. D\u00e9velopper une vision<br \/>4. Communiquer la vision<br \/>5. Lever les obstacles<br \/>6. G\u00e9n\u00e9rer des victoires<br \/>7. Consolider les acquis<br \/>8. Ancrer les nouvelles pratiques<\/td>\r\n<td data-label=\"Application\">Conduite du changement en entreprise, transformation strat\u00e9gique, leading change<\/td>\r\n<\/tr>\r\n<\/tbody>\r\n<\/table>\r\n\r\n\r\n\r\n<p class=\"wp-block-paragraph\">Ces trois approches d\u00e9crivent un cheminement progressif face \u00e0 la nouvelle situation. Leur connaissance aide \u00e0 anticiper les phases de r\u00e9sistance pour mieux accompagner lors de la mise en \u0153uvre d&rsquo;une transformation, qu&rsquo;elle soit personnelle ou au sein d&rsquo;une organisation.<\/p>\r\n\r\n\r\n\r\n<h2 class=\"wp-block-heading\">Les phases \u00e9motionnelles face au changement<\/h2>\r\n\r\n\r\n\r\n<p class=\"wp-block-paragraph\">Au-del\u00e0 des mod\u00e8les th\u00e9oriques, le changement d\u00e9clenche une cascade de r\u00e9actions \u00e9motionnelles chez les personnes concern\u00e9es.\u00a0<\/p>\r\n\r\n\r\n\r\n<p class=\"wp-block-paragraph\">La courbe du deuil montre comment nous traversons des \u00e9tapes psychologiques similaires aux<a href=\"https:\/\/cliniclesalpes.com\/fr\/blog\/les-7-phases-de-la-rupture-de-la-douleur-a-la-reconstruction\/\" target=\"_blank\" rel=\"noreferrer noopener\"> 7 phases de la rupture<\/a>, marqu\u00e9es par la r\u00e9sistance avant l&rsquo;adaptation finale.<\/p>\r\n\r\n\r\n\r\n<h3 class=\"wp-block-heading\">La courbe \u00e9motionnelle du changement<\/h3>\r\n\r\n\r\n\r\n<p class=\"wp-block-paragraph\">La courbe \u00e9motionnelle du changement suit un parcours pr\u00e9visible d\u00e9crit par Elisabeth K\u00fcbler-Ross, psychiatre ayant \u00e9tabli le lien entre les phases du deuil et notre fa\u00e7on de r\u00e9agir \u00e0 toute transformation.\u00a0<\/p>\r\n\r\n\r\n\r\n<p class=\"wp-block-paragraph\">Chaque \u00e9tape correspond \u00e0 une r\u00e9action naturelle face \u00e0 la nouvelle situation.<\/p>\r\n\r\n\r\n\r\n<ul class=\"wp-block-list\">\r\n<li><strong>Phase de choc<\/strong>\u00a0: stupeur initiale face \u00e0 l&rsquo;annonce du changement, sensation de sid\u00e9ration<\/li>\r\n\r\n\r\n\r\n<li><strong>Phase de d\u00e9ni<\/strong>\u00a0: refus d&rsquo;accepter la r\u00e9alit\u00e9 du changement, maintien des habitudes ant\u00e9rieures<\/li>\r\n\r\n\r\n\r\n<li><strong>Phase de col\u00e8re<\/strong>\u00a0: frustration et irritation dirig\u00e9es contre les initiateurs du changement<\/li>\r\n\r\n\r\n\r\n<li><strong>Phase de marchandage<\/strong>\u00a0: tentatives de n\u00e9gociation pour pr\u00e9server certains aspects de la situation ant\u00e9rieure<\/li>\r\n\r\n\r\n\r\n<li><strong>Phase de tristesse\/d\u00e9pression<\/strong>\u00a0: prise de conscience de l&rsquo;in\u00e9vitabilit\u00e9 du changement, accompagn\u00e9e d&rsquo;un<a href=\"https:\/\/cliniclesalpes.com\/fr\/blog\/vide-emotionnel\/\" target=\"_blank\" rel=\"noreferrer noopener\"> vide \u00e9motionnel<\/a> temporaire<\/li>\r\n\r\n\r\n\r\n<li><strong>Phase d&rsquo;acceptation<\/strong>\u00a0: int\u00e9gration progressive de la nouvelle r\u00e9alit\u00e9<\/li>\r\n\r\n\r\n\r\n<li><strong>Phase d&rsquo;engagement<\/strong>\u00a0: implication active dans le nouveau contexte, recherche d&rsquo;opportunit\u00e9s<\/li>\r\n<\/ul>\r\n\r\n\r\n\r\n<h3 class=\"wp-block-heading\">Identifier et g\u00e9rer la r\u00e9sistance<\/h3>\r\n\r\n\r\n\r\n<p class=\"wp-block-paragraph\">La r\u00e9sistance au changement se manifeste sous diverses formes et n\u00e9cessite un accompagnement adapt\u00e9 pour faciliter la transition.\u00a0<\/p>\r\n\r\n\r\n\r\n<p class=\"wp-block-paragraph\">Certaines personnes d\u00e9veloppent m\u00eame <a href=\"https:\/\/cliniclesalpes.com\/fr\/blog\/angoisse-matinale\/\" target=\"_blank\" rel=\"noreferrer noopener\">une angoisse matinale<\/a> \u00e0 l&rsquo;id\u00e9e d&rsquo;affronter un environnement professionnel en mutation.<\/p>\r\n\r\n\r\n\r\n<p class=\"wp-block-paragraph\">Voici les diff\u00e9rentes r\u00e9sistances pouvant se produire avec les solutions d&rsquo;accompagnement et techniques pour les g\u00e9rer\u00a0:<\/p>\r\n\r\n\r\n\r\n<ul class=\"wp-block-list\">\r\n<li><strong>R\u00e9sistance passive<\/strong>\u00a0: absent\u00e9isme accru, baisse de productivit\u00e9, manque d&rsquo;enthousiasme pour les nouveaux projets<\/li>\r\n\r\n\r\n\r\n<li><strong>R\u00e9sistance active<\/strong>\u00a0: critiques ouvertes, remise en question syst\u00e9matique, formation de coalitions d&rsquo;opposition<\/li>\r\n\r\n\r\n\r\n<li><strong>R\u00e9sistance rationnelle<\/strong>\u00a0: questionnements sur la pertinence du changement, demandes de preuves et de justifications<\/li>\r\n\r\n\r\n\r\n<li><strong>R\u00e9sistance \u00e9motionnelle<\/strong>\u00a0: peur de l&rsquo;inconnu, sentiment de perte de contr\u00f4le, inqui\u00e9tude quant \u00e0 sa capacit\u00e9 d&rsquo;adaptation<\/li>\r\n\r\n\r\n\r\n<li><strong>Solutions d&rsquo;accompagnement<\/strong>\u00a0: formation cibl\u00e9e, communication transparente, reconnaissance des difficult\u00e9s, soutien personnalis\u00e9<\/li>\r\n\r\n\r\n\r\n<li><strong>Techniques de gestion<\/strong>\u00a0: \u00e9coute active des pr\u00e9occupations, implication des personnes dans le processus, c\u00e9l\u00e9bration des petites victoires, partage d&rsquo;exemples de r\u00e9ussite<\/li>\r\n<\/ul>\r\n\r\n\r\n\r\n<figure class=\"wp-block-image size-full\"><img decoding=\"async\" class=\"wp-image-100022\" src=\"https:\/\/cliniclesalpes.com\/wp-content\/uploads\/2025\/09\/image-14.png\" alt=\"\" \/><\/figure>\r\n\r\n\r\n\r\n<h2 class=\"wp-block-heading\">Les \u00e9tapes pratiques pour conduire un changement r\u00e9ussi<\/h2>\r\n\r\n\r\n\r\n<p class=\"wp-block-paragraph\">Face aux troubles psychologiques, la conduite du changement th\u00e9rapeutique suit une m\u00e9thodologie structur\u00e9e.\u00a0<\/p>\r\n\r\n\r\n\r\n<p class=\"wp-block-paragraph\">Cette m\u00e9thode consiste \u00e0 franchir des \u00e9tapes progressives, du d\u00e9clic initial \u00e0 l&rsquo;int\u00e9gration de nouveaux comportements durables, pour surmonter les troubles et retrouver l&rsquo;\u00e9quilibre mental.<\/p>\r\n\r\n\r\n\r\n<h3 class=\"wp-block-heading\">Pr\u00e9parer le terrain et cr\u00e9er une vision<\/h3>\r\n\r\n\r\n\r\n<p class=\"wp-block-paragraph\">La premi\u00e8re \u00e9tape du processus th\u00e9rapeutique \u00e9tablit les fondations d&rsquo;un changement personnel persistant.\u00a0<\/p>\r\n\r\n\r\n\r\n<p class=\"wp-block-paragraph\">Ce moment d\u00e9termine souvent la r\u00e9ussite du parcours de gu\u00e9rison et voici l\u2019explication de ces phases\u00a0:<\/p>\r\n\r\n\r\n\r\n<table class=\"redac-table\">\r\n<thead>\r\n<tr>\r\n<th>Phase<\/th>\r\n<th>Actions th\u00e9rapeutiques<\/th>\r\n<th>B\u00e9n\u00e9fices psychologiques<\/th>\r\n<\/tr>\r\n<\/thead>\r\n<tbody>\r\n<tr>\r\n<td>Cr\u00e9er un sentiment d&rsquo;urgence<\/td>\r\n<td data-label=\"Actions th\u00e9rapeutiques\">Identifier les comportements probl\u00e9matiques, \u00e9valuer leur impact sur la qualit\u00e9 de vie, reconna\u00eetre la tristesse ou la perte li\u00e9e au statu quo<\/td>\r\n<td data-label=\"B\u00e9n\u00e9fices psychologiques\">Motivation au changement, r\u00e9duction du d\u00e9ni<\/td>\r\n<\/tr>\r\n<tr>\r\n<td>Former un r\u00e9seau de soutien<\/td>\r\n<td data-label=\"Actions th\u00e9rapeutiques\">Impliquer la famille, \u00e9tablir une alliance th\u00e9rapeutique, identifier des personnes ressources<\/td>\r\n<td data-label=\"B\u00e9n\u00e9fices psychologiques\">Cadre s\u00e9curisant, diminution de l&rsquo;isolement<\/td>\r\n<\/tr>\r\n<tr>\r\n<td>D\u00e9velopper une vision claire<\/td>\r\n<td data-label=\"Actions th\u00e9rapeutiques\">D\u00e9finir un objectif th\u00e9rapeutique r\u00e9aliste, \u00e9laborer un plan de traitement adapt\u00e9, tenir compte des valeurs personnelles<\/td>\r\n<td data-label=\"B\u00e9n\u00e9fices psychologiques\">Direction pour le processus, espoir retrouv\u00e9<\/td>\r\n<\/tr>\r\n<\/tbody>\r\n<\/table>\r\n\r\n\r\n\r\n<h3 class=\"wp-block-heading\">Mettre en \u0153uvre et consolider le changement<\/h3>\r\n\r\n\r\n\r\n<p class=\"wp-block-paragraph\"><strong>La phase d&rsquo;application transforme les intentions en actions concr\u00e8tes<\/strong>.\u00a0<\/p>\r\n\r\n\r\n\r\n<p class=\"wp-block-paragraph\">Ces \u00e9tapes vous guideront vers une adaptation et une nouvelle relation \u00e0 vous-m\u00eame.<\/p>\r\n\r\n\r\n\r\n<ul class=\"wp-block-list\">\r\n<li><strong>Communiquer avec soi-m\u00eame<\/strong>\u00a0: tenir un journal th\u00e9rapeutique, pratiquer le dialogue interne bienveillant, exprimer ses \u00e9motions de mani\u00e8re ajust\u00e9e<\/li>\r\n\r\n\r\n\r\n<li><strong>Lever les obstacles psychologiques<\/strong>\u00a0: identifier les sch\u00e9mas de pens\u00e9e limitants, apprendre des techniques de gestion \u00e9motionnelle, b\u00e9n\u00e9ficier d&rsquo;un accompagnement professionnel<\/li>\r\n\r\n\r\n\r\n<li><strong>G\u00e9n\u00e9rer des victoires th\u00e9rapeutiques<\/strong>\u00a0: c\u00e9l\u00e9brer les progr\u00e8s quotidiens petit \u00e0 petit, noter les moments de mieux-\u00eatre, valoriser chaque \u00e9tape franchie<\/li>\r\n\r\n\r\n\r\n<li><strong>Consolider les acquis<\/strong>\u00a0: pratiquer r\u00e9guli\u00e8rement les nouvelles comp\u00e9tences, int\u00e9grer les outils th\u00e9rapeutiques dans la routine quotidienne<\/li>\r\n\r\n\r\n\r\n<li><strong>Ancrer les changements<\/strong>\u00a0: transformer les nouvelles pratiques en habitudes, \u00e9tablir un plan de pr\u00e9vention des rechutes \u00e0 long terme, maintenir le lien th\u00e9rapeutique<\/li>\r\n<\/ul>\r\n\r\n\r\n\r\n<h2 class=\"wp-block-heading\">Les contextes d&rsquo;application du changement<\/h2>\r\n\r\n\r\n\r\n<p class=\"wp-block-paragraph\">La m\u00e9thodologie des \u00e9tapes du changement s&rsquo;accorde \u00e0 diverses situations, du parcours th\u00e9rapeutique individuel aux transformations d&rsquo;entreprise.\u00a0<\/p>\r\n\r\n\r\n\r\n<p class=\"wp-block-paragraph\">Les principes fondamentaux restent similaires, mais leur application varie selon le contexte, avec des outils et strat\u00e9gies sp\u00e9cifiques \u00e0 chaque environnement.<\/p>\r\n\r\n\r\n\r\n<h3 class=\"wp-block-heading\">Le changement individuel et th\u00e9rapeutique<\/h3>\r\n\r\n\r\n\r\n<p class=\"wp-block-paragraph\">Le changement personnel survient souvent suite \u00e0 <a href=\"https:\/\/cliniclesalpes.com\/fr\/blog\/perte-de-sens\/\" target=\"_blank\" rel=\"noreferrer noopener\">une perte de sens<\/a> ou \u00e0 un \u00e9v\u00e9nement d\u00e9clencheur qui nous confronte \u00e0 la n\u00e9cessit\u00e9 d&rsquo;\u00e9voluer.\u00a0<\/p>\r\n\r\n\r\n\r\n<p class=\"wp-block-paragraph\">Face \u00e0 cette prise de conscience, le processus th\u00e9rapeutique accompagne l&rsquo;individu dans sa qu\u00eate de mieux-\u00eatre. Cette d\u00e9marche implique l&rsquo;identification des comportements probl\u00e9matiques, leur analyse, puis la mise en place de nouvelles r\u00e9ponses adaptatives.\u00a0<\/p>\r\n\r\n\r\n\r\n<p class=\"wp-block-paragraph\">Les th\u00e9rapies modernes utilisent plusieurs leviers: restructuration cognitive, exposition progressive, techniques de pleine conscience.\u00a0<\/p>\r\n\r\n\r\n\r\n<p class=\"wp-block-paragraph\">Ces pratiques facilitent l&rsquo;adaptation aux nouvelles circonstances et apportent des solutions concr\u00e8tes pour modifier durablement le comportement.\u00a0<\/p>\r\n\r\n\r\n\r\n<p class=\"wp-block-paragraph\">Le changement comportemental s&rsquo;accompagne alors d&rsquo;une transformation plus profonde, touchant aux valeurs et \u00e0 l&rsquo;identit\u00e9.<\/p>\r\n\r\n\r\n\r\n<div class=\"snippet-bait\">\r\n<p><a href=\"https:\/\/cliniclesalpes.com\/fr\/traitement-et-therapies\/\">D\u00e9couvrez nos th\u00e9rapies et pratiques<\/a><\/p>\r\n<\/div>\r\n\r\n\r\n\r\n<h3 class=\"wp-block-heading\">Le changement dans les organisations<\/h3>\r\n\r\n\r\n\r\n<p class=\"wp-block-paragraph\">Le changement organisationnel affecte profond\u00e9ment l&rsquo;\u00e9quilibre psychologique des collaborateurs, avec des r\u00e9percussions directes sur leur sant\u00e9 mentale.\u00a0<\/p>\r\n\r\n\r\n\r\n<p class=\"wp-block-paragraph\">Les transformations d&rsquo;entreprise, lorsqu&rsquo;elles sont mal accompagn\u00e9es, provoquent anxi\u00e9t\u00e9, stress chronique et d\u00e9s\u00e9quilibres \u00e9motionnels comparables aux phases du deuil.<\/p>\r\n\r\n\r\n\r\n<ul class=\"wp-block-list\">\r\n<li><strong>\u00c9valuation des risques psychosociaux<\/strong>\u00a0: analyse pr\u00e9ventive de l&rsquo;impact \u00e9motionnel du changement, identification des populations vuln\u00e9rables, \u00e9laboration d&rsquo;un plan de pr\u00e9vention des troubles anxieux<\/li>\r\n\r\n\r\n\r\n<li><strong>Management bienveillant de la transition<\/strong>\u00a0: formation des leaders aux signes d&rsquo;alerte psychologique, cr\u00e9ation d&rsquo;espaces d&rsquo;\u00e9coute, pr\u00e9vention de l&rsquo;\u00e9puisement professionnel pendant les phases de transformation<\/li>\r\n\r\n\r\n\r\n<li><strong>Communication th\u00e9rapeutique<\/strong>\u00a0: transparence \u00e9motionnelle, validation des ressentis, partage de t\u00e9moignages rassurants pour diminuer l&rsquo;anxi\u00e9t\u00e9 anticipatoire<\/li>\r\n\r\n\r\n\r\n<li><strong>Soutien psychologique aux salari\u00e9s<\/strong>\u00a0: consultations individuelles, groupes de parole, techniques de gestion du stress pour pr\u00e9venir le<a href=\"https:\/\/cliniclesalpes.com\/fr\/blog\/syndrome-amotivationnel\/\" target=\"_blank\" rel=\"noreferrer noopener\"> syndrome amotivationnel<\/a> et la d\u00e9pression r\u00e9actionnelle<\/li>\r\n\r\n\r\n\r\n<li><strong>Accompagnement des r\u00e9sistances \u00e9motionnelles<\/strong>\u00a0: normalisation des r\u00e9actions de col\u00e8re ou de tristesse, travail sur l&rsquo;acceptation du changement, arrangement du rythme selon la courbe d&rsquo;adaptation psychologique de chacun<\/li>\r\n<\/ul>\r\n\r\n\r\n\r\n<figure class=\"wp-block-image size-full\"><img decoding=\"async\" class=\"wp-image-100025\" src=\"https:\/\/cliniclesalpes.com\/wp-content\/uploads\/2025\/09\/image-17.png\" alt=\"\" \/><\/figure>\r\n\r\n\r\n\r\n<h2 class=\"wp-block-heading\">Surmonter les obstacles au changement<\/h2>\r\n\r\n\r\n\r\n<p class=\"wp-block-paragraph\">M\u00eame avec une m\u00e9thodologie conforme, certains obstacles freinent l&rsquo;\u00e9volution psychologique et comportementale.\u00a0<\/p>\r\n\r\n\r\n\r\n<p class=\"wp-block-paragraph\">Ces d\u00e9fis, tant personnels qu&rsquo;organisationnels, exigent des strat\u00e9gies sp\u00e9cifiques pour lever les barri\u00e8res et diminuer la r\u00e9sistance au changement.\u00a0<\/p>\r\n\r\n\r\n\r\n<p class=\"wp-block-paragraph\">L&rsquo;identification pr\u00e9coce de ces freins augmente les chances de r\u00e9ussite th\u00e9rapeutique.<\/p>\r\n\r\n\r\n\r\n<h3 class=\"wp-block-heading\">Les freins individuels et psychologiques<\/h3>\r\n\r\n\r\n\r\n<p class=\"wp-block-paragraph\">Les obstacles internes au changement th\u00e9rapeutique ont souvent des racines profondes dans notre histoire personnelle et notre fonctionnement psychologique.\u00a0<\/p>\r\n\r\n\r\n\r\n<p class=\"wp-block-paragraph\">La conscience de ces m\u00e9canismes constitue la premi\u00e8re \u00e9tape vers leur d\u00e9passement.<\/p>\r\n\r\n\r\n\r\n<ul class=\"wp-block-list\">\r\n<li><strong>La peur de l&rsquo;inconnu<\/strong>\u00a0: anxi\u00e9t\u00e9 face \u00e0 la nouvelle situation, crainte d&rsquo;\u00e9chouer, incertitude quant aux r\u00e9sultats du changement th\u00e9rapeutique<\/li>\r\n\r\n\r\n\r\n<li><strong>Les croyances limitantes<\/strong>\u00a0: pens\u00e9es automatiques n\u00e9gatives, sch\u00e9mas dysfonctionnels, id\u00e9es fausses sur ses capacit\u00e9s<\/li>\r\n\r\n\r\n\r\n<li><strong>Le confort de la zone famili\u00e8re<\/strong>\u00a0: attachement aux comportements probl\u00e9matiques malgr\u00e9 leur nocivit\u00e9, car ils apportent une forme de s\u00e9curit\u00e9 psychologique<\/li>\r\n\r\n\r\n\r\n<li><strong>La difficult\u00e9 d&rsquo;acceptation<\/strong>\u00a0: d\u00e9ni de la n\u00e9cessit\u00e9 du changement, minimisation des cons\u00e9quences du statu quo, r\u00e9sistance passive au processus th\u00e9rapeutique<\/li>\r\n\r\n\r\n\r\n<li><strong>L&rsquo;\u00e9puisement \u00e9motionnel<\/strong>\u00a0: manque de ressources psychiques, fatigue mentale,<a href=\"https:\/\/cliniclesalpes.com\/fr\/blog\/prendre-de-la-distance-pour-se-proteger\/\" target=\"_blank\" rel=\"noreferrer noopener\"> prendre de la distance pour se prot\u00e9ger<\/a> temporairement du processus th\u00e9rapeutique<\/li>\r\n<\/ul>\r\n\r\n\r\n\r\n<h3 class=\"wp-block-heading\">Les d\u00e9fis structurels et strat\u00e9giques<\/h3>\r\n\r\n\r\n\r\n<p class=\"wp-block-paragraph\">Au-del\u00e0 des r\u00e9sistances individuelles, des obstacles environnementaux et syst\u00e9miques compliquent fr\u00e9quemment le parcours th\u00e9rapeutique.\u00a0<\/p>\r\n\r\n\r\n\r\n<p class=\"wp-block-paragraph\">Ces facteurs externes n\u00e9cessitent une r\u00e9flexion et des ajustements dans l&rsquo;accompagnement du patient.<\/p>\r\n\r\n\r\n\r\n<ul class=\"wp-block-list\">\r\n<li><strong>L&rsquo;environnement non soutenant<\/strong>\u00a0: entourage sceptique ou critique, absence de mod\u00e8les positifs, culture familiale rigide face au changement<\/li>\r\n\r\n\r\n\r\n<li><strong>Les contraintes temporelles<\/strong>\u00a0: pression pour obtenir des r\u00e9sultats rapides, impatience face \u00e0 un processus th\u00e9rapeutique n\u00e9cessairement long, difficult\u00e9 \u00e0 maintenir l&rsquo;engagement dans la dur\u00e9e<\/li>\r\n\r\n\r\n\r\n<li><strong>L&rsquo;accessibilit\u00e9 des soins<\/strong>\u00a0: barri\u00e8res financi\u00e8res, g\u00e9ographiques ou culturelles limitant l&rsquo;acc\u00e8s \u00e0 un accompagnement th\u00e9rapeutique personnalis\u00e9<\/li>\r\n\r\n\r\n\r\n<li><strong>La complexit\u00e9 du travail th\u00e9rapeutique<\/strong>\u00a0: multiplicit\u00e9 des probl\u00e9matiques \u00e0 traiter, comorbidit\u00e9s, n\u00e9cessit\u00e9 d&rsquo;une approche globale tenant compte de tous les aspects du fonctionnement<\/li>\r\n\r\n\r\n\r\n<li><strong>La coordination des intervenants<\/strong>\u00a0: d\u00e9fi de la coh\u00e9rence entre diff\u00e9rents acteurs du soin, harmonisation des strat\u00e9gies th\u00e9rapeutiques, continuit\u00e9 du suivi entre hospitalisation et ambulatoire<\/li>\r\n<\/ul>\r\n\r\n\r\n\r\n<h2 class=\"wp-block-heading\">Int\u00e9grez les \u00e9tapes du changement dans votre d\u00e9marche\u00a0<\/h2>\r\n\r\n\r\n\r\n<figure class=\"wp-block-image size-full\"><img decoding=\"async\" class=\"wp-image-100026\" src=\"https:\/\/cliniclesalpes.com\/wp-content\/uploads\/2025\/09\/image-18.png\" alt=\"\" \/><\/figure>\r\n\r\n\r\n\r\n<p class=\"wp-block-paragraph\">Les \u00e9tapes du changement forment une carte pr\u00e9cieuse pour traverser toute transformation, personnelle ou collective.\u00a0<\/p>\r\n\r\n\r\n\r\n<p class=\"wp-block-paragraph\">Comprendre ces phases nous lib\u00e8re de la r\u00e9sistance naturelle et nous donne le pouvoir d&rsquo;agir plut\u00f4t que de subir.\u00a0<\/p>\r\n\r\n\r\n\r\n<p class=\"wp-block-paragraph\">Chaque jour apporte l&rsquo;occasion d&rsquo;\u00e9voluer, d&rsquo;ajuster nos comportements et de cr\u00e9er une nouvelle version de nous-m\u00eames. La derni\u00e8re \u00e9tape consiste toujours \u00e0 c\u00e9l\u00e9brer chaque victoire, aussi modeste soit-elle.\u00a0<\/p>\r\n\r\n\r\n\r\n<p class=\"wp-block-paragraph\">R\u00e9ussir le changement n&rsquo;est pas une question de talent, mais de m\u00e9thode et de pers\u00e9v\u00e9rance.<\/p>\r\n\r\n\r\n\r\n<div class=\"snippet-bait\">\r\n<p><a href=\"https:\/\/cliniclesalpes.com\/fr\/contactez-nous\/\">Demandez conseil dans votre processus de changement<\/a><\/p>\r\n<\/div>\r\n","protected":false},"excerpt":{"rendered":"<p>Face \u00e0 la nouvelle situation, notre r\u00e9sistance au changement se manifeste par des comportements probl\u00e9matiques\u00a0: peur, d\u00e9pression, anxi\u00e9t\u00e9. Le processus d&rsquo;acceptation n\u00e9cessite parfois un accompagnement th\u00e9rapeutique personnalis\u00e9 pour transformer cette r\u00e9sistance en capacit\u00e9 d&rsquo;adaptation.\u00a0 Changer consiste \u00e0 identifier chaque phase \u00e9motionnelle, du d\u00e9ni initial \u00e0 l&rsquo;int\u00e9gration finale. Les mod\u00e8les de K\u00fcbler-Ross, Prochaska et DiClemente, et [&hellip;]<\/p>\n","protected":false},"author":1,"featured_media":113994,"comment_status":"closed","ping_status":"closed","sticky":false,"template":"","format":"standard","meta":{"_acf_changed":false,"footnotes":""},"categories":[119],"tags":[],"class_list":["post-100021","post","type-post","status-publish","format-standard","has-post-thumbnail","hentry","category-comprendre-prevenir-et-se-retablir"],"acf":[],"_links":{"self":[{"href":"https:\/\/cliniclesalpes.com\/fr\/wp-json\/wp\/v2\/posts\/100021","targetHints":{"allow":["GET"]}}],"collection":[{"href":"https:\/\/cliniclesalpes.com\/fr\/wp-json\/wp\/v2\/posts"}],"about":[{"href":"https:\/\/cliniclesalpes.com\/fr\/wp-json\/wp\/v2\/types\/post"}],"author":[{"embeddable":true,"href":"https:\/\/cliniclesalpes.com\/fr\/wp-json\/wp\/v2\/users\/1"}],"replies":[{"embeddable":true,"href":"https:\/\/cliniclesalpes.com\/fr\/wp-json\/wp\/v2\/comments?post=100021"}],"version-history":[{"count":2,"href":"https:\/\/cliniclesalpes.com\/fr\/wp-json\/wp\/v2\/posts\/100021\/revisions"}],"predecessor-version":[{"id":113998,"href":"https:\/\/cliniclesalpes.com\/fr\/wp-json\/wp\/v2\/posts\/100021\/revisions\/113998"}],"wp:featuredmedia":[{"embeddable":true,"href":"https:\/\/cliniclesalpes.com\/fr\/wp-json\/wp\/v2\/media\/113994"}],"wp:attachment":[{"href":"https:\/\/cliniclesalpes.com\/fr\/wp-json\/wp\/v2\/media?parent=100021"}],"wp:term":[{"taxonomy":"category","embeddable":true,"href":"https:\/\/cliniclesalpes.com\/fr\/wp-json\/wp\/v2\/categories?post=100021"},{"taxonomy":"post_tag","embeddable":true,"href":"https:\/\/cliniclesalpes.com\/fr\/wp-json\/wp\/v2\/tags?post=100021"}],"curies":[{"name":"wp","href":"https:\/\/api.w.org\/{rel}","templated":true}]}}