{"id":100276,"date":"2026-08-19T15:37:52","date_gmt":"2026-08-19T15:37:52","guid":{"rendered":"https:\/\/cliniclesalpes.com\/?p=100276"},"modified":"2026-08-19T17:28:27","modified_gmt":"2026-08-19T17:28:27","slug":"emotion-refoulee-symptomes","status":"publish","type":"post","link":"https:\/\/cliniclesalpes.com\/fr\/blog\/2026\/08\/19\/emotion-refoulee-symptomes\/","title":{"rendered":"D\u00e9cryptez les sympt\u00f4mes de vos \u00e9motions refoul\u00e9es pour retrouver l&rsquo;\u00e9quilibre"},"content":{"rendered":"\r\n<p class=\"wp-block-paragraph\">Maux de t\u00eate persistants, fatigue chronique inexpliqu\u00e9e, irritabilit\u00e9 soudaine face \u00e0 vos proches\u00a0: ces sympt\u00f4mes d&rsquo;\u00e9motion refoul\u00e9e indiquent un stress \u00e9motionnel profond.\u00a0<\/p>\r\n\r\n\r\n\r\n<p class=\"wp-block-paragraph\">Votre corps exprime par la somatisation ce que votre esprit refuse de reconna\u00eetre. Cette r\u00e9pression \u00e9motionnelle g\u00e9n\u00e8re des troubles physiques et psychologiques concrets dans votre vie quotidienne.\u00a0<\/p>\r\n\r\n\r\n\r\n<p class=\"wp-block-paragraph\">Col\u00e8re non exprim\u00e9e, tristesse enfouie, peur refoul\u00e9e\u00a0: chaque sentiment r\u00e9prim\u00e9 laisse sa trace dans votre organisme.\u00a0<\/p>\r\n\r\n\r\n\r\n<p class=\"wp-block-paragraph\">D\u00e9couvrez comment identifier ces signaux d&rsquo;alarme et lib\u00e9rer enfin ces \u00e9motions pour retrouver votre \u00e9quilibre naturel.<\/p>\r\n\r\n\r\n\r\n<h2 class=\"wp-block-heading\">Les manifestations silencieuses des \u00e9motions refoul\u00e9es dans votre quotidien<\/h2>\r\n\r\n\r\n\r\n<p class=\"wp-block-paragraph\">Votre corps garde en m\u00e9moire chaque \u00e9motion non exprim\u00e9e et d\u00e9veloppe des sympt\u00f4mes physiques et psychologiques pour vous alerter.\u00a0<\/p>\r\n\r\n\r\n\r\n<p class=\"wp-block-paragraph\">Ce m\u00e9canisme de somatisation transforme la r\u00e9pression \u00e9motionnelle en signaux concrets\u00a0: tensions musculaires, fatigue chronique, troubles du sommeil ou irritabilit\u00e9 inexpliqu\u00e9e dans votre au quotidien.<\/p>\r\n\r\n\r\n\r\n<p class=\"wp-block-paragraph\">Ces \u00e9tats \u00e9motionnels apparaissent de mani\u00e8re subtile mais constante, cr\u00e9ant un \u00e9tat de stress permanent. Le tableau suivant montre comment votre corps et votre esprit r\u00e9agissent face aux \u00e9motions refoul\u00e9es\u00a0:<\/p>\r\n\r\n\r\n\r\n<table class=\"redac-table\">\r\n<thead>\r\n<tr>\r\n<th>\u00c9motion refoul\u00e9e<\/th>\r\n<th>Signaux corporels<\/th>\r\n<th>Manifestations psychologiques<\/th>\r\n<th>Situations typiques<\/th>\r\n<\/tr>\r\n<\/thead>\r\n<tbody>\r\n<tr>\r\n<td>Col\u00e8re r\u00e9prim\u00e9e<\/td>\r\n<td data-label=\"Signaux corporels\">Maux de t\u00eate, tensions dans les m\u00e2choires, douleurs cervicales<\/td>\r\n<td data-label=\"Manifestations psychologiques\">Irritabilit\u00e9, agressivit\u00e9 passive, difficult\u00e9s de concentration<\/td>\r\n<td data-label=\"Situations typiques\">Conflits \u00e9vit\u00e9s au travail, frustrations relationnelles<\/td>\r\n<\/tr>\r\n<tr>\r\n<td>Tristesse non exprim\u00e9e<\/td>\r\n<td data-label=\"Signaux corporels\">Fatigue \u00e9motionnelle, pression thoracique, troubles digestifs<\/td>\r\n<td data-label=\"Manifestations psychologiques\">Humeur maussade, perte d&rsquo;\u00e9lan vital, isolement social<\/td>\r\n<td data-label=\"Situations typiques\">Deuils non accept\u00e9s, d\u00e9ceptions professionnelles<\/td>\r\n<\/tr>\r\n<tr>\r\n<td>Peur refoul\u00e9e<\/td>\r\n<td data-label=\"Signaux corporels\">Acc\u00e9l\u00e9ration du rythme cardiaque, sueurs, tremblements<\/td>\r\n<td data-label=\"Manifestations psychologiques\">Anxi\u00e9t\u00e9 g\u00e9n\u00e9rale, \u00e9vitement, hypervigilance<\/td>\r\n<td data-label=\"Situations typiques\">Changements redout\u00e9s, prises de d\u00e9cision report\u00e9es<\/td>\r\n<\/tr>\r\n<tr>\r\n<td>Stress chronique<\/td>\r\n<td data-label=\"Signaux corporels\">\u00c9puisement physique, troubles du sommeil, tensions musculaires<\/td>\r\n<td data-label=\"Manifestations psychologiques\">\u00c9puisement \u00e9motionnel, difficult\u00e9 \u00e0 g\u00e9rer les situations<\/td>\r\n<td data-label=\"Situations typiques\">Surcharge mentale quotidienne, pression constante<\/td>\r\n<\/tr>\r\n<\/tbody>\r\n<\/table>\r\n\r\n\r\n\r\n<div class=\"snippet-bait\">\r\n<p>Traiter la col\u00e8re refoul\u00e9e n\u00e9cessite une prise en charge sp\u00e9cialis\u00e9e. La th\u00e9rapie et les techniques de psychologie aident chaque personne \u00e0 traiter cette \u00e9motion.<\/p>\r\n<\/div>\r\n\r\n\r\n\r\n<h2 class=\"wp-block-heading\">Les sympt\u00f4mes physiques et psychologiques \u00e0 reconna\u00eetre<\/h2>\r\n\r\n\r\n\r\n<p class=\"wp-block-paragraph\">La r\u00e9pression \u00e9motionnelle g\u00e9n\u00e8re des sympt\u00f4mes physiques ainsi que des troubles psychosomatiques qui perturbent votre sant\u00e9 mentale.\u00a0<\/p>\r\n\r\n\r\n\r\n<p class=\"wp-block-paragraph\">Cette somatisation traduit l&rsquo;impact sur la sant\u00e9 de vos \u00e9motions non exprim\u00e9es, cr\u00e9ant un cercle vicieux entre votre corps et votre esprit.<\/p>\r\n\r\n\r\n\r\n<h3 class=\"wp-block-heading\">Les signaux corporels r\u00e9v\u00e9lateurs<\/h3>\r\n\r\n\r\n\r\n<p class=\"wp-block-paragraph\"><strong>Votre syst\u00e8me nerveux r\u00e9agit intens\u00e9ment face aux \u00e9motions refoul\u00e9es<\/strong> et d\u00e9veloppe des maux identifiables.\u00a0<\/p>\r\n\r\n\r\n\r\n<p class=\"wp-block-paragraph\">Les tensions corporelles exposent la souffrance psychosomatique que votre corps endure quotidiennement\u00a0:<\/p>\r\n\r\n\r\n\r\n<ul class=\"wp-block-list\">\r\n<li>Maux de t\u00eate chroniques et migraines r\u00e9currentes<\/li>\r\n\r\n\r\n\r\n<li>Tensions musculaires dans la nuque, les \u00e9paules et le dos<\/li>\r\n\r\n\r\n\r\n<li>Troubles du sommeil avec r\u00e9veils nocturnes fr\u00e9quents<\/li>\r\n\r\n\r\n\r\n<li>Fatigue \u00e9motionnelle persistante malgr\u00e9 le repos<\/li>\r\n\r\n\r\n\r\n<li>Probl\u00e8mes digestifs sans cause m\u00e9dicale identifi\u00e9e<\/li>\r\n\r\n\r\n\r\n<li>Acc\u00e9l\u00e9ration du rythme cardiaque lors de situations stressantes<\/li>\r\n\r\n\r\n\r\n<li><a href=\"https:\/\/cliniclesalpes.com\/fr\/blog\/angoisse-matinale\/\" target=\"_blank\" rel=\"noreferrer noopener\">Angoisse matinale<\/a> d\u00e8s le r\u00e9veil<\/li>\r\n\r\n\r\n\r\n<li>\u00c9puisement physique inexpliqu\u00e9<\/li>\r\n<\/ul>\r\n\r\n\r\n\r\n<h3 class=\"wp-block-heading\">Les r\u00e9percussions sur votre \u00e9quilibre psychologique<\/h3>\r\n\r\n\r\n\r\n<p class=\"wp-block-paragraph\">Par ailleurs, <strong>votre mental d\u00e9veloppe des m\u00e9canismes de d\u00e9fense<\/strong> qui alt\u00e8rent votre humeur et vos relations.\u00a0<\/p>\r\n\r\n\r\n\r\n<p class=\"wp-block-paragraph\">Ces troubles de l&rsquo;humeur refl\u00e8tent votre difficult\u00e9 \u00e0 reconna\u00eetre et exprimer vos \u00e9motions de base\u00a0:<\/p>\r\n\r\n\r\n\r\n<ul class=\"wp-block-list\">\r\n<li>Anxi\u00e9t\u00e9 g\u00e9n\u00e9ralis\u00e9e sans raison apparente<\/li>\r\n\r\n\r\n\r\n<li>D\u00e9pression masqu\u00e9e par l&rsquo;irritabilit\u00e9 chronique<\/li>\r\n\r\n\r\n\r\n<li>Troubles de l&rsquo;humeur avec alternance d&rsquo;\u00e9tats \u00e9motionnels<\/li>\r\n\r\n\r\n\r\n<li><a href=\"https:\/\/cliniclesalpes.com\/fr\/blog\/vide-emotionnel\/\" target=\"_blank\" rel=\"noreferrer noopener\">Vide \u00e9motionnel<\/a> et sentiment de d\u00e9connexion<\/li>\r\n\r\n\r\n\r\n<li>Alexithymie ou incapacit\u00e9 \u00e0 identifier ses propres \u00e9motions<\/li>\r\n\r\n\r\n\r\n<li>Tristesse refoul\u00e9e qui ressort par crises soudaines<\/li>\r\n\r\n\r\n\r\n<li>Angoisse sociale et \u00e9vitement relationnel<\/li>\r\n<\/ul>\r\n\r\n\r\n\r\n<figure class=\"wp-block-image size-full\"><img decoding=\"async\" class=\"wp-image-100279\" src=\"https:\/\/cliniclesalpes.com\/wp-content\/uploads\/2025\/09\/image-21.png\" alt=\"\" \/><\/figure>\r\n\r\n\r\n\r\n<h2 class=\"wp-block-heading\">Les cons\u00e9quences \u00e0 long terme sur votre sant\u00e9 et vos relations<\/h2>\r\n\r\n\r\n\r\n<p class=\"wp-block-paragraph\">Refouler ses \u00e9motions a des cons\u00e9quences durables sur votre sant\u00e9 mentale et vos relations.\u00a0<\/p>\r\n\r\n\r\n\r\n<p class=\"wp-block-paragraph\"><strong>Les dangers de refouler vos \u00e9motions cr\u00e9ent un effet domino<\/strong>\u00a0: votre organisme s&rsquo;affaiblit petit \u00e0 petit tandis que vos liens avec autrui se d\u00e9t\u00e9riorent.<\/p>\r\n\r\n\r\n\r\n<h3 class=\"wp-block-heading\">L&rsquo;impact sur votre sant\u00e9 physique et mentale<\/h3>\r\n\r\n\r\n\r\n<p class=\"wp-block-paragraph\">Votre corps finit par d\u00e9velopper<strong> des maladies chroniques li\u00e9es au stress \u00e9motionnel constant.\u00a0<\/strong><\/p>\r\n\r\n\r\n\r\n<p class=\"wp-block-paragraph\">Cette d\u00e9gradation progressive touche autant votre sant\u00e9 physique que votre \u00e9quilibre mental\u00a0:<\/p>\r\n\r\n\r\n\r\n<ul class=\"wp-block-list\">\r\n<li>Affaiblissement du syst\u00e8me immunitaire avec infections r\u00e9currentes<\/li>\r\n\r\n\r\n\r\n<li>Troubles psychosomatiques chroniques sans cause m\u00e9dicale claire<\/li>\r\n\r\n\r\n\r\n<li>Maladies cardiovasculaires li\u00e9es au stress \u00e9motionnel prolong\u00e9<\/li>\r\n\r\n\r\n\r\n<li>Troubles digestifs persistants et syndrome du c\u00f4lon irritable<\/li>\r\n\r\n\r\n\r\n<li><a href=\"https:\/\/cliniclesalpes.com\/fr\/blog\/comprendre-le-mal-etre-et-comment-clinic-les-alpes-peut-vous-aider\/\" target=\"_blank\" rel=\"noreferrer noopener\">Mal-\u00eatre<\/a> profond avec perte de sens et d&rsquo;\u00e9nergie vitale<\/li>\r\n\r\n\r\n\r\n<li>\u00c9puisement mental chronique malgr\u00e9 le repos<\/li>\r\n<\/ul>\r\n\r\n\r\n\r\n<div class=\"snippet-bait\">\r\n<p>Les signes de r\u00e9pression \u00e9motionnelle incluent la fatigue chronique, l&rsquo;anxi\u00e9t\u00e9, les troubles de l&rsquo;humeur et la col\u00e8re non exprim\u00e9e.<\/p>\r\n<\/div>\r\n\r\n\r\n\r\n<h3 class=\"wp-block-heading\">La d\u00e9t\u00e9rioration des relations interpersonnelles<\/h3>\r\n\r\n\r\n\r\n<p class=\"wp-block-paragraph\">Votre difficult\u00e9 \u00e0 exprimer ses \u00e9motions cr\u00e9e des barri\u00e8res invisibles avec vos proches.\u00a0<\/p>\r\n\r\n\r\n\r\n<p class=\"wp-block-paragraph\">La gestion de la col\u00e8re d\u00e9faillante et l&rsquo;expression \u00e9motionnelle bloqu\u00e9e nuisent \u00e0 vos relations\u00a0:<\/p>\r\n\r\n\r\n\r\n<ul class=\"wp-block-list\">\r\n<li>Communication alt\u00e9r\u00e9e par l&rsquo;incapacit\u00e9 \u00e0 verbaliser vos besoins r\u00e9els<\/li>\r\n\r\n\r\n\r\n<li>Conflits r\u00e9p\u00e9t\u00e9s dus \u00e0 la col\u00e8re refoul\u00e9e qui explose soudainement<\/li>\r\n\r\n\r\n\r\n<li>Isolement social progressif par peur du jugement d&rsquo;autrui<\/li>\r\n\r\n\r\n\r\n<li>Relations superficielles sans v\u00e9ritable intimit\u00e9 \u00e9motionnelle<\/li>\r\n\r\n\r\n\r\n<li>Besoin de<a href=\"https:\/\/cliniclesalpes.com\/fr\/blog\/prendre-de-la-distance-pour-se-proteger\/\" target=\"_blank\" rel=\"noreferrer noopener\"> prendre de la distance<\/a> pour \u00e9viter les confrontations<\/li>\r\n<\/ul>\r\n\r\n\r\n\r\n<h2 class=\"wp-block-heading\">Comment identifier et lib\u00e9rer vos \u00e9motions refoul\u00e9es ?<\/h2>\r\n\r\n\r\n\r\n<p class=\"wp-block-paragraph\">Des techniques existent pour identifier une \u00e9motion refoul\u00e9e et lib\u00e9rer cette charge \u00e9motionnelle.\u00a0<\/p>\r\n\r\n\r\n\r\n<p class=\"wp-block-paragraph\">Ce processus de gestion \u00e9motionnelle demande d&rsquo;abord de reconna\u00eetre vos signes personnels, puis d&rsquo;apprendre \u00e0 exprimer sainement ce que vous ressentez int\u00e9rieurement.<\/p>\r\n\r\n\r\n\r\n<h3 class=\"wp-block-heading\">Les techniques d&rsquo;identification \u00e9motionnelle<\/h3>\r\n\r\n\r\n\r\n<p class=\"wp-block-paragraph\">D\u00e9veloppez tout d\u2019abord votre conscience \u00e9motionnelle gr\u00e2ce \u00e0 des m\u00e9thodes simples.\u00a0<\/p>\r\n\r\n\r\n\r\n<p class=\"wp-block-paragraph\">La pleine conscience et l&rsquo;\u00e9coute de vos sensations corporelles d\u00e9voilent progressivement votre ressenti authentique\u00a0:<\/p>\r\n\r\n\r\n\r\n<ul class=\"wp-block-list\">\r\n<li><strong>Journal \u00e9motionnel quotidien<\/strong>\u00a0: noter chaque jour vos humeurs et leurs d\u00e9clencheurs<\/li>\r\n\r\n\r\n\r\n<li><strong>Scanner corporel<\/strong>\u00a0: identifier les tensions physiques li\u00e9es \u00e0 chaque \u00e9motion<\/li>\r\n\r\n\r\n\r\n<li><strong>M\u00e9ditation de pleine conscience<\/strong>\u00a0: observer vos pens\u00e9es sans les juger<\/li>\r\n\r\n\r\n\r\n<li><strong>Technique du \u00ab\u00a0check-in\u00a0\u00bb<\/strong>\u00a0: vous demander r\u00e9guli\u00e8rement ce que vous ressentez<\/li>\r\n\r\n\r\n\r\n<li><strong>Analyse des r\u00e9actions spontan\u00e9es<\/strong>\u00a0: comprendre vos r\u00e9flexes \u00e9motionnels<\/li>\r\n<\/ul>\r\n\r\n\r\n\r\n<h3 class=\"wp-block-heading\">Les moyens d&rsquo;expression et de lib\u00e9ration sains<\/h3>\r\n\r\n\r\n\r\n<p class=\"wp-block-paragraph\">Canalisez ensuite cette prise de conscience vers une expression constructive de vos \u00e9motions.\u00a0<\/p>\r\n\r\n\r\n\r\n<p class=\"wp-block-paragraph\">Ces activit\u00e9s th\u00e9rapeutiques vous aident \u00e0 lib\u00e9rer la charge \u00e9motionnelle accumul\u00e9e\u00a0:<\/p>\r\n\r\n\r\n\r\n<ul class=\"wp-block-list\">\r\n<li><strong>Communication assertive<\/strong>\u00a0: exprimer sa col\u00e8re sans agressivit\u00e9 ni violence<\/li>\r\n\r\n\r\n\r\n<li><strong>Activit\u00e9 physique r\u00e9guli\u00e8re<\/strong>\u00a0: \u00e9vacuer les tensions par le mouvement<\/li>\r\n\r\n\r\n\r\n<li><strong>Expression cr\u00e9ative<\/strong>\u00a0: peinture, musique, \u00e9criture pour ext\u00e9rioriser vos \u00e9motions<\/li>\r\n\r\n\r\n\r\n<li><strong>Th\u00e9rapie individuelle<\/strong>\u00a0: accompagnement professionnel personnalis\u00e9<\/li>\r\n<\/ul>\r\n\r\n\r\n\r\n<p class=\"wp-block-paragraph\">Faites attention aux<a href=\"https:\/\/cliniclesalpes.com\/fr\/blog\/manger-ses-emotions-comprendre-et-surmonter-cette-reaction\/\" target=\"_blank\" rel=\"noreferrer noopener\"> \u00e9motions li\u00e9es \u00e0 l&rsquo;alimentation<\/a> et aux compulsions alimentaires. Le refoulement \u00e9motionnel pousse souvent vers la nourriture comme exutoire.<\/p>\r\n\r\n\r\n\r\n<figure class=\"wp-block-image size-full\"><img decoding=\"async\" class=\"wp-image-100277\" src=\"https:\/\/cliniclesalpes.com\/wp-content\/uploads\/2025\/09\/image-19.png\" alt=\"\" \/><\/figure>\r\n\r\n\r\n\r\n<h2 class=\"wp-block-heading\">L&rsquo;accompagnement th\u00e9rapeutique sp\u00e9cialis\u00e9 \u00e0 Clinic Les Alpes<\/h2>\r\n\r\n\r\n\r\n<p class=\"wp-block-paragraph\">Transformez votre souffrance \u00e9motionnelle en force nouvelle avec le soutien de <strong>Clinic Les Alpes<\/strong>.\u00a0<\/p>\r\n\r\n\r\n\r\n<p class=\"wp-block-paragraph\">Notre \u00e9quipe de psychologues et praticiens ma\u00eetrise les techniques avanc\u00e9es EMDR et les th\u00e9rapies cognitivo-comportementales pour traiter vos \u00e9motions refoul\u00e9es en profondeur.\u00a0<\/p>\r\n\r\n\r\n\r\n<p class=\"wp-block-paragraph\">Cette prise en charge globale corps-esprit d\u00e9veloppe votre capacit\u00e9 \u00e0 ressentir et exprimer sainement vos \u00e9motions.\u00a0<\/p>\r\n\r\n\r\n\r\n<p class=\"wp-block-paragraph\">Particuli\u00e8rement efficace sur <a href=\"https:\/\/cliniclesalpes.com\/fr\/blog\/comment-guerir-traumatisme-enfance\/\" target=\"_blank\" rel=\"noreferrer noopener\">les traumatismes de l&rsquo;enfance<\/a>, par exemple, notre processus th\u00e9rapeutique vous guide vers un soulagement durable et authentique.<\/p>\r\n\r\n\r\n\r\n<div class=\"snippet-bait\">\r\n<p><a href=\"https:\/\/cliniclesalpes.com\/fr\/contactez-nous\/\">Abordez vos \u00e9motions avec nos sp\u00e9cialistes<\/a><\/p>\r\n<\/div>\r\n","protected":false},"excerpt":{"rendered":"<p>Maux de t\u00eate persistants, fatigue chronique inexpliqu\u00e9e, irritabilit\u00e9 soudaine face \u00e0 vos proches\u00a0: ces sympt\u00f4mes d&rsquo;\u00e9motion refoul\u00e9e indiquent un stress \u00e9motionnel profond.\u00a0 Votre corps exprime par la somatisation ce que votre esprit refuse de reconna\u00eetre. Cette r\u00e9pression \u00e9motionnelle g\u00e9n\u00e8re des troubles physiques et psychologiques concrets dans votre vie quotidienne.\u00a0 Col\u00e8re non exprim\u00e9e, tristesse enfouie, peur [&hellip;]<\/p>\n","protected":false},"author":1,"featured_media":114115,"comment_status":"closed","ping_status":"closed","sticky":false,"template":"","format":"standard","meta":{"_acf_changed":false,"footnotes":""},"categories":[117],"tags":[],"class_list":["post-100276","post","type-post","status-publish","format-standard","has-post-thumbnail","hentry","category-sante-mentale-et-bien-etre"],"acf":[],"_links":{"self":[{"href":"https:\/\/cliniclesalpes.com\/fr\/wp-json\/wp\/v2\/posts\/100276","targetHints":{"allow":["GET"]}}],"collection":[{"href":"https:\/\/cliniclesalpes.com\/fr\/wp-json\/wp\/v2\/posts"}],"about":[{"href":"https:\/\/cliniclesalpes.com\/fr\/wp-json\/wp\/v2\/types\/post"}],"author":[{"embeddable":true,"href":"https:\/\/cliniclesalpes.com\/fr\/wp-json\/wp\/v2\/users\/1"}],"replies":[{"embeddable":true,"href":"https:\/\/cliniclesalpes.com\/fr\/wp-json\/wp\/v2\/comments?post=100276"}],"version-history":[{"count":2,"href":"https:\/\/cliniclesalpes.com\/fr\/wp-json\/wp\/v2\/posts\/100276\/revisions"}],"predecessor-version":[{"id":114119,"href":"https:\/\/cliniclesalpes.com\/fr\/wp-json\/wp\/v2\/posts\/100276\/revisions\/114119"}],"wp:featuredmedia":[{"embeddable":true,"href":"https:\/\/cliniclesalpes.com\/fr\/wp-json\/wp\/v2\/media\/114115"}],"wp:attachment":[{"href":"https:\/\/cliniclesalpes.com\/fr\/wp-json\/wp\/v2\/media?parent=100276"}],"wp:term":[{"taxonomy":"category","embeddable":true,"href":"https:\/\/cliniclesalpes.com\/fr\/wp-json\/wp\/v2\/categories?post=100276"},{"taxonomy":"post_tag","embeddable":true,"href":"https:\/\/cliniclesalpes.com\/fr\/wp-json\/wp\/v2\/tags?post=100276"}],"curies":[{"name":"wp","href":"https:\/\/api.w.org\/{rel}","templated":true}]}}