{"id":100282,"date":"2026-08-19T15:37:51","date_gmt":"2026-08-19T15:37:51","guid":{"rendered":"https:\/\/cliniclesalpes.com\/?p=100282"},"modified":"2026-08-19T17:28:29","modified_gmt":"2026-08-19T17:28:29","slug":"reprogrammation-mentale","status":"publish","type":"post","link":"https:\/\/cliniclesalpes.com\/fr\/blog\/2026\/08\/19\/reprogrammation-mentale\/","title":{"rendered":"Reprogrammation mentale\u00a0: quand corps, esprit et \u00e9motions se r\u00e9concilient"},"content":{"rendered":"\r\n<p class=\"wp-block-paragraph\">Les sch\u00e9mas mentaux n\u00e9gatifs dictent votre r\u00e9alit\u00e9 et cr\u00e9ent une frustration quotidienne. La reprogrammation mentale est la m\u00e9thode active pour reprendre le contr\u00f4le de votre cerveau.<\/p>\r\n\r\n\r\n\r\n<p class=\"wp-block-paragraph\">Cette technique utilise la plasticit\u00e9 c\u00e9r\u00e9brale, pour cr\u00e9er de nouveaux circuits neuronaux et atteindre vos objectifs.\u00a0<\/p>\r\n\r\n\r\n\r\n<p class=\"wp-block-paragraph\">Elle engage le corps et les \u00e9motions pour ancrer un changement profond, loin d&rsquo;une simple pens\u00e9e positive passag\u00e8re.\u00a0<\/p>\r\n\r\n\r\n\r\n<p class=\"wp-block-paragraph\">Dans un centre expert, cette r\u00e9\u00e9ducation consciente devient un entra\u00eenement mental concret pour retrouver une pleine sant\u00e9.\u00a0<\/p>\r\n\r\n\r\n\r\n<p class=\"wp-block-paragraph\">D\u00e9couvrez comment cette approche innovante vous aide \u00e0 lever vos blocages.<\/p>\r\n\r\n\r\n\r\n<h2 class=\"wp-block-heading\">Comprendre les fondements de la reprogrammation mentale<\/h2>\r\n\r\n\r\n\r\n<p class=\"wp-block-paragraph\"><strong>La reprogrammation mentale am\u00e9liore la transformation consciente des sch\u00e9mas de pens\u00e9e automatiques<\/strong>.\u00a0<\/p>\r\n\r\n\r\n\r\n<p class=\"wp-block-paragraph\">Cette d\u00e9marche s&rsquo;appuie sur la plasticit\u00e9 c\u00e9r\u00e9brale, capacit\u00e9 scientifiquement \u00e9tablie du cerveau \u00e0 se r\u00e9organiser et cr\u00e9er de nouvelles connexions.\u00a0<\/p>\r\n\r\n\r\n\r\n<p class=\"wp-block-paragraph\">Elle modifie durablement les croyances limitantes ancr\u00e9es dans le subconscient.<\/p>\r\n\r\n\r\n\r\n<table class=\"redac-table\">\r\n<thead>\r\n<tr>\r\n<th>M\u00e9canisme neurologique<\/th>\r\n<th>Technique d&rsquo;application<\/th>\r\n<th>R\u00e9sultats observ\u00e9s<\/th>\r\n<\/tr>\r\n<\/thead>\r\n<tbody>\r\n<tr>\r\n<td>La plasticit\u00e9 c\u00e9r\u00e9brale cr\u00e9e de nouvelles connexions synaptiques quand le cerveau r\u00e9p\u00e8te des pens\u00e9es positives<\/td>\r\n<td data-label=\"Technique d'application\">Les affirmations positives et exercices pratiques stimulent quotidiennement les circuits neuronaux cibl\u00e9s<\/td>\r\n<td data-label=\"R\u00e9sultats observ\u00e9s\">Les sch\u00e9mas mentaux n\u00e9gatifs c\u00e8dent progressivement la place \u00e0 des croyances constructives<\/td>\r\n<\/tr>\r\n<tr>\r\n<td>Le subconscient int\u00e8gre les nouvelles programmations mentales par la r\u00e9p\u00e9tition consciente d&rsquo;\u00e9tats positifs<\/td>\r\n<td data-label=\"Technique d'application\">La m\u00e9ditation guid\u00e9e et la visualisation cr\u00e9ative renforcent l&rsquo;ancrage des nouveaux patterns cognitifs<\/td>\r\n<td data-label=\"R\u00e9sultats observ\u00e9s\">La personne d\u00e9veloppe un \u00e9tat d&rsquo;esprit positif et atteint ses objectifs avec plus de facilit\u00e9<\/td>\r\n<\/tr>\r\n<tr>\r\n<td>L&rsquo;interconnexion corps-esprit amplifie l&rsquo;efficacit\u00e9 de la reprogrammation par l&rsquo;engagement des \u00e9motions et sensations physiques<\/td>\r\n<td data-label=\"Technique d'application\">L&rsquo;hypnose th\u00e9rapeutique et les techniques de respiration consciente facilitent l&rsquo;acc\u00e8s aux ressources int\u00e9rieures<\/td>\r\n<td data-label=\"R\u00e9sultats observ\u00e9s\">Les troubles anxieux, traumatismes et blocages mentaux se dissolvent naturellement dans un cadre th\u00e9rapeutique adapt\u00e9<\/td>\r\n<\/tr>\r\n<\/tbody>\r\n<\/table>\r\n\r\n\r\n\r\n<div class=\"snippet-bait\">\r\n<p>La reprogrammation mentale am\u00e9liore votre sant\u00e9 mentale et vous fait atteindre vos objectifs. Cette technique vous fait changer de vie, r\u00e9ussir \u00e0 lever vos blocages mentaux et appliquer la psychologie du succ\u00e8s pour d\u00e9velopper un mental de fer.<\/p>\r\n<\/div>\r\n\r\n\r\n\r\n<h2 class=\"wp-block-heading\">Les m\u00e9canismes scientifiques de la transformation mentale<\/h2>\r\n\r\n\r\n\r\n<p class=\"wp-block-paragraph\">Examinons comment les neurosciences modernes \u00e9clairent le fonctionnement de la reprogrammation mentale.\u00a0<\/p>\r\n\r\n\r\n\r\n<p class=\"wp-block-paragraph\">Cette plasticit\u00e9 c\u00e9r\u00e9brale explique scientifiquement comment notre cerveau se restructure naturellement.\u00a0<\/p>\r\n\r\n\r\n\r\n<p class=\"wp-block-paragraph\">L&rsquo;\u00e9tude de ces m\u00e9canismes r\u00e9v\u00e8le pourquoi l&rsquo;int\u00e9gration des dimensions corporelle et \u00e9motionnelle amplifie l&rsquo;efficacit\u00e9 des m\u00e9thodes de reprogrammation.<\/p>\r\n\r\n\r\n\r\n<h3 class=\"wp-block-heading\">La plasticit\u00e9 c\u00e9r\u00e9brale au service du changement<\/h3>\r\n\r\n\r\n\r\n<p class=\"wp-block-paragraph\"><strong>Le cerveau adulte cr\u00e9e quotidiennement de nouvelles connexions synaptiques<\/strong> gr\u00e2ce \u00e0 la neuroplasticit\u00e9.\u00a0<\/p>\r\n\r\n\r\n\r\n<p class=\"wp-block-paragraph\">Chaque pens\u00e9e r\u00e9p\u00e9t\u00e9e stimule des circuits neuronaux sp\u00e9cifiques et modifie progressivement la structure c\u00e9r\u00e9brale.\u00a0<\/p>\r\n\r\n\r\n\r\n<p class=\"wp-block-paragraph\">Cette capacit\u00e9 d&rsquo;adaptation explique pourquoi les exercices de reprogrammation mentale transforment durablement les sch\u00e9mas limitants.\u00a0<\/p>\r\n\r\n\r\n\r\n<p class=\"wp-block-paragraph\">L&rsquo;\u00e9tat de conscience focalis\u00e9 durant ces s\u00e9ances optimise la cr\u00e9ation de nouveaux patterns neuronaux.\u00a0<\/p>\r\n\r\n\r\n\r\n<p class=\"wp-block-paragraph\">Cette plasticit\u00e9 neuronale fonctionne \u00e0 tout \u00e2ge, offrant des b\u00e9n\u00e9fices m\u00eame apr\u00e8s des ann\u00e9es d&rsquo;habitudes n\u00e9gatives.<\/p>\r\n\r\n\r\n\r\n<h3 class=\"wp-block-heading\">L&rsquo;interconnexion corps-esprit dans la reprogrammation<\/h3>\r\n\r\n\r\n\r\n<p class=\"wp-block-paragraph\">Cette transformation neuronale s&rsquo;enrichit par l&rsquo;implication du syst\u00e8me corporel dans le processus de changement.\u00a0<\/p>\r\n\r\n\r\n\r\n<p class=\"wp-block-paragraph\">Les \u00e9motions et sensations physiques influencent la reprogrammation mentale, cr\u00e9ant une relation bidirectionnelle entre corps et cerveau\u00a0:<\/p>\r\n\r\n\r\n\r\n<ul class=\"wp-block-list\">\r\n<li><strong>Les tensions corporelles<\/strong> stockent les m\u00e9moires traumatiques et freinent la reprogrammation<\/li>\r\n\r\n\r\n\r\n<li><strong>La respiration consciente<\/strong> active les ressources int\u00e9rieures et facilite l&rsquo;acc\u00e8s au subconscient<\/li>\r\n\r\n\r\n\r\n<li><strong>Les mouvements th\u00e9rapeutiques<\/strong> lib\u00e8rent les blocages \u00e9motionnels et renforcent les nouveaux sch\u00e9mas<\/li>\r\n\r\n\r\n\r\n<li><strong>L&rsquo;int\u00e9gration sensorielle<\/strong> amplifie l&rsquo;ancrage des affirmations positives dans la r\u00e9alit\u00e9 corporelle<\/li>\r\n<\/ul>\r\n\r\n\r\n\r\n<h2 class=\"wp-block-heading\">L&rsquo;approche holistique\u00a0: une vision int\u00e9grative de la gu\u00e9rison<\/h2>\r\n\r\n\r\n\r\n<p class=\"wp-block-paragraph\">Ces m\u00e9canismes neurobiologiques prennent leur pleine mesure dans une d\u00e9marche globale.\u00a0<\/p>\r\n\r\n\r\n\r\n<p class=\"wp-block-paragraph\">L&rsquo;accompagnement holistique d\u00e9passe le traitement symptomatique habituel en consid\u00e9rant chaque patient dans sa r\u00e9alit\u00e9 multidimensionnelle.\u00a0<\/p>\r\n\r\n\r\n\r\n<p class=\"wp-block-paragraph\">Cette m\u00e9thode th\u00e9rapeutique agit simultan\u00e9ment sur plusieurs niveaux pour changer durablement les croyances limitantes et am\u00e9liorer la sant\u00e9 mentale.<\/p>\r\n\r\n\r\n\r\n<h3 class=\"wp-block-heading\">Les dimensions de l&rsquo;accompagnement holistique<\/h3>\r\n\r\n\r\n\r\n<p class=\"wp-block-paragraph\">La transformation personnelle s&rsquo;\u00e9panouit quand chaque aspect de votre existence trouve sa place dans le processus th\u00e9rapeutique.\u00a0<\/p>\r\n\r\n\r\n\r\n<p class=\"wp-block-paragraph\">Un centre expert int\u00e8gre ces diff\u00e9rent plans pour cr\u00e9er un \u00e9quilibre durable et retrouver un bien-\u00eatre authentique\u00a0:<\/p>\r\n\r\n\r\n\r\n<ul class=\"wp-block-list\">\r\n<li><strong>Le plan physique<\/strong>\u00a0: r\u00e9\u00e9ducation corporelle, gestion de la douleur, habitudes de vie saines<\/li>\r\n\r\n\r\n\r\n<li><strong>La dimension \u00e9motionnelle<\/strong>\u00a0: traitement des traumatismes, r\u00e9gulation des pens\u00e9es n\u00e9gatives<\/li>\r\n\r\n\r\n\r\n<li><strong>L&rsquo;aspect mental<\/strong>\u00a0: techniques pratiques de d\u00e9veloppement personnel, objectifs clairs<\/li>\r\n\r\n\r\n\r\n<li><strong>L&rsquo;environnement socioculturel<\/strong>\u00a0: relations familiales, contexte professionnel, r\u00e9seau social<\/li>\r\n\r\n\r\n\r\n<li><strong>La dimension spirituelle<\/strong>\u00a0: qu\u00eate de sens, connexion \u00e0 soi, valeurs personnelles<\/li>\r\n<\/ul>\r\n\r\n\r\n\r\n<h3 class=\"wp-block-heading\">La synergie th\u00e9rapeutique pour une transformation compl\u00e8te<\/h3>\r\n\r\n\r\n\r\n<p class=\"wp-block-paragraph\">Cette int\u00e9gration multidimensionnelle amplifie l&rsquo;efficacit\u00e9 de chaque proc\u00e9d\u00e9 innovant utilis\u00e9.\u00a0<\/p>\r\n\r\n\r\n\r\n<p class=\"wp-block-paragraph\">Les sp\u00e9cialistes interviennent en amont, avant que les troubles ne s&rsquo;installent d\u00e9finitivement dans votre r\u00e9alit\u00e9 quotidienne.<\/p>\r\n\r\n\r\n\r\n<ul class=\"wp-block-list\">\r\n<li><strong>L&rsquo;accompagnement sp\u00e9cialis\u00e9<\/strong> coordonne toutes les interventions autour de vos besoins sp\u00e9cifiques<\/li>\r\n\r\n\r\n\r\n<li><strong>Les s\u00e9ances combinent neurosciences et outils traditionnels<\/strong> pour un effet optimal<\/li>\r\n\r\n\r\n\r\n<li><strong>La pr\u00e9vention anticipe les rechutes<\/strong> par une surveillance continue de votre \u00e9volution<\/li>\r\n<\/ul>\r\n\r\n\r\n\r\n<div class=\"snippet-bait\">\r\n<p><a href=\"https:\/\/cliniclesalpes.com\/fr\/traitement-et-therapies\/\">D\u00e9couvrez l\u2019approche th\u00e9rapeutique holistique de Clinic Les Alpes<\/a><\/p>\r\n<\/div>\r\n\r\n\r\n\r\n<figure class=\"wp-block-image size-full\"><img decoding=\"async\" class=\"wp-image-100284\" src=\"https:\/\/cliniclesalpes.com\/wp-content\/uploads\/2025\/09\/image-23.png\" alt=\"\" \/><\/figure>\r\n\r\n\r\n\r\n<h2 class=\"wp-block-heading\">Les techniques concr\u00e8tes de reprogrammation mentale<\/h2>\r\n\r\n\r\n\r\n<p class=\"wp-block-paragraph\">Les m\u00e9thodes de reprogrammation mentale remplacent les sch\u00e9mas n\u00e9gatifs par de nouveaux patterns constructifs.\u00a0<\/p>\r\n\r\n\r\n\r\n<p class=\"wp-block-paragraph\">Chaque m\u00e9canisme exploite la plasticit\u00e9 c\u00e9r\u00e9brale naturelle, personnalis\u00e9e selon votre \u00e9tat mental et vos blocages personnels.<\/p>\r\n\r\n\r\n\r\n<h3 class=\"wp-block-heading\">Le processus de transformation en trois \u00e9tapes<\/h3>\r\n\r\n\r\n\r\n<p class=\"wp-block-paragraph\">Le d\u00e9veloppement personnel structur\u00e9 suit une progression logique qui mobilise vos ressources int\u00e9rieures.\u00a0<\/p>\r\n\r\n\r\n\r\n<p class=\"wp-block-paragraph\">Ces exercices pratiques ancrent durablement les modifications dans votre subconscient et cr\u00e9ent un \u00e9tat d&rsquo;esprit positif\u00a0:<\/p>\r\n\r\n\r\n\r\n<ul class=\"wp-block-list\">\r\n<li><strong>D\u00e9cider<\/strong>\u00a0: clarifier vos objectifs personnels, identifier les troubles \u00e0 r\u00e9soudre, engager votre conscient vers la transformation<\/li>\r\n\r\n\r\n\r\n<li><strong>Reprogrammer<\/strong>\u00a0: utiliser les affirmations positives quotidiennes, pratiquer la visualisation cr\u00e9ative, stimuler les circuits neuronaux par la r\u00e9p\u00e9tition<\/li>\r\n\r\n\r\n\r\n<li><strong>Int\u00e9grer<\/strong>\u00a0: ancrer les nouvelles habitudes mentales, maintenir la coh\u00e9rence entre pens\u00e9es et actions, d\u00e9velopper une routine th\u00e9rapeutique r\u00e9guli\u00e8re<\/li>\r\n<\/ul>\r\n\r\n\r\n\r\n<h3 class=\"wp-block-heading\">Les outils th\u00e9rapeutiques compl\u00e9mentaires<\/h3>\r\n\r\n\r\n\r\n<p class=\"wp-block-paragraph\">Les techniques pratiques s&rsquo;enrichissent d&rsquo;outils innovants qui facilitent l&rsquo;acc\u00e8s aux couches profondes de la programmation mentale.\u00a0<\/p>\r\n\r\n\r\n\r\n<p class=\"wp-block-paragraph\">Un centre expert combine ces m\u00e9thodes selon votre relation particuli\u00e8re au changement et votre capacit\u00e9 \u00e0<a href=\"https:\/\/cliniclesalpes.com\/fr\/blog\/prendre-de-la-distance-pour-se-proteger\/\" target=\"_blank\" rel=\"noreferrer noopener\"> prendre de la distance pour vous prot\u00e9ger<\/a> \u00e9motionnellement.<\/p>\r\n\r\n\r\n\r\n<ul class=\"wp-block-list\">\r\n<li><strong>Hypnose th\u00e9rapeutique<\/strong>\u00a0: acc\u00e8s direct au subconscient, modification des croyances limitantes<\/li>\r\n\r\n\r\n\r\n<li><strong>M\u00e9ditation guid\u00e9e<\/strong>\u00a0: d\u00e9veloppement de la conscience corporelle, r\u00e9gulation \u00e9motionnelle naturelle<\/li>\r\n\r\n\r\n\r\n<li><strong>Art-th\u00e9rapie<\/strong>\u00a0: expression cr\u00e9ative des blocages, lib\u00e9ration des tensions psychiques refoul\u00e9es<\/li>\r\n\r\n\r\n\r\n<li><strong>Soins \u00e9nerg\u00e9tiques<\/strong>\u00a0: harmonisation corps-esprit, stimulation des m\u00e9canismes d&rsquo;autogu\u00e9rison<\/li>\r\n<\/ul>\r\n\r\n\r\n\r\n<div class=\"snippet-bait\">\r\n<p>Utiliser des affirmations positives et transformer les pens\u00e9es cr\u00e9ent un \u00e9tat d&rsquo;esprit positif. Ces exercices interactifs changent les habitudes de votre cerveau.<\/p>\r\n<\/div>\r\n\r\n\r\n\r\n<figure class=\"wp-block-image size-full\"><img decoding=\"async\" class=\"wp-image-100283\" src=\"https:\/\/cliniclesalpes.com\/wp-content\/uploads\/2025\/09\/image-22.png\" alt=\"\" \/><\/figure>\r\n\r\n\r\n\r\n<h2 class=\"wp-block-heading\">L&rsquo;accompagnement sp\u00e9cialis\u00e9 \u00e0 Clinic Les Alpes\u00a0<\/h2>\r\n\r\n\r\n\r\n<p class=\"wp-block-paragraph\">La reprogrammation mentale n&rsquo;est pas une simple th\u00e9orie mais une action.\u00a0<\/p>\r\n\r\n\r\n\r\n<p class=\"wp-block-paragraph\">Chaque jour, dans notre centre unique, chaque patient engage un mouvement r\u00e9el pour reprogrammer son cerveau et changer de vie.\u00a0<\/p>\r\n\r\n\r\n\r\n<p class=\"wp-block-paragraph\">Notre accompagnement personnalis\u00e9, int\u00e9grant la neuroscience et diverses th\u00e9rapies innovantes, ancre cette nouvelle r\u00e9alit\u00e9.\u00a0<\/p>\r\n\r\n\r\n\r\n<p class=\"wp-block-paragraph\">Nos sp\u00e9cialistes vous guident pour atteindre vos objectifs, dissoudre la peur ou la douleur li\u00e9e \u00e0 un traumatisme, et construire une nouvelle habitude de vie saine.\u00a0<\/p>\r\n\r\n\r\n\r\n<p class=\"wp-block-paragraph\">Vous quittez les pens\u00e9es limitantes pour retrouver une pleine sant\u00e9 mentale et physique. Ce travail de r\u00e9\u00e9ducation conscient devient votre nouvelle normalit\u00e9.<\/p>\r\n\r\n\r\n\r\n<div class=\"snippet-bait\">\r\n<p><a href=\"https:\/\/cliniclesalpes.com\/fr\/contactez-nous\/\">Initiez votre transformation d\u00e8s maintenant<\/a><\/p>\r\n<\/div>\r\n","protected":false},"excerpt":{"rendered":"<p>Les sch\u00e9mas mentaux n\u00e9gatifs dictent votre r\u00e9alit\u00e9 et cr\u00e9ent une frustration quotidienne. La reprogrammation mentale est la m\u00e9thode active pour reprendre le contr\u00f4le de votre cerveau. Cette technique utilise la plasticit\u00e9 c\u00e9r\u00e9brale, pour cr\u00e9er de nouveaux circuits neuronaux et atteindre vos objectifs.\u00a0 Elle engage le corps et les \u00e9motions pour ancrer un changement profond, loin [&hellip;]<\/p>\n","protected":false},"author":1,"featured_media":114105,"comment_status":"closed","ping_status":"closed","sticky":false,"template":"","format":"standard","meta":{"_acf_changed":false,"footnotes":""},"categories":[117],"tags":[],"class_list":["post-100282","post","type-post","status-publish","format-standard","has-post-thumbnail","hentry","category-sante-mentale-et-bien-etre"],"acf":[],"_links":{"self":[{"href":"https:\/\/cliniclesalpes.com\/fr\/wp-json\/wp\/v2\/posts\/100282","targetHints":{"allow":["GET"]}}],"collection":[{"href":"https:\/\/cliniclesalpes.com\/fr\/wp-json\/wp\/v2\/posts"}],"about":[{"href":"https:\/\/cliniclesalpes.com\/fr\/wp-json\/wp\/v2\/types\/post"}],"author":[{"embeddable":true,"href":"https:\/\/cliniclesalpes.com\/fr\/wp-json\/wp\/v2\/users\/1"}],"replies":[{"embeddable":true,"href":"https:\/\/cliniclesalpes.com\/fr\/wp-json\/wp\/v2\/comments?post=100282"}],"version-history":[{"count":2,"href":"https:\/\/cliniclesalpes.com\/fr\/wp-json\/wp\/v2\/posts\/100282\/revisions"}],"predecessor-version":[{"id":114109,"href":"https:\/\/cliniclesalpes.com\/fr\/wp-json\/wp\/v2\/posts\/100282\/revisions\/114109"}],"wp:featuredmedia":[{"embeddable":true,"href":"https:\/\/cliniclesalpes.com\/fr\/wp-json\/wp\/v2\/media\/114105"}],"wp:attachment":[{"href":"https:\/\/cliniclesalpes.com\/fr\/wp-json\/wp\/v2\/media?parent=100282"}],"wp:term":[{"taxonomy":"category","embeddable":true,"href":"https:\/\/cliniclesalpes.com\/fr\/wp-json\/wp\/v2\/categories?post=100282"},{"taxonomy":"post_tag","embeddable":true,"href":"https:\/\/cliniclesalpes.com\/fr\/wp-json\/wp\/v2\/tags?post=100282"}],"curies":[{"name":"wp","href":"https:\/\/api.w.org\/{rel}","templated":true}]}}