{"id":100288,"date":"2026-08-19T15:37:51","date_gmt":"2026-08-19T15:37:51","guid":{"rendered":"https:\/\/cliniclesalpes.com\/?p=100288"},"modified":"2026-08-19T17:28:28","modified_gmt":"2026-08-19T17:28:28","slug":"effondrement-psychique","status":"publish","type":"post","link":"https:\/\/cliniclesalpes.com\/fr\/blog\/2026\/08\/19\/effondrement-psychique\/","title":{"rendered":"Effondrement psychique\u00a0: comprendre cette \u00e9preuve pour mieux la traverser"},"content":{"rendered":"\r\n<p class=\"wp-block-paragraph\">Un matin, votre vie bascule. Les murs de votre r\u00e9alit\u00e9 s&rsquo;effondrent, votre structure psychique c\u00e8de face au stress.\u00a0<\/p>\r\n\r\n\r\n\r\n<p class=\"wp-block-paragraph\">Cette d\u00e9compensation plonge la personne dans une d\u00e9tresse profonde et une sensation de vide terrifiant. L&rsquo;effondrement psychique cr\u00e9e une chute vertigineuse vers un \u00e9tat de grande vuln\u00e9rabilit\u00e9.<\/p>\r\n\r\n\r\n\r\n<p class=\"wp-block-paragraph\">Mais cette \u00e9preuve cache une v\u00e9ritable chance de reconstruction. Comprendre les sympt\u00f4mes, identifier les causes et d\u00e9couvrir les traitements adapt\u00e9s aide chaque patient \u00e0 retrouver son \u00e9quilibre.\u00a0<\/p>\r\n\r\n\r\n\r\n<p class=\"wp-block-paragraph\">La renaissance psychologique vous attend. Faire face \u00e0 vos difficult\u00e9s et les surmonter commence ici.\u00a0<\/p>\r\n\r\n\r\n\r\n<h2 class=\"wp-block-heading\">Qu&rsquo;est-ce qu&rsquo;un effondrement psychique\u00a0?<\/h2>\r\n\r\n\r\n\r\n<p class=\"wp-block-paragraph\">L&rsquo;effondrement psychique d\u00e9signe<strong> une d\u00e9compensation brutale de l&rsquo;\u00e9quilibre mental<\/strong>, bien au-del\u00e0 d&rsquo;une crise passag\u00e8re. Cette rupture survient lorsque l&rsquo;individu ne parvient plus \u00e0 faire face aux pressions, plongeant la personne dans un \u00e9tat de d\u00e9tresse et de sensation de vide.<\/p>\r\n\r\n\r\n\r\n<p class=\"wp-block-paragraph\">Cette d\u00e9compensation psychique touche des personnes de tous horizons. Le patient traverse une exp\u00e9rience de mal-\u00eatre intense o\u00f9 il<a href=\"https:\/\/cliniclesalpes.com\/fr\/blog\/perdre-pied-psychologiquement\/\" target=\"_blank\" rel=\"noreferrer noopener\"> perd pied psychologiquement<\/a>, incapable de maintenir son fonctionnement habituel.<\/p>\r\n\r\n\r\n\r\n<p class=\"wp-block-paragraph\">Cette condition se caract\u00e9rise par une chute de la capacit\u00e9 d&rsquo;adaptation et une d\u00e9sorganisation des m\u00e9canismes de d\u00e9fense psychologique.\u00a0<\/p>\r\n\r\n\r\n\r\n<p class=\"wp-block-paragraph\">Pour mieux comprendre cette r\u00e9alit\u00e9, voici les principales diff\u00e9rences entre les diverses formes de crises psychiques\u00a0:<\/p>\r\n\r\n\r\n\r\n<table class=\"redac-table\">\r\n<thead>\r\n<tr>\r\n<th>Crise passag\u00e8re<\/th>\r\n<th>Effondrement psychique<\/th>\r\n<th>Trouble psychiatrique<\/th>\r\n<\/tr>\r\n<\/thead>\r\n<tbody>\r\n<tr>\r\n<td>Dur\u00e9e limit\u00e9e<\/td>\r\n<td data-label=\"Effondrement psychique\">Rupture brutale prolong\u00e9e<\/td>\r\n<td data-label=\"Trouble psychiatrique\">\u00c9volution chronique<\/td>\r\n<\/tr>\r\n<tr>\r\n<td>R\u00e9cup\u00e9ration pr\u00e9serv\u00e9e<\/td>\r\n<td data-label=\"Effondrement psychique\">Perte de fonctionnement<\/td>\r\n<td data-label=\"Trouble psychiatrique\">Sympt\u00f4mes sp\u00e9cifiques<\/td>\r\n<\/tr>\r\n<tr>\r\n<td>Facteur identifiable<\/td>\r\n<td data--label=\"Effondrement psychique\">D\u00e9compensation massive<\/td>\r\n<td data-label=\"Trouble psychiatrique\">Diagnostic pr\u00e9cis<\/td>\r\n<\/tr>\r\n<\/tbody>\r\n<\/table>\r\n\r\n\r\n\r\n<h2 class=\"wp-block-heading\">Les manifestations de l&rsquo;effondrement psychique<\/h2>\r\n\r\n\r\n\r\n<p class=\"wp-block-paragraph\">Une fois que la d\u00e9compensation s&rsquo;installe, l&rsquo;effondrement psychique se manifeste de multiples fa\u00e7ons et touche diff\u00e9rents aspects de la vie du patient.\u00a0<\/p>\r\n\r\n\r\n\r\n<p class=\"wp-block-paragraph\">Reconna\u00eetre ces sympt\u00f4mes aide \u00e0 comprendre cette \u00e9preuve et \u00e0 agir rapidement pour une prise en charge adapt\u00e9e.<\/p>\r\n\r\n\r\n\r\n<h3 class=\"wp-block-heading\">Les sympt\u00f4mes \u00e9motionnels et psychologiques<\/h3>\r\n\r\n\r\n\r\n<p class=\"wp-block-paragraph\">L&rsquo;effondrement psychique provoque <strong>une d\u00e9sorganisation de l&rsquo;univers int\u00e9rieur du sujet<\/strong>.\u00a0<\/p>\r\n\r\n\r\n\r\n<p class=\"wp-block-paragraph\">Cela g\u00e9n\u00e8re un sentiment d&rsquo;impuissance face \u00e0 la r\u00e9alit\u00e9 et une crainte diffuse qui envahit la conscience\u00a0:<\/p>\r\n\r\n\r\n\r\n<ul class=\"wp-block-list\">\r\n<li>Sensation de vide existentiel et<a href=\"https:\/\/cliniclesalpes.com\/fr\/blog\/vide-emotionnel\/\" target=\"_blank\" rel=\"noreferrer noopener\"> vide \u00e9motionnel<\/a> intense<\/li>\r\n\r\n\r\n\r\n<li>Anxi\u00e9t\u00e9 massive accompagn\u00e9e d&rsquo;angoisse chronique<\/li>\r\n\r\n\r\n\r\n<li><a href=\"https:\/\/cliniclesalpes.com\/fr\/blog\/perte-de-sens\/\" target=\"_blank\" rel=\"noreferrer noopener\">Perte de sens<\/a> et effondrement des rep\u00e8res personnels<\/li>\r\n\r\n\r\n\r\n<li>D\u00e9tresse psychologique avec sentiment de terreur int\u00e9rieure<\/li>\r\n\r\n\r\n\r\n<li>Troubles de la pens\u00e9e et d\u00e9sorganisation cognitive<\/li>\r\n<\/ul>\r\n\r\n\r\n\r\n<h3 class=\"wp-block-heading\">Les r\u00e9percussions physiques et comportementales<\/h3>\r\n\r\n\r\n\r\n<p class=\"wp-block-paragraph\"><strong>L&rsquo;\u00e9puisement \u00e9motionnel se traduit par des d\u00e9gradations physiques<\/strong>, qui accompagnent la d\u00e9compensation psychique et r\u00e9v\u00e8le l&rsquo;ampleur de la crise.<\/p>\r\n\r\n\r\n\r\n<ul class=\"wp-block-list\">\r\n<li>Troubles du sommeil s\u00e9v\u00e8res avec insomnies persistantes<\/li>\r\n\r\n\r\n\r\n<li>Perte d&rsquo;\u00e9nergie massive et fatigue chronique<\/li>\r\n\r\n\r\n\r\n<li>Modifications du comportement et isolement social<\/li>\r\n\r\n\r\n\r\n<li>Diminution drastique de la capacit\u00e9 de concentration<\/li>\r\n\r\n\r\n\r\n<li>Sympt\u00f4mes psychosomatiques divers<\/li>\r\n<\/ul>\r\n\r\n\r\n\r\n<h3 class=\"wp-block-heading\">L&rsquo;impact sur la vie quotidienne et relationnelle<\/h3>\r\n\r\n\r\n\r\n<p class=\"wp-block-paragraph\">Le patient peut rencontrer des entraves dans l&rsquo;organisation de ses activit\u00e9s et dans la prise en charge de soi.\u00a0<\/p>\r\n\r\n\r\n\r\n<p class=\"wp-block-paragraph\">Les relations familiales et professionnelles subissent aussi des cons\u00e9quences durables. Il est tr\u00e8s difficile de maintenir un \u00e9quilibre social.\u00a0<\/p>\r\n\r\n\r\n\r\n<p class=\"wp-block-paragraph\">Ce mal-\u00eatre global n\u00e9cessite un accompagnement th\u00e9rapeutique sp\u00e9cialis\u00e9 pour amorcer la reconstruction.<\/p>\r\n\r\n\r\n\r\n<div class=\"snippet-bait\">\r\n<p><a href=\"https:\/\/cliniclesalpes.com\/fr\/traitement-et-therapies\/\">D\u00e9couvrez notre accompagnement sp\u00e9cialis\u00e9<\/a><\/p>\r\n<\/div>\r\n\r\n\r\n\r\n<figure class=\"wp-block-image size-full\"><img decoding=\"async\" class=\"wp-image-100290\" src=\"https:\/\/cliniclesalpes.com\/wp-content\/uploads\/2025\/09\/image-26.png\" alt=\"\" \/><\/figure>\r\n\r\n\r\n\r\n<h2 class=\"wp-block-heading\">Les causes et facteurs d\u00e9clencheurs<\/h2>\r\n\r\n\r\n\r\n<p class=\"wp-block-paragraph\">L&rsquo;effondrement psychique r\u00e9sulte g\u00e9n\u00e9ralement d&rsquo;une accumulation de facteurs et d&rsquo;un \u00e9v\u00e9nement d\u00e9clencheur.\u00a0<\/p>\r\n\r\n\r\n\r\n<p class=\"wp-block-paragraph\">Identifier ces causes facilite une prise en charge adapt\u00e9e et aide \u00e0 pr\u00e9venir les rechutes futures.<\/p>\r\n\r\n\r\n\r\n<h3 class=\"wp-block-heading\">Les traumatismes et \u00e9v\u00e9nements de vie majeurs<\/h3>\r\n\r\n\r\n\r\n<p class=\"wp-block-paragraph\">Un traumatisme psychique pr\u00e9cipite fr\u00e9quemment la d\u00e9compensation. Ces chocs \u00e9motionnels cr\u00e9ent une rupture dans la structure psychique du sujet et g\u00e9n\u00e8rent un stress post-traumatique durable.\u00a0<\/p>\r\n\r\n\r\n\r\n<p class=\"wp-block-paragraph\">Le d\u00e9c\u00e8s d&rsquo;un proche, un accident grave ou une agression marquent l&rsquo;organisation mentale. Ces \u00e9v\u00e9nements bouleversent l&rsquo;\u00e9quilibre \u00e9tabli et d\u00e9passent les capacit\u00e9s d&rsquo;adaptation.<\/p>\r\n\r\n\r\n\r\n<p class=\"wp-block-paragraph\">D&rsquo;ailleurs, des questions comme, <a href=\"https:\/\/cliniclesalpes.com\/fr\/blog\/comment-surmonter-un-traumatisme-psychologique\/\" target=\"_blank\" rel=\"noreferrer noopener\">comment surmonter un traumatisme psychologique<\/a>, sont centrales dans ce contexte. Ces blessures anciennes fragilisent le terrain psychique et favorisent l&rsquo;\u00e9mergence d&rsquo;une crise majeure face \u00e0 de nouveaux stress.<\/p>\r\n\r\n\r\n\r\n<h3 class=\"wp-block-heading\">Le stress chronique et la surcharge<\/h3>\r\n\r\n\r\n\r\n<p class=\"wp-block-paragraph\">Le stress chronique mine progressivement les d\u00e9fenses psychiques et pr\u00e9pare le terrain \u00e0 l&rsquo;effondrement.\u00a0<\/p>\r\n\r\n\r\n\r\n<p class=\"wp-block-paragraph\"><strong>L&rsquo;\u00e9tat de stress permanent \u00e9puise les ressources mentales<\/strong> et alt\u00e8re la capacit\u00e9 de r\u00e9sistance face aux contraintes:<\/p>\r\n\r\n\r\n\r\n<ul class=\"wp-block-list\">\r\n<li>Surcharge de travail excessive avec pression professionnelle constante<\/li>\r\n\r\n\r\n\r\n<li>Tensions familiales durables et conflits relationnels r\u00e9p\u00e9t\u00e9s<\/li>\r\n\r\n\r\n\r\n<li>Pressions sociales et attentes ext\u00e9rieures d\u00e9mesur\u00e9es<\/li>\r\n\r\n\r\n\r\n<li>Accumulation de responsabilit\u00e9s sans possibilit\u00e9 de repos<\/li>\r\n<\/ul>\r\n\r\n\r\n\r\n<h3 class=\"wp-block-heading\">Les troubles psychiatriques sous-jacents<\/h3>\r\n\r\n\r\n\r\n<p class=\"wp-block-paragraph\">Certains troubles psychiatriques fragilisent les d\u00e9fenses et favorisent la d\u00e9compensation.\u00a0<\/p>\r\n\r\n\r\n\r\n<p class=\"wp-block-paragraph\">La d\u00e9pression m\u00e9lancolique, le trouble bipolaire ou l&rsquo;anxi\u00e9t\u00e9 chronique cr\u00e9ent une vuln\u00e9rabilit\u00e9 particuli\u00e8re. Ces pathologies alt\u00e8rent progressivement la stabilit\u00e9 \u00e9motionnelle.<\/p>\r\n\r\n\r\n\r\n<p class=\"wp-block-paragraph\"><a href=\"https:\/\/cliniclesalpes.com\/fr\/blog\/tdah-depression\/\" target=\"_blank\" rel=\"noreferrer noopener\">Un TDAH ou une d\u00e9pression <\/a>par exemple, peuvent s&rsquo;associer dans ce processus d\u2019effondrement.\u00a0<\/p>\r\n\r\n\r\n\r\n<p class=\"wp-block-paragraph\">Cette accumulation de vuln\u00e9rabilit\u00e9s pr\u00e9pare le terrain \u00e0 une d\u00e9compensation massive, m\u00eame face \u00e0 un stress qui semblerait anodin.<\/p>\r\n\r\n\r\n\r\n<figure class=\"wp-block-image size-full\"><img decoding=\"async\" class=\"wp-image-100291\" src=\"https:\/\/cliniclesalpes.com\/wp-content\/uploads\/2025\/09\/image-27.png\" alt=\"\" \/><\/figure>\r\n\r\n\r\n\r\n<h2 class=\"wp-block-heading\">Comment surmonter un effondrement psychique ?<\/h2>\r\n\r\n\r\n\r\n<p class=\"wp-block-paragraph\">M\u00eame si ces causes semblent accablantes et nombreuses, des possibilit\u00e9s de gu\u00e9rison et de reconstruction existent.\u00a0<\/p>\r\n\r\n\r\n\r\n<p class=\"wp-block-paragraph\">Un accompagnement professionnel et une approche globale aident v\u00e9ritablement \u00e0 rebondir apr\u00e8s cette \u00e9preuve et \u00e0 reconstruire un \u00e9quilibre durable.<\/p>\r\n\r\n\r\n\r\n<h3 class=\"wp-block-heading\">La prise en charge m\u00e9dicale et psychiatrique<\/h3>\r\n\r\n\r\n\r\n<p class=\"wp-block-paragraph\">La consultation m\u00e9dicale repr\u00e9sente la premi\u00e8re \u00e9tape indispensable dans ce processus de gu\u00e9rison.\u00a0<\/p>\r\n\r\n\r\n\r\n<p class=\"wp-block-paragraph\">Le clinicien \u00e9tablit un diagnostic et \u00e9value l&rsquo;ampleur de la d\u00e9compensation. Cette prise en charge m\u00e9dicale structure le plan de traitement et d\u00e9termine l&rsquo;organisation des s\u00e9ances th\u00e9rapeutiques.<\/p>\r\n\r\n\r\n\r\n<p class=\"wp-block-paragraph\">L&rsquo;environnement de la clinique offre un cadre s\u00e9curisant o\u00f9 le patient retrouve progressivement ses rep\u00e8res.\u00a0<\/p>\r\n\r\n\r\n\r\n<p class=\"wp-block-paragraph\">Le suivi m\u00e9dical surveille l&rsquo;\u00e9volution et ajuste le traitement si la situation l&rsquo;exige. Cette d\u00e9marche \u00e9vite les complications et prot\u00e8ge la sant\u00e9 mentale du sujet.<\/p>\r\n\r\n\r\n\r\n<h3 class=\"wp-block-heading\">Les approches th\u00e9rapeutiques adapt\u00e9es<\/h3>\r\n\r\n\r\n\r\n<p class=\"wp-block-paragraph\">Diff\u00e9rentes th\u00e9rapies se compl\u00e8tent dans ce processus de reconstruction psychique.\u00a0<\/p>\r\n\r\n\r\n\r\n<p class=\"wp-block-paragraph\">L&rsquo;accompagnement th\u00e9rapeutique applique ses m\u00e9thodes face aux besoins de chaque patient et cr\u00e9e un suivi personnalis\u00e9.<\/p>\r\n\r\n\r\n\r\n<ul class=\"wp-block-list\">\r\n<li><strong>Psychoth\u00e9rapie analytique<\/strong>\u00a0: exploration des m\u00e9canismes inconscients et des r\u00e9am\u00e9nagements internes<\/li>\r\n\r\n\r\n\r\n<li><strong>Th\u00e9rapie cognitivo-comportementale<\/strong>\u00a0: modification des sch\u00e9mas de pens\u00e9e pathologiques<\/li>\r\n\r\n\r\n\r\n<li><strong>Th\u00e9rapies corporelles<\/strong>\u00a0: reconnexion avec les sensations et r\u00e9gulation \u00e9motionnelle<\/li>\r\n\r\n\r\n\r\n<li><strong>Psychanalyse adapt\u00e9e<\/strong>\u00a0: compr\u00e9hension des structures psychiques profondes<\/li>\r\n<\/ul>\r\n\r\n\r\n\r\n<h3 class=\"wp-block-heading\">La reconstruction personnelle et le soutien<\/h3>\r\n\r\n\r\n\r\n<p class=\"wp-block-paragraph\"><strong>La reconstruction de l&rsquo;estime de soi demande du temps et un soutien ad\u00e9quat<\/strong>.\u00a0<\/p>\r\n\r\n\r\n\r\n<p class=\"wp-block-paragraph\">Les ressources personnelles se d\u00e9veloppent progressivement gr\u00e2ce \u00e0 l&rsquo;identification des forces int\u00e9rieures. Cette d\u00e9marche m\u00e8ne vers un nouveau destin personnel et \u00e9vite les rechutes.<\/p>\r\n\r\n\r\n\r\n<p class=\"wp-block-paragraph\"><a href=\"https:\/\/cliniclesalpes.com\/fr\/blog\/prendre-de-la-distance-pour-se-proteger\/\" target=\"_blank\" rel=\"noreferrer noopener\">Prendre de la distance pour se prot\u00e9ger<\/a> est une comp\u00e9tence fondamentale, tandis que comprendre le changement guide cette transformation.\u00a0<\/p>\r\n\r\n\r\n\r\n<p class=\"wp-block-paragraph\">Soutenu par ses proches, le patient retisse des liens authentiques et retrouve sa place au sein de son environnement personnel et professionnel.<\/p>\r\n\r\n\r\n\r\n<h2 class=\"wp-block-heading\">Clinic Les Alpes\u00a0: un accompagnement impliqu\u00e9<\/h2>\r\n\r\n\r\n\r\n<p class=\"wp-block-paragraph\">L&rsquo;effondrement psychique est le d\u00e9but de votre v\u00e9ritable renaissance.\u00a0<\/p>\r\n\r\n\r\n\r\n<p class=\"wp-block-paragraph\">Dans le cadre apaisant des Alpes suisses, <strong>notre clinique accompagne chaque patient vers sa reconstruction personnelle<\/strong>. Notre approche th\u00e9rapeutique globale m\u00e8ne vers la d\u00e9couverte de ressources insoup\u00e7onn\u00e9es et cr\u00e9e les conditions d&rsquo;un nouveau d\u00e9part.<\/p>\r\n\r\n\r\n\r\n<p class=\"wp-block-paragraph\">Notre \u00e9quipe pluridisciplinaire construit avec vous un parcours de soins personnalis\u00e9. Chaque s\u00e9ance vise votre \u00e9panouissement durable et \u00e9vite les rechutes.\u00a0<\/p>\r\n\r\n\r\n\r\n<p class=\"wp-block-paragraph\">L&rsquo;environnement alpin favorise l&rsquo;expression authentique des \u00e9motions et lib\u00e8re votre potentiel de gu\u00e9rison. Votre renaissance commence aujourd&rsquo;hui.<\/p>\r\n\r\n\r\n\r\n<div class=\"snippet-bait\">\r\n<p><a href=\"https:\/\/cliniclesalpes.com\/fr\/contactez-nous\/\">Retrouver l\u2019\u00e9quilibre et la sant\u00e9 d\u00e8s maintenant<\/a><\/p>\r\n<\/div>\r\n","protected":false},"excerpt":{"rendered":"<p>Un matin, votre vie bascule. Les murs de votre r\u00e9alit\u00e9 s&rsquo;effondrent, votre structure psychique c\u00e8de face au stress.\u00a0 Cette d\u00e9compensation plonge la personne dans une d\u00e9tresse profonde et une sensation de vide terrifiant. L&rsquo;effondrement psychique cr\u00e9e une chute vertigineuse vers un \u00e9tat de grande vuln\u00e9rabilit\u00e9. Mais cette \u00e9preuve cache une v\u00e9ritable chance de reconstruction. Comprendre [&hellip;]<\/p>\n","protected":false},"author":1,"featured_media":114110,"comment_status":"closed","ping_status":"closed","sticky":false,"template":"","format":"standard","meta":{"_acf_changed":false,"footnotes":""},"categories":[117],"tags":[],"class_list":["post-100288","post","type-post","status-publish","format-standard","has-post-thumbnail","hentry","category-sante-mentale-et-bien-etre"],"acf":[],"_links":{"self":[{"href":"https:\/\/cliniclesalpes.com\/fr\/wp-json\/wp\/v2\/posts\/100288","targetHints":{"allow":["GET"]}}],"collection":[{"href":"https:\/\/cliniclesalpes.com\/fr\/wp-json\/wp\/v2\/posts"}],"about":[{"href":"https:\/\/cliniclesalpes.com\/fr\/wp-json\/wp\/v2\/types\/post"}],"author":[{"embeddable":true,"href":"https:\/\/cliniclesalpes.com\/fr\/wp-json\/wp\/v2\/users\/1"}],"replies":[{"embeddable":true,"href":"https:\/\/cliniclesalpes.com\/fr\/wp-json\/wp\/v2\/comments?post=100288"}],"version-history":[{"count":2,"href":"https:\/\/cliniclesalpes.com\/fr\/wp-json\/wp\/v2\/posts\/100288\/revisions"}],"predecessor-version":[{"id":114114,"href":"https:\/\/cliniclesalpes.com\/fr\/wp-json\/wp\/v2\/posts\/100288\/revisions\/114114"}],"wp:featuredmedia":[{"embeddable":true,"href":"https:\/\/cliniclesalpes.com\/fr\/wp-json\/wp\/v2\/media\/114110"}],"wp:attachment":[{"href":"https:\/\/cliniclesalpes.com\/fr\/wp-json\/wp\/v2\/media?parent=100288"}],"wp:term":[{"taxonomy":"category","embeddable":true,"href":"https:\/\/cliniclesalpes.com\/fr\/wp-json\/wp\/v2\/categories?post=100288"},{"taxonomy":"post_tag","embeddable":true,"href":"https:\/\/cliniclesalpes.com\/fr\/wp-json\/wp\/v2\/tags?post=100288"}],"curies":[{"name":"wp","href":"https:\/\/api.w.org\/{rel}","templated":true}]}}