{"id":100304,"date":"2026-08-19T15:37:49","date_gmt":"2026-08-19T15:37:49","guid":{"rendered":"https:\/\/cliniclesalpes.com\/?p=100304"},"modified":"2026-08-19T17:28:31","modified_gmt":"2026-08-19T17:28:31","slug":"angoisses-psychotiques","status":"publish","type":"post","link":"https:\/\/cliniclesalpes.com\/fr\/blog\/2026\/08\/19\/angoisses-psychotiques\/","title":{"rendered":"Angoisses psychotiques\u00a0: comprendre, reconna\u00eetre et traiter ces \u00e9pisodes pour retrouver la paix int\u00e9rieure"},"content":{"rendered":"\r\n<p class=\"wp-block-paragraph\">Les voix r\u00e9sonnent dans votre t\u00eate et les ombres prennent vie. Les angoisses psychotiques plongent votre psych\u00e9 dans un chaos o\u00f9 d\u00e9lire et r\u00e9alit\u00e9 se m\u00e9langent.\u00a0<\/p>\r\n\r\n\r\n\r\n<p class=\"wp-block-paragraph\">Ce trouble mental fragilise votre rapport \u00e0 l&rsquo;environnement et g\u00e9n\u00e8re une d\u00e9tresse psychique intense.\u00a0<\/p>\r\n\r\n\r\n\r\n<p class=\"wp-block-paragraph\">Cependant, chaque sympt\u00f4me r\u00e9v\u00e8le une voie vers la gu\u00e9rison. Un traitement sp\u00e9cialis\u00e9 redonne espoir aux patients confront\u00e9s \u00e0 ces difficult\u00e9s psychiatriques.\u00a0<\/p>\r\n\r\n\r\n\r\n<p class=\"wp-block-paragraph\">Votre sant\u00e9 mentale peut \u00eatre retrouv\u00e9e avec un accompagnement attentif. Explorons ensemble les cl\u00e9s de votre r\u00e9tablissement.<\/p>\r\n\r\n\r\n\r\n<h2 class=\"wp-block-heading\">Comprendre les angoisses psychotiques et leurs manifestations particuli\u00e8res<\/h2>\r\n\r\n\r\n\r\n<p class=\"wp-block-paragraph\">L&rsquo;angoisse psychotique se distingue fondamentalement des troubles anxieux classiques par sa relation directe avec la psychose et l&rsquo;alt\u00e9ration de la perception de la r\u00e9alit\u00e9.\u00a0<\/p>\r\n\r\n\r\n\r\n<p class=\"wp-block-paragraph\">Cette forme particuli\u00e8re d&rsquo;angoisse g\u00e9n\u00e8re <a href=\"https:\/\/cliniclesalpes.com\/fr\/blog\/comprendre-le-mal-etre-et-comment-clinic-les-alpes-peut-vous-aider\/\" target=\"_blank\" rel=\"noreferrer noopener\">un mal-\u00eatre profond<\/a> qui d\u00e9passe le cadre de l&rsquo;anxi\u00e9t\u00e9 et touche directement le rapport du patient \u00e0 son environnement psychique\u00a0:<\/p>\r\n\r\n\r\n\r\n<table class=\"redac-table\">\r\n<thead>\r\n<tr>\r\n<th>Angoisses psychotiques<\/th>\r\n<th>Troubles anxieux classiques<\/th>\r\n<th>M\u00e9canismes sp\u00e9cifiques<\/th>\r\n<\/tr>\r\n<\/thead>\r\n<tbody>\r\n<tr>\r\n<td>D\u00e9lire et hallucinations accompagnent l&rsquo;angoisse<\/td>\r\n<td data-label=\"Troubles anxieux classiques\">Anxi\u00e9t\u00e9 sans alt\u00e9ration de la r\u00e9alit\u00e9<\/td>\r\n<td data-label=\"M\u00e9canismes sp\u00e9cifiques\">Clivage et projection comme m\u00e9canismes de d\u00e9fense<\/td>\r\n<\/tr>\r\n<tr>\r\n<td>\u00c9pisodes en relation avec la schizophr\u00e9nie<\/td>\r\n<td data-label=\"Troubles anxieux classiques\">Stress et peurs rationnelles<\/td>\r\n<td data-label=\"M\u00e9canismes sp\u00e9cifiques\">Morcellement de la personnalit\u00e9<\/td>\r\n<\/tr>\r\n<tr>\r\n<td>Sympt\u00f4mes psychotiques manifestes<\/td>\r\n<td data-label=\"Troubles anxieux classiques\">Sympt\u00f4mes anxieux isol\u00e9s<\/td>\r\n<td data-label=\"M\u00e9canismes sp\u00e9cifiques\">Dissociation de la fonction mentale<\/td>\r\n<\/tr>\r\n<tr>\r\n<td>Crise psychotique aigu\u00eb<\/td>\r\n<td data-label=\"Troubles anxieux classiques\">Crise d&rsquo;anxi\u00e9t\u00e9 d\u00e9limit\u00e9e<\/td>\r\n<td data-label=\"M\u00e9canismes sp\u00e9cifiques\">An\u00e9antissement du sentiment de soi<\/td>\r\n<\/tr>\r\n<tr>\r\n<td>Traitement psychiatrique sp\u00e9cialis\u00e9<\/td>\r\n<td data-label=\"Troubles anxieux classiques\">Psychoth\u00e9rapie ou m\u00e9dication l\u00e9g\u00e8re<\/td>\r\n<td data-label=\"M\u00e9canismes sp\u00e9cifiques\">Prise en charge en sant\u00e9 mentale complexe<\/td>\r\n<\/tr>\r\n<\/tbody>\r\n<\/table>\r\n\r\n\r\n\r\n<p class=\"wp-block-paragraph\">Cette diff\u00e9renciation demeure fondamentale car elle oriente vers une prise en charge th\u00e9rapeutique adapt\u00e9e au trouble sous-jacent et \u00e0 la maladie mentale du patient.<\/p>\r\n\r\n\r\n\r\n<h2 class=\"wp-block-heading\">Les sympt\u00f4mes et signes d&rsquo;alerte des \u00e9pisodes psychotiques<\/h2>\r\n\r\n\r\n\r\n<p class=\"wp-block-paragraph\">Une fois cette distinction \u00e9tablie, les angoisses psychotiques se manifestent \u00e0 travers divers signaux symptomatiques qui touchent la perception, la pens\u00e9e et le comportement.<\/p>\r\n\r\n\r\n\r\n<p class=\"wp-block-paragraph\">Reconna\u00eetre ces alertes facilite une intervention th\u00e9rapeutique adapt\u00e9e et efficace dans le traitement des troubles psychotiques.<\/p>\r\n\r\n\r\n\r\n<h3 class=\"wp-block-heading\">Les manifestations cognitives et perceptuelles<\/h3>\r\n\r\n\r\n\r\n<p class=\"wp-block-paragraph\"><strong>Les sympt\u00f4mes psychotiques affectent la fonction cognitive et perceptuelle du patient<\/strong>.\u00a0<\/p>\r\n\r\n\r\n\r\n<p class=\"wp-block-paragraph\">Ces expressions signalent un \u00e9tat de dissociation avec la r\u00e9alit\u00e9 qui n\u00e9cessite une \u00e9valuation psychiatrique professionnelle\u00a0:<\/p>\r\n\r\n\r\n\r\n<ul class=\"wp-block-list\">\r\n<li><strong>Hallucinations auditives, visuelles ou tactiles<\/strong> qui alt\u00e8rent la perception de l&rsquo;environnement<\/li>\r\n\r\n\r\n\r\n<li><strong>D\u00e9lire avec id\u00e9es d\u00e9lirantes<\/strong> de pers\u00e9cution, de grandeur ou de contr\u00f4le externe<\/li>\r\n\r\n\r\n\r\n<li><strong>Troubles de la pens\u00e9e<\/strong> avec d\u00e9sorganisation du langage et incoh\u00e9rence logique<\/li>\r\n\r\n\r\n\r\n<li><strong>Clivage psychique<\/strong> qui fragmente l&rsquo;exp\u00e9rience subjective de la r\u00e9alit\u00e9<\/li>\r\n\r\n\r\n\r\n<li><strong>Projection de contenus internes<\/strong> sur l&rsquo;entourage et l&rsquo;environnement social<\/li>\r\n\r\n\r\n\r\n<li><strong>M\u00e9canismes de d\u00e9fense primitifs<\/strong> face au risque d&rsquo;an\u00e9antissement psychique<\/li>\r\n<\/ul>\r\n\r\n\r\n\r\n<h3 class=\"wp-block-heading\">Les r\u00e9percussions \u00e9motionnelles et comportementales<\/h3>\r\n\r\n\r\n\r\n<p class=\"wp-block-paragraph\">L&rsquo;\u00e9pisode psychotique g\u00e9n\u00e8re des difficult\u00e9s majeures dans les relations sociales et le comportement quotidien.\u00a0<\/p>\r\n\r\n\r\n\r\n<p class=\"wp-block-paragraph\">Le patient d\u00e9veloppe un sentiment de morcellement int\u00e9rieur qui compromet le contact avec son entourage.\u00a0<\/p>\r\n\r\n\r\n\r\n<p class=\"wp-block-paragraph\">Cette d\u00e9sorganisation psychique produit un stress intense et une perte de rep\u00e8res sociaux.<\/p>\r\n\r\n\r\n\r\n<p class=\"wp-block-paragraph\">L&rsquo;angoisse de morcellement peut cr\u00e9er par exemple <a href=\"https:\/\/cliniclesalpes.com\/fr\/blog\/vide-emotionnel\/\" target=\"_blank\" rel=\"noreferrer noopener\">un vide \u00e9motionnel<\/a> profond qui isole la personne de ses ressources relationnelles habituelles et complique l&rsquo;int\u00e9gration sociale.<\/p>\r\n\r\n\r\n\r\n<figure class=\"wp-block-image size-full\"><img decoding=\"async\" class=\"wp-image-100308\" src=\"https:\/\/cliniclesalpes.com\/wp-content\/uploads\/2025\/09\/image-34.png\" alt=\"\" \/><\/figure>\r\n\r\n\r\n\r\n<h2 class=\"wp-block-heading\">Les causes et facteurs de risque des angoisses psychotiques<\/h2>\r\n\r\n\r\n\r\n<p class=\"wp-block-paragraph\">Comprendre ces manifestations symptomatiques am\u00e8ne naturellement \u00e0 s&rsquo;interroger sur leurs origines.\u00a0<\/p>\r\n\r\n\r\n\r\n<p class=\"wp-block-paragraph\">Les angoisses psychotiques r\u00e9sultent d&rsquo;une interaction complexe entre plusieurs facteurs biologiques, psychologiques et environnementaux.\u00a0<\/p>\r\n\r\n\r\n\r\n<p class=\"wp-block-paragraph\">Cette compr\u00e9hension multifactorielle oriente vers des approches th\u00e9rapeutiques personnalis\u00e9es et adapt\u00e9es \u00e0 chaque situation.<\/p>\r\n\r\n\r\n\r\n<h3 class=\"wp-block-heading\">Les facteurs biologiques et g\u00e9n\u00e9tiques<\/h3>\r\n\r\n\r\n\r\n<p class=\"wp-block-paragraph\"><strong>La psychiatrie moderne reconna\u00eet une pr\u00e9disposition g\u00e9n\u00e9tique aux troubles psychotiques<\/strong>, particuli\u00e8rement dans le d\u00e9veloppement de la schizophr\u00e9nie et autres maladies mentales similaires.\u00a0<\/p>\r\n\r\n\r\n\r\n<p class=\"wp-block-paragraph\">Le syst\u00e8me nerveux pr\u00e9sente des vuln\u00e9rabilit\u00e9s h\u00e9r\u00e9ditaires qui augmentent le risque de d\u00e9velopper des \u00e9pisodes psychotiques \u00e0 l&rsquo;\u00e2ge adulte.\u00a0<\/p>\r\n\r\n\r\n\r\n<p class=\"wp-block-paragraph\">Cela montre une transmission familiale qui pr\u00e9dispose certains sujets aux troubles mentaux.<\/p>\r\n\r\n\r\n\r\n<p class=\"wp-block-paragraph\">La recherche clinique identifie des marqueurs g\u00e9n\u00e9tiques associ\u00e9s \u00e0 une sensibilit\u00e9 accrue aux d\u00e9compensations psychotiques, m\u00eame si l&rsquo;h\u00e9r\u00e9dit\u00e9 seule ne d\u00e9termine pas l&rsquo;apparition de la maladie.<\/p>\r\n\r\n\r\n\r\n<h3 class=\"wp-block-heading\">Les d\u00e9clencheurs psychologiques et environnementaux<\/h3>\r\n\r\n\r\n\r\n<p class=\"wp-block-paragraph\">D&rsquo;autres facteurs agissent comme d\u00e9clencheurs dans un environnement psychique d\u00e9j\u00e0 fragilis\u00e9.\u00a0<\/p>\r\n\r\n\r\n\r\n<p class=\"wp-block-paragraph\"><a href=\"https:\/\/cliniclesalpes.com\/fr\/blog\/comment-guerir-traumatisme-enfance\/\" target=\"_blank\" rel=\"noreferrer noopener\">Les traumatismes de l&rsquo;enfance<\/a> exercent un effet d\u00e9l\u00e9t\u00e8re sur le d\u00e9veloppement psychique et augmentent la vuln\u00e9rabilit\u00e9 aux \u00e9pisodes psychotiques. Voici quelques d\u00e9clencheurs\u00a0:<\/p>\r\n\r\n\r\n\r\n<ul class=\"wp-block-list\">\r\n<li><strong>Stress chronique et \u00e9v\u00e9nements traumatiques<\/strong> qui d\u00e9stabilisent l&rsquo;\u00e9quilibre psychique<\/li>\r\n\r\n\r\n\r\n<li><strong>Consommation de drogues et substances psychoactives<\/strong> qui pr\u00e9cipitent la d\u00e9compensation<\/li>\r\n\r\n\r\n\r\n<li><strong>Ruptures relationnelles majeures<\/strong> avec la m\u00e8re ou l&rsquo;entourage familial primaire<\/li>\r\n\r\n\r\n\r\n<li><strong>Sevrage brutal de substances addictives<\/strong> qui fragilise temporairement l&rsquo;\u00e9tat mental<\/li>\r\n\r\n\r\n\r\n<li><strong>Isolement social prolong\u00e9<\/strong> qui prive le sujet de ressources relationnelles stabilisantes<\/li>\r\n<\/ul>\r\n\r\n\r\n\r\n<div class=\"snippet-bait\">\r\n<h2 class=\"h2-snippet-bait\">Quels facteurs d\u00e9clenchent les premiers \u00e9pisodes d&rsquo;angoisses psychotiques\u00a0?<\/h2>\r\n<p>Le stress, la consommation de drogue, les traumatismes d&rsquo;enfance et la relation \u00e0 la m\u00e8re favorisent l&rsquo;apparition. La d\u00e9pendance, le sevrage et l&rsquo;environnement familial perturb\u00e9 augmentent le risque de dissociation psychique chez l&rsquo;enfant.<\/p>\r\n<\/div>\r\n\r\n\r\n\r\n<figure class=\"wp-block-image size-full\"><img decoding=\"async\" class=\"wp-image-100305\" src=\"https:\/\/cliniclesalpes.com\/wp-content\/uploads\/2025\/09\/image-31.png\" alt=\"\" \/><\/figure>\r\n\r\n\r\n\r\n<h2 class=\"wp-block-heading\">L&rsquo;accompagnement th\u00e9rapeutique et les traitements disponibles<\/h2>\r\n\r\n\r\n\r\n<p class=\"wp-block-paragraph\">La prise en charge des angoisses psychotiques exige une approche th\u00e9rapeutique globale associant traitement m\u00e9dicamenteux, psychoth\u00e9rapie sp\u00e9cialis\u00e9e et soutien psychosocial.\u00a0<\/p>\r\n\r\n\r\n\r\n<p class=\"wp-block-paragraph\">Cette d\u00e9marche int\u00e9gr\u00e9e favorise <strong>la stabilisation des sympt\u00f4mes et la r\u00e9cup\u00e9ration \u00e0 long terme<\/strong>.<\/p>\r\n\r\n\r\n\r\n<div class=\"snippet-bait\">\r\n<p><a href=\"https:\/\/cliniclesalpes.com\/fr\/la-clinique\/\">D\u00e9couvrez notre cadre unique et apaisant<\/a><\/p>\r\n<\/div>\r\n\r\n\r\n\r\n<h3 class=\"wp-block-heading\">Les approches m\u00e9dicamenteuses et psychiatriques<\/h3>\r\n\r\n\r\n\r\n<p class=\"wp-block-paragraph\">Le psychiatre \u00e9value d&rsquo;abord l&rsquo;\u00e9tat psychique du patient avant de d\u00e9finir un traitement adapt\u00e9.\u00a0<\/p>\r\n\r\n\r\n\r\n<p class=\"wp-block-paragraph\">Cela d\u00e9termine le type d&rsquo;intervention m\u00e9dicamenteuse\u00a0:<\/p>\r\n\r\n\r\n\r\n<ul class=\"wp-block-list\">\r\n<li><strong>Antipsychotiques de nouvelle g\u00e9n\u00e9ration<\/strong> qui r\u00e9gulent les neurotransmetteurs sans effets secondaires majeurs<\/li>\r\n\r\n\r\n\r\n<li><strong>Neuroleptiques classiques<\/strong> pour stabiliser rapidement les phases aigu\u00ebs de d\u00e9compensation psychotique<\/li>\r\n\r\n\r\n\r\n<li><strong>Suivi m\u00e9dical r\u00e9gulier <\/strong>avec ajustement des dosages selon l&rsquo;\u00e9volution clinique<\/li>\r\n\r\n\r\n\r\n<li><strong>Prise en charge hospitali\u00e8re temporaire<\/strong> lors des \u00e9pisodes les plus s\u00e9v\u00e8res<\/li>\r\n<\/ul>\r\n\r\n\r\n\r\n<h3 class=\"wp-block-heading\">Les th\u00e9rapies psychologiques et l&rsquo;accompagnement sp\u00e9cialis\u00e9<\/h3>\r\n\r\n\r\n\r\n<p class=\"wp-block-paragraph\">Parall\u00e8lement au travail psychiatrique, la psychoth\u00e9rapie est importante dans le processus de soin.\u00a0<\/p>\r\n\r\n\r\n\r\n<p class=\"wp-block-paragraph\">L&rsquo;accompagnement personnalis\u00e9 int\u00e8gre diff\u00e9rentes modalit\u00e9s th\u00e9rapeutiques selon les ressources du patient\u00a0:<\/p>\r\n\r\n\r\n\r\n<ul class=\"wp-block-list\">\r\n<li><strong>Th\u00e9rapies cognitivo-comportementales<\/strong> adapt\u00e9es aux troubles psychotiques et aux m\u00e9canismes de dissociation<\/li>\r\n\r\n\r\n\r\n<li><strong>Soutien psychologique individuel<\/strong> avec un th\u00e9rapeute form\u00e9 aux probl\u00e9matiques psychanalytiques<\/li>\r\n\r\n\r\n\r\n<li><strong>Psychoth\u00e9rapie de groupe<\/strong> favorisant l&rsquo;int\u00e9gration sociale et le partage d&rsquo;exp\u00e9riences similaires<\/li>\r\n\r\n\r\n\r\n<li><strong>Environnement th\u00e9rapeutique s\u00e9curisant<\/strong> qui facilite l&rsquo;expression des difficult\u00e9s sans jugement<\/li>\r\n<\/ul>\r\n\r\n\r\n\r\n<figure class=\"wp-block-image size-full\"><img decoding=\"async\" class=\"wp-image-100306\" src=\"https:\/\/cliniclesalpes.com\/wp-content\/uploads\/2025\/09\/image-32.png\" alt=\"\" \/><\/figure>\r\n\r\n\r\n\r\n<div class=\"snippet-bait\">\r\n<h2 class=\"h2-snippet-bait\">Quels sont les traitements disponibles pour les angoisses psychotiques\u00a0?<\/h2>\r\n<p>Les traitements associent neuroleptiques, psychanalyse et th\u00e9rapies cognitives. Consulter un sp\u00e9cialiste permet d&rsquo;\u00e9valuer chaque cas selon sa dimension psychique. La prise en charge int\u00e8gre soins m\u00e9dicamenteux et soutien psychologique adapt\u00e9.<\/p>\r\n<\/div>\r\n\r\n\r\n\r\n<h2 class=\"wp-block-heading\">La pr\u00e9vention des rechutes et le soutien \u00e0 long terme<\/h2>\r\n\r\n\r\n\r\n<p class=\"wp-block-paragraph\">La pr\u00e9vention des rechutes d&rsquo;angoisses psychotiques repose sur une surveillance continue, <strong>un maintien des liens th\u00e9rapeutiques et la construction d&rsquo;un r\u00e9seau de soutien solide<\/strong>.\u00a0<\/p>\r\n\r\n\r\n\r\n<p class=\"wp-block-paragraph\">Cette approche pr\u00e9ventive contribue significativement \u00e0 la stabilit\u00e9 et \u00e0 la qualit\u00e9 de vie des patients.<\/p>\r\n\r\n\r\n\r\n<h3 class=\"wp-block-heading\">Les strat\u00e9gies de pr\u00e9vention et de surveillance<\/h3>\r\n\r\n\r\n\r\n<p class=\"wp-block-paragraph\">La pr\u00e9vention des rechutes demande une vigilance constante face aux signes pr\u00e9curseurs de d\u00e9compensation psychotique. <strong>Le suivi r\u00e9gulier avec le th\u00e9rapeute<\/strong> permet d&rsquo;\u00e9valuer l&rsquo;\u00e9volution de l&rsquo;\u00e9tat psychique et d&rsquo;ajuster le traitement selon les besoins.\u00a0<\/p>\r\n\r\n\r\n\r\n<p class=\"wp-block-paragraph\">Cette surveillance inclut l&rsquo;observance m\u00e9dicamenteuse, particuli\u00e8rement des neuroleptiques prescrits \u00e0 long terme.\u00a0<\/p>\r\n\r\n\r\n\r\n<p class=\"wp-block-paragraph\">M\u00eame si la consommation de substances ou la d\u00e9pression peuvent compliquer le tableau clinique, une \u00e9valuation fr\u00e9quente aide \u00e0 d\u00e9gager les facteurs de risque avant qu&rsquo;ils ne d\u00e9clenchent une rechute.\u00a0<\/p>\r\n\r\n\r\n\r\n<p class=\"wp-block-paragraph\">La r\u00e9flexion sur les \u00e9v\u00e9nements de vie stressants occupe une place centrale dans cette d\u00e9marche pr\u00e9ventive, car le stress reste un d\u00e9clencheur majeur des \u00e9pisodes psychotiques.<\/p>\r\n\r\n\r\n\r\n<h3 class=\"wp-block-heading\">Le soutien familial et l&rsquo;int\u00e9gration sociale<\/h3>\r\n\r\n\r\n\r\n<p class=\"wp-block-paragraph\">L&rsquo;entourage familial joue un r\u00f4le d\u00e9terminant dans la stabilisation \u00e0 long terme du patient.<\/p>\r\n\r\n\r\n\r\n<p class=\"wp-block-paragraph\">Ce soutien n\u00e9cessite parfois que les proches apprennent des choses comme,<a href=\"https:\/\/cliniclesalpes.com\/fr\/blog\/prendre-de-la-distance-pour-se-proteger\/\" target=\"_blank\" rel=\"noreferrer noopener\"> prendre de la distance \u00e9motionnelle<\/a> pour pr\u00e9server leur propre \u00e9quilibre\u00a0:<\/p>\r\n\r\n\r\n\r\n<ul class=\"wp-block-list\">\r\n<li><strong>\u00c9ducation de la famille<\/strong> sur la nature de la psychose et ses manifestations cliniques<\/li>\r\n\r\n\r\n\r\n<li><strong>Construction d&rsquo;un r\u00e9seau<\/strong> de soin coordonn\u00e9 incluant professionnels et ressources sociales<\/li>\r\n\r\n\r\n\r\n<li><strong>Int\u00e9gration sociale progressive<\/strong> adapt\u00e9e aux capacit\u00e9s actuelles du patient<\/li>\r\n\r\n\r\n\r\n<li><strong>Aide \u00e0 la gestion du quotidien<\/strong> sans infantiliser la personne en r\u00e9tablissement<\/li>\r\n\r\n\r\n\r\n<li><strong>Soutien dans la recherche d&rsquo;activit\u00e9s<\/strong> structurantes qui favorisent l&rsquo;autonomie<\/li>\r\n<\/ul>\r\n\r\n\r\n\r\n<h2 class=\"wp-block-heading\">Clinic Les Alpes vous accompagne<\/h2>\r\n\r\n\r\n\r\n<p class=\"wp-block-paragraph\">La lib\u00e9ration des angoisses psychotiques est une r\u00e9alit\u00e9 gr\u00e2ce \u00e0 un accompagnement th\u00e9rapeutique adapt\u00e9.<\/p>\r\n\r\n\r\n\r\n<p class=\"wp-block-paragraph\"><strong>Le programme Clinic Les Alpes, ouvre une porte vers une vie plus sereine<\/strong>, o\u00f9 la psych\u00e9 retrouve son \u00e9quilibre. Les traitements modernes, associ\u00e9s \u00e0 une psychoth\u00e9rapie personnalis\u00e9e, cr\u00e9ent les conditions optimales pour votre r\u00e9tablissement.\u00a0<\/p>\r\n\r\n\r\n\r\n<p class=\"wp-block-paragraph\">Cette perspective de gu\u00e9rison d\u00e9passe la simple stabilisation des sympt\u00f4mes. Elle vise votre \u00e9panouissement complet.\u00a0<\/p>\r\n\r\n\r\n\r\n<p class=\"wp-block-paragraph\">Votre d\u00e9cision de consulter aujourd&rsquo;hui marque le d\u00e9but d&rsquo;une nouvelle relation avec vous-m\u00eame, plus authentique et apais\u00e9e.\u00a0<\/p>\r\n\r\n\r\n\r\n<div class=\"snippet-bait\">\r\n<p><a href=\"https:\/\/cliniclesalpes.com\/fr\/contactez-nous\/\">Obtenez un accompagnement sp\u00e9cialis\u00e9 adapt\u00e9 \u00e0 votre situation<\/a><\/p>\r\n<\/div>\r\n","protected":false},"excerpt":{"rendered":"<p>Les voix r\u00e9sonnent dans votre t\u00eate et les ombres prennent vie. Les angoisses psychotiques plongent votre psych\u00e9 dans un chaos o\u00f9 d\u00e9lire et r\u00e9alit\u00e9 se m\u00e9langent.\u00a0 Ce trouble mental fragilise votre rapport \u00e0 l&rsquo;environnement et g\u00e9n\u00e8re une d\u00e9tresse psychique intense.\u00a0 Cependant, chaque sympt\u00f4me r\u00e9v\u00e8le une voie vers la gu\u00e9rison. Un traitement sp\u00e9cialis\u00e9 redonne espoir aux [&hellip;]<\/p>\n","protected":false},"author":1,"featured_media":114095,"comment_status":"closed","ping_status":"closed","sticky":false,"template":"","format":"standard","meta":{"_acf_changed":false,"footnotes":""},"categories":[117],"tags":[],"class_list":["post-100304","post","type-post","status-publish","format-standard","has-post-thumbnail","hentry","category-sante-mentale-et-bien-etre"],"acf":[],"_links":{"self":[{"href":"https:\/\/cliniclesalpes.com\/fr\/wp-json\/wp\/v2\/posts\/100304","targetHints":{"allow":["GET"]}}],"collection":[{"href":"https:\/\/cliniclesalpes.com\/fr\/wp-json\/wp\/v2\/posts"}],"about":[{"href":"https:\/\/cliniclesalpes.com\/fr\/wp-json\/wp\/v2\/types\/post"}],"author":[{"embeddable":true,"href":"https:\/\/cliniclesalpes.com\/fr\/wp-json\/wp\/v2\/users\/1"}],"replies":[{"embeddable":true,"href":"https:\/\/cliniclesalpes.com\/fr\/wp-json\/wp\/v2\/comments?post=100304"}],"version-history":[{"count":2,"href":"https:\/\/cliniclesalpes.com\/fr\/wp-json\/wp\/v2\/posts\/100304\/revisions"}],"predecessor-version":[{"id":114099,"href":"https:\/\/cliniclesalpes.com\/fr\/wp-json\/wp\/v2\/posts\/100304\/revisions\/114099"}],"wp:featuredmedia":[{"embeddable":true,"href":"https:\/\/cliniclesalpes.com\/fr\/wp-json\/wp\/v2\/media\/114095"}],"wp:attachment":[{"href":"https:\/\/cliniclesalpes.com\/fr\/wp-json\/wp\/v2\/media?parent=100304"}],"wp:term":[{"taxonomy":"category","embeddable":true,"href":"https:\/\/cliniclesalpes.com\/fr\/wp-json\/wp\/v2\/categories?post=100304"},{"taxonomy":"post_tag","embeddable":true,"href":"https:\/\/cliniclesalpes.com\/fr\/wp-json\/wp\/v2\/tags?post=100304"}],"curies":[{"name":"wp","href":"https:\/\/api.w.org\/{rel}","templated":true}]}}