{"id":100862,"date":"2026-08-19T15:37:48","date_gmt":"2026-08-19T15:37:48","guid":{"rendered":"https:\/\/cliniclesalpes.com\/?p=100862"},"modified":"2026-08-19T17:28:32","modified_gmt":"2026-08-19T17:28:32","slug":"maison-de-repos-depression","status":"publish","type":"post","link":"https:\/\/cliniclesalpes.com\/fr\/blog\/2026\/08\/19\/maison-de-repos-depression\/","title":{"rendered":"Se reconstruire dans une maison de repos adapt\u00e9e \u00e0 la d\u00e9pression"},"content":{"rendered":"\r\n<p class=\"wp-block-paragraph\">Vous ouvrez les yeux chaque matin avec cette m\u00eame sensation d&rsquo;\u00e9puisement. La perte de rep\u00e8res vous paralyse, les gestes du quotidien deviennent insurmontables. Le sentiment d&rsquo;isolement vous \u00e9crase, et l&rsquo;id\u00e9e de sortir de cet \u00e9pisode d\u00e9pressif semble hors d&rsquo;atteinte.\u00a0<\/p>\r\n\r\n\r\n\r\n<p class=\"wp-block-paragraph\"><strong>Une hospitalisation dans une maison de repos sp\u00e9cialis\u00e9e cr\u00e9e un environnement s\u00e9curisant <\/strong>o\u00f9 vous reconstruire pas \u00e0 pas. Ces \u00e9tablissements de soins accueillent les patients avec une prise en charge adapt\u00e9e \u00e0 chaque trouble d\u00e9pressif.<\/p>\r\n\r\n\r\n\r\n<p class=\"wp-block-paragraph\">Cet article vous aide \u00e0 comprendre :<\/p>\r\n\r\n\r\n\r\n<ul class=\"wp-block-list\">\r\n<li>La d\u00e9finition et le fonctionnement d&rsquo;une maison de repos psychiatrique<\/li>\r\n\r\n\r\n\r\n<li>Les crit\u00e8res de choix d&rsquo;un \u00e9tablissement adapt\u00e9 \u00e0 votre situation<\/li>\r\n\r\n\r\n\r\n<li>Les traitements et activit\u00e9s th\u00e9rapeutiques propos\u00e9s<\/li>\r\n\r\n\r\n\r\n<li>Les co\u00fbts et modalit\u00e9s de prise en charge financi\u00e8re<\/li>\r\n<\/ul>\r\n\r\n\r\n\r\n<h2 class=\"wp-block-heading\">Qu&rsquo;est-ce qu&rsquo;une maison de repos pour d\u00e9pression ?<\/h2>\r\n\r\n\r\n\r\n<p class=\"wp-block-paragraph\">Contrairement \u00e0 un centre hospitalier psychiatrique o\u00f9 l&rsquo;admission se fait parfois sous contrainte, <strong>une maison de repos accueille des patients en hospitalisation libre<\/strong>. L&rsquo;\u00e9quipe pluridisciplinaire r\u00e9unit psychiatres, psychologues et infirmiers form\u00e9s aux troubles mentaux. Ces professionnels accompagnent chaque personne dans le traitement de la d\u00e9pression majeure, du trouble d\u00e9pressif r\u00e9current ou de l&rsquo;\u00e9pisode d\u00e9pressif s\u00e9v\u00e8re.<\/p>\r\n\r\n\r\n\r\n<p class=\"wp-block-paragraph\">La prise en charge se d\u00e9cline sous plusieurs formes selon vos besoins et votre situation :<\/p>\r\n\r\n\r\n\r\n<ul class=\"wp-block-list\">\r\n<li><strong>L&rsquo;hospitalisation compl\u00e8te <\/strong>: vous r\u00e9sidez au sein de l&rsquo;\u00e9tablissement pendant toute la dur\u00e9e du traitement<\/li>\r\n\r\n\r\n\r\n<li><strong>L&rsquo;hospitalisation en temps partiel <\/strong>: vous suivez le programme th\u00e9rapeutique en journ\u00e9e et rentrez \u00e0 votre domicile le soir<\/li>\r\n\r\n\r\n\r\n<li><strong>L&rsquo;hospitalisation libre <\/strong>: vous entrez et sortez volontairement, sans contrainte administrative<\/li>\r\n<\/ul>\r\n\r\n\r\n\r\n<p class=\"wp-block-paragraph\">L&rsquo;environnement s\u00e9curisant de ces cliniques favorise la r\u00e9insertion sociale progressive. Le cadre apaisant, loin du stress quotidien, facilite la reconstruction. Chaque dossier m\u00e9dical fait l&rsquo;objet d&rsquo;une attention particuli\u00e8re. Les soins psychologiques s&rsquo;adaptent \u00e0 votre pathologie, qu&rsquo;il s&rsquo;agisse d&rsquo;anxi\u00e9t\u00e9 chronique, de troubles mentaux associ\u00e9s ou de sympt\u00f4mes sp\u00e9cifiques \u00e0 votre \u00e9tat.<\/p>\r\n\r\n\r\n\r\n<div class=\"snippet-bait\">\r\n<p><a href=\"https:\/\/cliniclesalpes.com\/fr\/contactez-nous\/\">Contactez-nous pour un accompagnement personnalis\u00e9<\/a><\/p>\r\n<\/div>\r\n\r\n\r\n\r\n<h2 class=\"wp-block-heading\">Les traitements propos\u00e9s dans une maison de repos sp\u00e9cialis\u00e9e<\/h2>\r\n\r\n\r\n\r\n<p class=\"wp-block-paragraph\">Le traitement de la d\u00e9pression en maison de repos combine plusieurs dimensions th\u00e9rapeutiques li\u00e9es \u00e0 votre situation personnelle. Chaque programme se construit autour de trois axes compl\u00e9mentaires : le suivi m\u00e9dical et psychiatrique, les th\u00e9rapies psychologiques, et les activit\u00e9s th\u00e9rapeutiques qui r\u00e9veillent votre \u00e9lan vital.<\/p>\r\n\r\n\r\n\r\n<h3 class=\"wp-block-heading\">Le suivi m\u00e9dical et psychiatrique personnalis\u00e9<\/h3>\r\n\r\n\r\n\r\n<p class=\"wp-block-paragraph\">L&rsquo;\u00e9quipe m\u00e9dicale examine chaque dossier avec attention. Votre psychiatre analyse vos sympt\u00f4mes, votre historique, et adapte le traitement \u00e0 votre pathologie. Cette prise en charge individualis\u00e9e inclut :<\/p>\r\n\r\n\r\n\r\n<ul class=\"wp-block-list\">\r\n<li>Le traitement m\u00e9dicamenteux ajust\u00e9 selon votre \u00e9tat et vos r\u00e9actions<\/li>\r\n\r\n\r\n\r\n<li>Les consultations r\u00e9guli\u00e8res avec votre psychiatre r\u00e9f\u00e9rent<\/li>\r\n\r\n\r\n\r\n<li>L&rsquo;ajustement progressif des doses selon l&rsquo;\u00e9volution de vos sympt\u00f4mes<\/li>\r\n\r\n\r\n\r\n<li>Le suivi de votre \u00e9tat de sant\u00e9 g\u00e9n\u00e9ral par des examens m\u00e9dicaux complets<\/li>\r\n\r\n\r\n\r\n<li>L&rsquo;accompagnement dans le sevrage si vous souffrez de<a href=\"https:\/\/cliniclesalpes.com\/fr\/blog\/pharmacodependance\/\" target=\"_blank\" rel=\"noreferrer noopener\"> pharmacod\u00e9pendance<\/a><\/li>\r\n<\/ul>\r\n\r\n\r\n\r\n<div class=\"snippet-bait\">\r\n<p>Chaque patient b\u00e9n\u00e9ficie d&rsquo;une attention particuli\u00e8re. Les soins psychiatriques s&rsquo;affinent au fil des semaines, jamais fig\u00e9s dans un protocole rigide.<\/p>\r\n<\/div>\r\n\r\n\r\n\r\n<h3 class=\"wp-block-heading\">Les th\u00e9rapies psychologiques et le soutien \u00e9motionnel<\/h3>\r\n\r\n\r\n\r\n<p class=\"wp-block-paragraph\">Au-del\u00e0 des m\u00e9dicaments, la th\u00e9rapie psychologique d\u00e9noue les fils de votre d\u00e9pression. Les s\u00e9ances individuelles et de groupe vous aident \u00e0 comprendre les racines profondes de votre<a href=\"https:\/\/cliniclesalpes.com\/fr\/blog\/comprendre-le-mal-etre-et-comment-clinic-les-alpes-peut-vous-aider\/\" target=\"_blank\" rel=\"noreferrer noopener\"> mal-\u00eatre<\/a>. L&rsquo;accompagnement cible notamment :<\/p>\r\n\r\n\r\n\r\n<ul class=\"wp-block-list\">\r\n<li>Le<a href=\"https:\/\/cliniclesalpes.com\/fr\/blog\/comment-surmonter-un-traumatisme-psychologique\/\" target=\"_blank\" rel=\"noreferrer noopener\"> traumatisme psychologique<\/a> non r\u00e9solu<\/li>\r\n\r\n\r\n\r\n<li>Le deuil qui p\u00e8se sur votre quotidien<\/li>\r\n\r\n\r\n\r\n<li>Le burn out professionnel qui a \u00e9puis\u00e9 vos ressources<\/li>\r\n\r\n\r\n\r\n<li>La<a href=\"https:\/\/cliniclesalpes.com\/fr\/blog\/perte-de-sens\/\" target=\"_blank\" rel=\"noreferrer noopener\"> perte de sens<\/a> existentiel<\/li>\r\n\r\n\r\n\r\n<li>Les \u00e9checs r\u00e9p\u00e9t\u00e9s qui ont \u00e9rod\u00e9 votre confiance<\/li>\r\n<\/ul>\r\n\r\n\r\n\r\n<p class=\"wp-block-paragraph\">Les th\u00e9rapeutes travaillent sur vos \u00e9motions, votre tristesse, votre anxi\u00e9t\u00e9. Le sentiment d&rsquo;isolement ou de repli sur soi se dissipe progressivement.\u00a0<\/p>\r\n\r\n\r\n\r\n<div class=\"snippet-bait\">\r\n<p>Le soutien psychologique vous aide \u00e0 retrouver confiance en vous et \u00e0 reconstruire votre vie quotidienne.<\/p>\r\n<\/div>\r\n\r\n\r\n\r\n<h3 class=\"wp-block-heading\">Les activit\u00e9s th\u00e9rapeutiques pour retrouver l&rsquo;\u00e9lan vital<\/h3>\r\n\r\n\r\n\r\n<p class=\"wp-block-paragraph\"><strong>Clinic Les Alpes int\u00e8gre des techniques compl\u00e9mentaires \u00e0 son programme de soins<\/strong>. Ces activit\u00e9s th\u00e9rapeutiques r\u00e9veillent votre corps et votre esprit en douceur :<\/p>\r\n\r\n\r\n\r\n<ul class=\"wp-block-list\">\r\n<li>L&rsquo;art-th\u00e9rapie lib\u00e8re vos \u00e9motions par la cr\u00e9ation<\/li>\r\n\r\n\r\n\r\n<li>Les activit\u00e9s physiques adapt\u00e9es vous reconnectent \u00e0 vos sensations corporelles<\/li>\r\n\r\n\r\n\r\n<li>Les ateliers cr\u00e9atifs stimulent votre curiosit\u00e9<\/li>\r\n\r\n\r\n\r\n<li>La m\u00e9ditation apaise votre mental agit\u00e9<\/li>\r\n\r\n\r\n\r\n<li>Le yoga harmonise votre souffle et vos mouvements<\/li>\r\n<\/ul>\r\n\r\n\r\n\r\n<p class=\"wp-block-paragraph\"><strong>Ces techniques favorisent la r\u00e9habilitation progressive<\/strong>. Vous reprenez contact avec votre corps, retrouvez le plaisir des petites choses, et am\u00e9liorez la qualit\u00e9 de votre sommeil. Chaque activit\u00e9 s&rsquo;adapte \u00e0 votre forme physique et \u00e0 votre \u00e9tat \u00e9motionnel du moment.<\/p>\r\n\r\n\r\n\r\n<figure class=\"wp-block-image size-full\"><img decoding=\"async\" class=\"wp-image-100863\" src=\"https:\/\/cliniclesalpes.com\/wp-content\/uploads\/2025\/10\/image-3.png\" alt=\"Les traitements propos\u00e9s dans une maison de repos sp\u00e9cialis\u00e9e\" \/><\/figure>\r\n\r\n\r\n\r\n<h2 class=\"wp-block-heading\">Comment choisir la bonne maison de repos pour votre situation ?<\/h2>\r\n\r\n\r\n\r\n<p class=\"wp-block-paragraph\">Choisir l&rsquo;\u00e9tablissement o\u00f9 vous allez vous reconstruire demande une r\u00e9flexion. Plusieurs crit\u00e8res guident cette d\u00e9cision :<\/p>\r\n\r\n\r\n\r\n<ul class=\"wp-block-list\">\r\n<li>La qualit\u00e9 des soins et les comp\u00e9tences de l&rsquo;\u00e9quipe<\/li>\r\n\r\n\r\n\r\n<li>La proximit\u00e9 g\u00e9ographique par rapport \u00e0 votre domicile<\/li>\r\n\r\n\r\n\r\n<li>Les services th\u00e9rapeutiques propos\u00e9s<\/li>\r\n\r\n\r\n\r\n<li>L&rsquo;environnement et le cadre de vie<\/li>\r\n\r\n\r\n\r\n<li>Le co\u00fbt et les modalit\u00e9s de prise en charge financi\u00e8re<\/li>\r\n<\/ul>\r\n\r\n\r\n\r\n<h3 class=\"wp-block-heading\">Les crit\u00e8res de qualit\u00e9 et l&rsquo;\u00e9quipe pluridisciplinaire<\/h3>\r\n\r\n\r\n\r\n<p class=\"wp-block-paragraph\">V\u00e9rifiez d&rsquo;abord les qualifications de <a href=\"https:\/\/cliniclesalpes.com\/fr\/equipe\/\" target=\"_blank\" rel=\"noreferrer noopener\">l&rsquo;\u00e9quipe m\u00e9dicale et soignante<\/a>. Une clinique sp\u00e9cialis\u00e9e dans la d\u00e9pression rassemble des professionnels form\u00e9s aux troubles d\u00e9pressifs majeurs. Une \u00e9quipe pluridisciplinaire compl\u00e8te comprend :<\/p>\r\n\r\n\r\n\r\n<ul class=\"wp-block-list\">\r\n<li>Des psychiatres exp\u00e9riment\u00e9s dans le traitement de la d\u00e9pression<\/li>\r\n\r\n\r\n\r\n<li>Des psychologues cliniciens sp\u00e9cialis\u00e9s<\/li>\r\n\r\n\r\n\r\n<li>Des infirmiers form\u00e9s aux pathologies mentales<\/li>\r\n\r\n\r\n\r\n<li>Des th\u00e9rapeutes compl\u00e9mentaires<\/li>\r\n<\/ul>\r\n\r\n\r\n\r\n<p class=\"wp-block-paragraph\"><strong>L&rsquo;accueil personnalis\u00e9 fait toute la diff\u00e9rence d\u00e8s les premiers jours<\/strong>. Un suivi r\u00e9gulier et un cadre s\u00e9curisant rassurent les patients fragiles. Renseignez-vous sur la r\u00e9putation de l&rsquo;\u00e9tablissement, cherchez les t\u00e9moignages d&rsquo;anciens patients si disponibles. L&rsquo;attention port\u00e9e \u00e0 chaque personne d\u00e9termine la qualit\u00e9 du s\u00e9jour.\u00a0<\/p>\r\n\r\n\r\n\r\n<div class=\"snippet-bait\">\r\n<p>L\u2019environnement doit s&rsquo;adapter \u00e0 vos besoins, pas l&rsquo;inverse.<\/p>\r\n<\/div>\r\n\r\n\r\n\r\n<h3 class=\"wp-block-heading\">La proximit\u00e9 et l&rsquo;environnement de l&rsquo;\u00e9tablissement<\/h3>\r\n\r\n\r\n\r\n<p class=\"wp-block-paragraph\">Certains patients pr\u00e9f\u00e8rent rester pr\u00e8s de leur domicile et de leurs proches. D&rsquo;autres ont besoin de<a href=\"https:\/\/cliniclesalpes.com\/fr\/blog\/prendre-de-la-distance-pour-se-proteger\/\" target=\"_blank\" rel=\"noreferrer noopener\"> prendre de la distance pour se prot\u00e9ger<\/a> des d\u00e9clencheurs quotidiens de leur d\u00e9pression. Les deux choix se d\u00e9fendent selon votre situation personnelle.<\/p>\r\n\r\n\r\n\r\n<p class=\"wp-block-paragraph\">Clinic Les Alpes, situ\u00e9e dans les Alpes suisses, illustre cette seconde option. Le cadre apaisant en pleine nature cr\u00e9e une bulle protectrice loin du stress habituel. L&rsquo;importance du lieu ne se discute pas : l&rsquo;espace, la tranquillit\u00e9, la beaut\u00e9 des paysages favorisent le bien-\u00eatre et la gu\u00e9rison. Votre cerveau \u00e9puis\u00e9 par la d\u00e9pression a besoin de ce ressourcement profond.<\/p>\r\n\r\n\r\n\r\n<h3 class=\"wp-block-heading\">Les co\u00fbts et la prise en charge financi\u00e8re<\/h3>\r\n\r\n\r\n\r\n<p class=\"wp-block-paragraph\">Le co\u00fbt d&rsquo;une hospitalisation en maison de repos pr\u00e9sente de grands \u00e9carts selon les \u00e9tablissements, la dur\u00e9e du s\u00e9jour, et les services inclus. Les prix refl\u00e8tent le niveau d&rsquo;encadrement, la qualit\u00e9 des infrastructures, et l&rsquo;intensit\u00e9 du programme th\u00e9rapeutique.<\/p>\r\n\r\n\r\n\r\n<p class=\"wp-block-paragraph\"><strong>Clinic Les Alpes propose un programme de 28\u00a0jours au tarif de CHF\u00a0180&rsquo;000<\/strong>. Ce forfait englobe une prise en charge compl\u00e8te et sur mesure avec notamment :\u00a0<\/p>\r\n\r\n\r\n\r\n<ul class=\"wp-block-list\">\r\n<li>Consultations quotidiennes<\/li>\r\n\r\n\r\n\r\n<li>Activit\u00e9s th\u00e9rapeutiques<\/li>\r\n\r\n\r\n\r\n<li>H\u00e9bergement en chambre priv\u00e9e<\/li>\r\n\r\n\r\n\r\n<li>Suivi post-cure\u00a0<\/li>\r\n<\/ul>\r\n\r\n\r\n\r\n<p class=\"wp-block-paragraph\"><strong>Renseignez-vous sur les modalit\u00e9s de financement possibles<\/strong>. Certaines assurances, mutuelles ou dispositifs de prise en charge peuvent all\u00e9ger cette d\u00e9pense.<\/p>\r\n\r\n\r\n\r\n<div class=\"snippet-bait\">\r\n<p><a href=\"https:\/\/cliniclesalpes.com\/fr\/contactez-nous\/\">Contactez notre \u00e9quipe pour discuter de votre situation<\/a><\/p>\r\n<\/div>\r\n","protected":false},"excerpt":{"rendered":"<p>Vous ouvrez les yeux chaque matin avec cette m\u00eame sensation d&rsquo;\u00e9puisement. La perte de rep\u00e8res vous paralyse, les gestes du quotidien deviennent insurmontables. Le sentiment d&rsquo;isolement vous \u00e9crase, et l&rsquo;id\u00e9e de sortir de cet \u00e9pisode d\u00e9pressif semble hors d&rsquo;atteinte.\u00a0 Une hospitalisation dans une maison de repos sp\u00e9cialis\u00e9e cr\u00e9e un environnement s\u00e9curisant o\u00f9 vous reconstruire pas [&hellip;]<\/p>\n","protected":false},"author":1,"featured_media":114090,"comment_status":"closed","ping_status":"closed","sticky":false,"template":"","format":"standard","meta":{"_acf_changed":false,"footnotes":""},"categories":[118],"tags":[],"class_list":["post-100862","post","type-post","status-publish","format-standard","has-post-thumbnail","hentry","category-soins-et-therapies"],"acf":[],"_links":{"self":[{"href":"https:\/\/cliniclesalpes.com\/fr\/wp-json\/wp\/v2\/posts\/100862","targetHints":{"allow":["GET"]}}],"collection":[{"href":"https:\/\/cliniclesalpes.com\/fr\/wp-json\/wp\/v2\/posts"}],"about":[{"href":"https:\/\/cliniclesalpes.com\/fr\/wp-json\/wp\/v2\/types\/post"}],"author":[{"embeddable":true,"href":"https:\/\/cliniclesalpes.com\/fr\/wp-json\/wp\/v2\/users\/1"}],"replies":[{"embeddable":true,"href":"https:\/\/cliniclesalpes.com\/fr\/wp-json\/wp\/v2\/comments?post=100862"}],"version-history":[{"count":2,"href":"https:\/\/cliniclesalpes.com\/fr\/wp-json\/wp\/v2\/posts\/100862\/revisions"}],"predecessor-version":[{"id":114094,"href":"https:\/\/cliniclesalpes.com\/fr\/wp-json\/wp\/v2\/posts\/100862\/revisions\/114094"}],"wp:featuredmedia":[{"embeddable":true,"href":"https:\/\/cliniclesalpes.com\/fr\/wp-json\/wp\/v2\/media\/114090"}],"wp:attachment":[{"href":"https:\/\/cliniclesalpes.com\/fr\/wp-json\/wp\/v2\/media?parent=100862"}],"wp:term":[{"taxonomy":"category","embeddable":true,"href":"https:\/\/cliniclesalpes.com\/fr\/wp-json\/wp\/v2\/categories?post=100862"},{"taxonomy":"post_tag","embeddable":true,"href":"https:\/\/cliniclesalpes.com\/fr\/wp-json\/wp\/v2\/tags?post=100862"}],"curies":[{"name":"wp","href":"https:\/\/api.w.org\/{rel}","templated":true}]}}