{"id":100878,"date":"2026-08-19T15:37:45","date_gmt":"2026-08-19T15:37:45","guid":{"rendered":"https:\/\/cliniclesalpes.com\/?p=100878"},"modified":"2026-08-19T17:28:35","modified_gmt":"2026-08-19T17:28:35","slug":"depression-existentielle","status":"publish","type":"post","link":"https:\/\/cliniclesalpes.com\/fr\/blog\/2026\/08\/19\/depression-existentielle\/","title":{"rendered":"Vous traversez une d\u00e9pression existentielle ? Voici comment vous en sortir"},"content":{"rendered":"\r\n<p class=\"wp-block-paragraph\">Vos pens\u00e9es se perdent dans des questionnements sans fin sur le sens de votre vie, votre identit\u00e9 r\u00e9elle, la valeur de vos choix. Vous ressentez une angoisse sourde face \u00e0 l&rsquo;absurdit\u00e9 de l&rsquo;existence humaine. Les personnes autour de vous ne comprennent pas ce sentiment d&rsquo;isolement profond qui vous ronge, cette impression permanente de vivre \u00e0 c\u00f4t\u00e9 de votre propre vie.<\/p>\r\n\r\n\r\n\r\n<p class=\"wp-block-paragraph\"><strong>Cette crise que vous traversez porte un nom : la d\u00e9pression existentielle.\u00a0<\/strong><\/p>\r\n\r\n\r\n\r\n<p class=\"wp-block-paragraph\">Cette forme particuli\u00e8re de trouble psychologique frappe fr\u00e9quemment les personnes \u00e0 haut potentiel, les surdou\u00e9s, ou les individus en pleine transition de vie. Loin d&rsquo;\u00eatre une fatalit\u00e9, cette remise en question radicale ouvre aussi la porte \u00e0 une transformation personnelle authentique.\u00a0<\/p>\r\n\r\n\r\n\r\n<p class=\"wp-block-paragraph\">Cet article vous \u00e9claire sur les signes caract\u00e9ristiques de cette crise, ses causes multiples, et les solutions th\u00e9rapeutiques efficaces pour retrouver votre \u00e9quilibre mental et votre engagement dans la vie.<\/p>\r\n\r\n\r\n\r\n<h2 class=\"wp-block-heading\">Qu&rsquo;est-ce que la d\u00e9pression existentielle ?<\/h2>\r\n\r\n\r\n\r\n<p class=\"wp-block-paragraph\">La d\u00e9pression existentielle d\u00e9signe <strong>une forme particuli\u00e8re de crise qui remet en question le sens m\u00eame de votre existence<\/strong>.\u00a0<\/p>\r\n\r\n\r\n\r\n<p class=\"wp-block-paragraph\">Contrairement \u00e0 une d\u00e9pression majeure classique, elle ne na\u00eet pas uniquement d&rsquo;un d\u00e9s\u00e9quilibre chimique dans votre cerveau. Cette crise surgit d&rsquo;un questionnement existentiel profond sur le but de votre vie, vos valeurs et votre place dans ce monde.<\/p>\r\n\r\n\r\n\r\n<p class=\"wp-block-paragraph\">Cette forme de d\u00e9pression frappe fr\u00e9quemment les personnes \u00e0 haut potentiel intellectuel, les surdou\u00e9s ou les individus traversant des transitions majeures :\u00a0<\/p>\r\n\r\n\r\n\r\n<ul class=\"wp-block-list\">\r\n<li>la crise du quart de vie,\u00a0<\/li>\r\n\r\n\r\n\r\n<li>la crise de la quarantaine,\u00a0<\/li>\r\n\r\n\r\n\r\n<li>ou l&rsquo;entr\u00e9e dans la vieillesse.\u00a0<\/li>\r\n<\/ul>\r\n\r\n\r\n\r\n<p class=\"wp-block-paragraph\">Votre pens\u00e9e profonde vous pousse \u00e0 <strong>analyser chaque aspect de votre propre vie<\/strong>, jusqu&rsquo;\u00e0 ressentir un vide existentiel troublant et une sensation d&rsquo;absurdit\u00e9 face \u00e0 l&rsquo;existence humaine.<\/p>\r\n\r\n\r\n\r\n<p class=\"wp-block-paragraph\">Le psychoth\u00e9rapeute Irvin Yalom a explor\u00e9 cette th\u00e9matique dans son essai<a href=\"https:\/\/www.livredepoche.com\/livre\/therapie-existentielle-9782253068037\/\" target=\"_blank\" rel=\"noreferrer noopener\"> \u201cTh\u00e9rapie existentielle<\/a>\u201d, o\u00f9 il aborde les questionnements fondamentaux li\u00e9s \u00e0 la mort, \u00e0 la libert\u00e9, \u00e0 l&rsquo;isolement et au sens de la vie. Cette philosophie existentialiste vous aide \u00e0 comprendre que votre sentiment de vide int\u00e9rieur et votre qu\u00eate de sens r\u00e9v\u00e8lent une conscience aigu\u00eb de votre condition.\u00a0<\/p>\r\n\r\n\r\n\r\n<p class=\"wp-block-paragraph\"><strong>Une \u00e9tape vers la d\u00e9couverte de qui vous \u00eates r\u00e9ellement<\/strong>.<\/p>\r\n\r\n\r\n\r\n<h2 class=\"wp-block-heading\">Les signes qui r\u00e9v\u00e8lent une d\u00e9pression existentielle<\/h2>\r\n\r\n\r\n\r\n<p class=\"wp-block-paragraph\">Reconna\u00eetre les sympt\u00f4mes de cette crise marque la premi\u00e8re \u00e9tape vers votre r\u00e9tablissement. La d\u00e9pression existentielle se manifeste \u00e0 travers des signes \u00e9motionnels, cognitifs et comportementaux bien sp\u00e9cifiques, qui affectent votre sant\u00e9 mentale et votre vie quotidienne.<\/p>\r\n\r\n\r\n\r\n<figure class=\"wp-block-image size-full\"><img decoding=\"async\" class=\"wp-image-100879\" src=\"https:\/\/cliniclesalpes.com\/wp-content\/uploads\/2025\/10\/image-9.png\" alt=\"Les signes qui r\u00e9v\u00e8lent cette crise existentielle\" \/><\/figure>\r\n\r\n\r\n\r\n<h3 class=\"wp-block-heading\">Les sympt\u00f4mes \u00e9motionnels et psychologiques<\/h3>\r\n\r\n\r\n\r\n<p class=\"wp-block-paragraph\">Votre \u00e9tat psychologique refl\u00e8te cette crise \u00e0 travers plusieurs manifestations :<\/p>\r\n\r\n\r\n\r\n<ul class=\"wp-block-list\">\r\n<li>Un sentiment de vide int\u00e9rieur profond qui vous habite au r\u00e9veil<\/li>\r\n\r\n\r\n\r\n<li>Une perte d&rsquo;int\u00e9r\u00eat totale envers les activit\u00e9s qui vous passionnaient autrefois<\/li>\r\n\r\n\r\n\r\n<li>Un ennui existentiel impossible \u00e0 combler par les distractions habituelles<\/li>\r\n\r\n\r\n\r\n<li>La sensation troublante que rien n&rsquo;a r\u00e9ellement de valeur<\/li>\r\n\r\n\r\n\r\n<li>Une angoisse face \u00e0 la mort et au temps qui file<\/li>\r\n\r\n\r\n\r\n<li>Un sentiment d&rsquo;isolement social, m\u00eame entour\u00e9 de vos proches<\/li>\r\n\r\n\r\n\r\n<li>Une anxi\u00e9t\u00e9 existentielle qui vous ronge jour apr\u00e8s jour<\/li>\r\n\r\n\r\n\r\n<li>Un sentiment d&rsquo;injustice face \u00e0 l&rsquo;absurdit\u00e9 de l&rsquo;existence<\/li>\r\n<\/ul>\r\n\r\n\r\n\r\n<p class=\"wp-block-paragraph\">Vous vous sentez incompris par votre entourage, d\u00e9cal\u00e9 du reste des individus. Cette impression de vivre \u00e0 c\u00f4t\u00e9 de votre propre vie vous p\u00e8se. Vos relations semblent creuses, votre travail d\u00e9nu\u00e9 de signification. Ces sympt\u00f4mes de la crise s&rsquo;accompagnent parfois d&rsquo;<a href=\"https:\/\/cliniclesalpes.com\/fr\/blog\/angoisse-matinale\/\" target=\"_blank\" rel=\"noreferrer noopener\">angoisse matinale<\/a>, cette sensation de vide qui vous saisit d\u00e8s l&rsquo;ouverture des yeux.\u00a0<\/p>\r\n\r\n\r\n\r\n<div class=\"snippet-bait\">\r\n<p>Chez les hauts potentiels, cette fatigue persistante traduit un \u00e9puisement mental li\u00e9 \u00e0 une r\u00e9flexion permanente sur le sens des choses.<\/p>\r\n<\/div>\r\n\r\n\r\n\r\n<h3 class=\"wp-block-heading\">Les questionnements caract\u00e9ristiques<\/h3>\r\n\r\n\r\n\r\n<p class=\"wp-block-paragraph\">Cette remise en question permanente se traduit par <strong>des pens\u00e9es obs\u00e9dantes qui tournent en boucle<\/strong> :<\/p>\r\n\r\n\r\n\r\n<ul class=\"wp-block-list\">\r\n<li>\u00ab\u00a0Quel est le but de ma vie ?\u00a0\u00bb<\/li>\r\n\r\n\r\n\r\n<li>\u00ab\u00a0Pourquoi je fais tout \u00e7a ?\u00a0\u00bb<\/li>\r\n\r\n\r\n\r\n<li>\u00ab\u00a0Qu&rsquo;est-ce qui a vraiment de la valeur ?\u00a0\u00bb<\/li>\r\n\r\n\r\n\r\n<li>\u00ab\u00a0Qui suis-je r\u00e9ellement ?\u00a0\u00bb<\/li>\r\n\r\n\r\n\r\n<li>\u00ab\u00a0\u00c0 quoi bon tout cela ?\u00a0\u00bb<\/li>\r\n<\/ul>\r\n\r\n\r\n\r\n<p class=\"wp-block-paragraph\"><strong>Ces questionnements sur le sens deviennent paralysants <\/strong>et envahissent chaque moment de votre journ\u00e9e. Vous remettez en question votre identit\u00e9, vos choix pass\u00e9s, vos relations, votre carri\u00e8re, vos valeurs profondes. Cette qu\u00eate de sens surgit parfois apr\u00e8s une perte, une rupture, un changement de vie majeur. D&rsquo;autres fois, elle \u00e9merge sans raison apparente, ce qui accentue votre confusion.<\/p>\r\n\r\n\r\n\r\n<p class=\"wp-block-paragraph\">Cette conscience aigu\u00eb de votre condition humaine, de votre libert\u00e9 et de votre responsabilit\u00e9 vous confronte \u00e0 un poids difficile \u00e0 porter. Votre histoire interne se r\u00e9\u00e9crit au fil de ces r\u00e9flexions profondes.\u00a0<\/p>\r\n\r\n\r\n\r\n<div class=\"snippet-bait\">\r\n<p>Si vous souhaitez mieux comprendre comment ces \u00e9tapes s&rsquo;articulent, d\u00e9couvrez <a href=\"https:\/\/cliniclesalpes.com\/fr\/blog\/etapes-crise-existentielle\/\">les \u00e9tapes de la crise existentielle<\/a> qui jalonnent ce parcours complexe.<\/p>\r\n<\/div>\r\n\r\n\r\n\r\n<h2 class=\"wp-block-heading\">D&rsquo;o\u00f9 vient cette crise de sens ?<\/h2>\r\n\r\n\r\n\r\n<p class=\"wp-block-paragraph\">Comprendre les causes de votre d\u00e9pression existentielle vous aide \u00e0 d\u00e9dramatiser ce que vous vivez et \u00e0 trouver des solutions adapt\u00e9es \u00e0 votre situation. <strong>Cette crise de sens na\u00eet rarement d&rsquo;une seule source <\/strong>: elle \u00e9merge d&rsquo;un ensemble de facteurs personnels, psychologiques et soci\u00e9taux.<\/p>\r\n\r\n\r\n\r\n<h3 class=\"wp-block-heading\">Les transitions de vie et les crises identitaires<\/h3>\r\n\r\n\r\n\r\n<p class=\"wp-block-paragraph\">Certaines p\u00e9riodes de votre existence se r\u00e9v\u00e8lent particuli\u00e8rement propices \u00e0 ces questionnements profonds :<\/p>\r\n\r\n\r\n\r\n<ul class=\"wp-block-list\">\r\n<li><strong>Le passage \u00e0 l&rsquo;\u00e2ge adulte <\/strong>d\u00e9clenche la crise du quart de vie, ce moment o\u00f9 vous r\u00e9alisez que vos r\u00eaves d&rsquo;enfance se heurtent \u00e0 la r\u00e9alit\u00e9.\u00a0<\/li>\r\n\r\n\r\n\r\n<li><strong>Le milieu de la vie <\/strong>am\u00e8ne la fameuse crise de la quarantaine, cette prise de conscience brutale sur le temps qui file et votre mortalit\u00e9.\u00a0<\/li>\r\n\r\n\r\n\r\n<li><strong>L&rsquo;entr\u00e9e dans la vieillesse <\/strong>force un bilan existentiel sur ce que vous avez accompli.<\/li>\r\n<\/ul>\r\n\r\n\r\n\r\n<p class=\"wp-block-paragraph\">Ces transitions font remonter \u00e0 la surface vos peurs et vos doutes sur votre identit\u00e9 r\u00e9elle. D&rsquo;autres \u00e9v\u00e9nements bouleversent \u00e9galement votre \u00e9quilibre mental :<\/p>\r\n\r\n\r\n\r\n<ul class=\"wp-block-list\">\r\n<li>La perte d&rsquo;un proche qui vous confronte \u00e0 votre propre finitude<\/li>\r\n\r\n\r\n\r\n<li>Une<a href=\"https:\/\/cliniclesalpes.com\/fr\/blog\/les-7-phases-de-la-rupture-de-la-douleur-a-la-reconstruction\/\" target=\"_blank\" rel=\"noreferrer noopener\"> rupture amoureuse<\/a> qui \u00e9branle vos rep\u00e8res affectifs<\/li>\r\n\r\n\r\n\r\n<li>Un burn out qui vous fait remettre en question le sens de votre travail<\/li>\r\n\r\n\r\n\r\n<li>Un changement de carri\u00e8re qui vous pousse \u00e0 red\u00e9finir qui vous \u00eates<\/li>\r\n<\/ul>\r\n\r\n\r\n\r\n<p class=\"wp-block-paragraph\">Les personnes \u00e0 haut potentiel intellectuel, les HPI et les surdou\u00e9s vivent ces crises identitaires avec une intensit\u00e9 d\u00e9cupl\u00e9e. Leur sensibilit\u00e9 exacerb\u00e9e et leur tendance \u00e0 l&rsquo;analyse profonde amplifient chaque questionnement. Cette vuln\u00e9rabilit\u00e9 les expose davantage au risque de<a href=\"https:\/\/cliniclesalpes.com\/fr\/blog\/perdre-pied-psychologiquement\/\" target=\"_blank\" rel=\"noreferrer noopener\"> perdre pied psychologiquement<\/a> face \u00e0 l&rsquo;accumulation des doutes.<\/p>\r\n\r\n\r\n\r\n<figure class=\"wp-block-image size-full\"><img decoding=\"async\" class=\"wp-image-100881\" src=\"https:\/\/cliniclesalpes.com\/wp-content\/uploads\/2025\/10\/image-11.png\" alt=\"D'o\u00f9 vient cette crise de sens ?\" \/><\/figure>\r\n\r\n\r\n\r\n<h3 class=\"wp-block-heading\">Le d\u00e9calage avec le monde moderne<\/h3>\r\n\r\n\r\n\r\n<p class=\"wp-block-paragraph\"><strong>Notre soci\u00e9t\u00e9 actuelle g\u00e9n\u00e8re un terreau fertile au manque de sens<\/strong>. L&rsquo;obsession de la performance, la course \u00e0 la consommation et l&rsquo;omnipr\u00e9sence des r\u00e9seaux sociaux cr\u00e9ent un sentiment d&rsquo;insatisfaction permanente chez beaucoup de personnes. Vous comparez sans cesse votre vie \u00e0 celle des autres, ce qui nourrit votre anxi\u00e9t\u00e9 et votre impression d&rsquo;\u00e9chec.<\/p>\r\n\r\n\r\n\r\n<p class=\"wp-block-paragraph\"><strong>Le manque de rep\u00e8res stables aggrave cette situation <\/strong>: l&rsquo;incertitude face au changement climatique, les crises \u00e9conomiques et sanitaires \u00e0 r\u00e9p\u00e9tition, le rythme effr\u00e9n\u00e9 du quotidien. Vous n&rsquo;avez plus le temps de r\u00e9fl\u00e9chir au sens profond de votre existence. Ce mode de vie fr\u00e9n\u00e9tique vous d\u00e9connecte de vos besoins int\u00e9rieurs authentiques.<\/p>\r\n\r\n\r\n\r\n<p class=\"wp-block-paragraph\"><strong>Ce d\u00e9calage entre vos valeurs profondes et ce que la soci\u00e9t\u00e9 exige <\/strong>de vous creuse un foss\u00e9 douloureux. L&rsquo;environnement dans lequel vous \u00e9voluez vous semble absurde, superficiel, vide de substance.\u00a0<\/p>\r\n\r\n\r\n\r\n<div class=\"snippet-bait\">\r\n<p>Les individus complexes et les jeunes g\u00e9n\u00e9rations ressentent particuli\u00e8rement cette impression d&rsquo;\u00eatre d\u00e9cal\u00e9s du reste du monde, de ne pas trouver leur place dans un syst\u00e8me qui ne leur parle plus.<\/p>\r\n<\/div>\r\n\r\n\r\n\r\n<h2 class=\"wp-block-heading\">Comment sortir d&rsquo;une d\u00e9pression existentielle ?<\/h2>\r\n\r\n\r\n\r\n<p class=\"wp-block-paragraph\">Ayez confiance, <strong>des solutions existent pour sortir d&rsquo;une d\u00e9pression existentielle<\/strong>. Mieux encore, cette \u00e9preuve devient une opportunit\u00e9 r\u00e9elle de croissance personnelle et de transformation profonde. Voici des pistes concr\u00e8tes et progressives qui ont d\u00e9j\u00e0 aid\u00e9 de nombreuses personnes \u00e0 retrouver leur \u00e9quilibre.<\/p>\r\n\r\n\r\n\r\n<h3 class=\"wp-block-heading\">Accepter et explorer cette crise<\/h3>\r\n\r\n\r\n\r\n<p class=\"wp-block-paragraph\">Accepter la d\u00e9pression existentielle marque le premier pas vers votre gu\u00e9rison. Cette crise ne signe pas votre \u00e9chec : elle t\u00e9moigne au contraire de votre \u00e9volution psychologique. <strong>Fuyez moins vos questionnements, explorez-les plut\u00f4t avec curiosit\u00e9<\/strong>. Tenir un journal vous aide \u00e0 noter vos pens\u00e9es, vos interrogations profondes, vos \u00e9motions fluctuantes au fil des jours.<\/p>\r\n\r\n\r\n\r\n<p class=\"wp-block-paragraph\">La philosophie et la lecture nourrissent votre r\u00e9flexion : l&rsquo;existentialisme, notamment, offre un cadre d&rsquo;analyse solide \u00e0 vos interrogations. Mettre l&rsquo;attention vers le positif ne signifie pas nier votre souffrance actuelle. Cette d\u00e9marche consiste simplement \u00e0 chercher ce qui r\u00e9sonne authentiquement en vous, ce qui fait vibrer votre \u00e2me au-del\u00e0 du bruit ambiant.\u00a0<\/p>\r\n\r\n\r\n\r\n<p class=\"wp-block-paragraph\">Comprendre<a href=\"https:\/\/cliniclesalpes.com\/fr\/blog\/etapes-du-changement\/\" target=\"_blank\" rel=\"noreferrer noopener\"> les \u00e9tapes du changement<\/a> vous donne des rep\u00e8res concrets sur votre parcours de transformation int\u00e9rieure.<\/p>\r\n\r\n\r\n\r\n<h3 class=\"wp-block-heading\">Red\u00e9finir son propre sens et ses valeurs<\/h3>\r\n\r\n\r\n\r\n<p class=\"wp-block-paragraph\"><strong>Trouver un sens \u00e0 votre vie ne signifie pas d\u00e9couvrir LE sens universel <\/strong>que tout le monde devrait suivre. Votre qu\u00eate de sens vous invite \u00e0 cr\u00e9er votre propre chemin, unique et personnel. Posez-vous ces questions fondamentales : qu&rsquo;est-ce qui compte vraiment \u00e0 vos yeux ? Quelles activit\u00e9s vous font sentir vivant, pr\u00e9sent \u00e0 vous-m\u00eame ? Quelles relations nourrissent authentiquement votre \u00e2me ?<\/p>\r\n\r\n\r\n\r\n<p class=\"wp-block-paragraph\"><strong>Testez ces exercices concrets<\/strong> qui sont amen\u00e9s \u00e0 changer votre point de vue :<\/p>\r\n\r\n\r\n\r\n<ul class=\"wp-block-list\">\r\n<li>Listez vos valeurs profondes par ordre de priorit\u00e9<\/li>\r\n\r\n\r\n\r\n<li>Visualisez votre vie id\u00e9ale dans cinq ans avec pr\u00e9cision<\/li>\r\n\r\n\r\n\r\n<li>Identifiez vos forces naturelles et vos talents cach\u00e9s<\/li>\r\n\r\n\r\n\r\n<li>Notez les moments o\u00f9 vous vous sentez pleinement vous-m\u00eame<\/li>\r\n<\/ul>\r\n\r\n\r\n\r\n<p class=\"wp-block-paragraph\"><strong>Le but dans la vie \u00e9merge aussi de l&rsquo;engagement dans quelque chose qui vous d\u00e9passe <\/strong>: d\u00e9fendre une cause qui vous tient \u00e0 c\u0153ur, d\u00e9velopper votre cr\u00e9ation artistique, approfondir vos relations humaines ou aider concr\u00e8tement les autres. Cette nouvelle perspective redonne du souffle \u00e0 votre existence quotidienne.<\/p>\r\n\r\n\r\n\r\n<figure class=\"wp-block-image size-full\"><img decoding=\"async\" class=\"wp-image-100880\" src=\"https:\/\/cliniclesalpes.com\/wp-content\/uploads\/2025\/10\/image-10.png\" alt=\"Comment sortir de cette d\u00e9pression existentielle ?\" \/><\/figure>\r\n\r\n\r\n\r\n<h3 class=\"wp-block-heading\">Se faire accompagner par un professionnel<\/h3>\r\n\r\n\r\n\r\n<p class=\"wp-block-paragraph\"><strong>L&rsquo;aide psychologique change radicalement la donne <\/strong>face \u00e0 cette forme particuli\u00e8re de trouble. Un psychologue ou un psychoth\u00e9rapeute sp\u00e9cialis\u00e9 vous accompagne dans vos questionnements les plus vertigineux. La psychoth\u00e9rapie existentielle s&rsquo;adapte particuli\u00e8rement bien \u00e0 votre situation : elle aborde directement les th\u00e8mes de la libert\u00e9, de l&rsquo;isolement, du sens et de la mort.<\/p>\r\n\r\n\r\n\r\n<p class=\"wp-block-paragraph\"><strong>Certains cas exigent \u00e9galement un traitement m\u00e9dicamenteux<\/strong>, surtout si votre d\u00e9pression existentielle s&rsquo;accompagne d&rsquo;un \u00e9pisode d\u00e9pressif majeur ou d&rsquo;un \u00e9tat d\u00e9pressif s\u00e9v\u00e8re. Le suivi m\u00e9dical compl\u00e8te alors le travail th\u00e9rapeutique en profondeur.<\/p>\r\n\r\n\r\n\r\n<p class=\"wp-block-paragraph\"><strong>Clinic Les Alpes propose une prise en charge globale<\/strong> qui traite tous les aspects de votre souffrance :<\/p>\r\n\r\n\r\n\r\n<ul class=\"wp-block-list\">\r\n<li>Une approche holistique qui prend soin de votre corps et de votre esprit<\/li>\r\n\r\n\r\n\r\n<li>Un environnement apaisant au c\u0153ur des Alpes suisses, loin du tumulte quotidien<\/li>\r\n\r\n\r\n\r\n<li>Une \u00e9quipe pluridisciplinaire qui adapte chaque th\u00e9rapie \u00e0 votre personnalit\u00e9<\/li>\r\n\r\n\r\n\r\n<li>Des th\u00e9rapies individuelles quotidiennes avec votre th\u00e9rapeute r\u00e9f\u00e9rent<\/li>\r\n\r\n\r\n\r\n<li>Des s\u00e9ances de groupe qui brisent votre isolement et cr\u00e9ent du lien<\/li>\r\n<\/ul>\r\n\r\n\r\n\r\n<p class=\"wp-block-paragraph\">La clinique excelle particuli\u00e8rement dans le traitement des burn out et des crises identitaires profondes chez les personnes \u00e0 haut potentiel. <strong>Chaque patient b\u00e9n\u00e9ficie d&rsquo;un suivi personnalis\u00e9<\/strong> qui respecte son rythme et son histoire personnelle.<a href=\"https:\/\/cliniclesalpes.com\/fr\/contactez-nous\/\">\u00a0<\/a><\/p>\r\n\r\n\r\n\r\n<div class=\"snippet-bait\">\r\n<p><a href=\"https:\/\/cliniclesalpes.com\/fr\/contactez-nous\/\">Contactez d\u00e8s maintenant l&rsquo;\u00e9quipe de Clinic Les Alpes<\/a> pour entamer votre renaissance personnelle dans un cadre s\u00e9curisant et bienveillant.<\/p>\r\n<\/div>\r\n","protected":false},"excerpt":{"rendered":"<p>Vos pens\u00e9es se perdent dans des questionnements sans fin sur le sens de votre vie, votre identit\u00e9 r\u00e9elle, la valeur de vos choix. Vous ressentez une angoisse sourde face \u00e0 l&rsquo;absurdit\u00e9 de l&rsquo;existence humaine. Les personnes autour de vous ne comprennent pas ce sentiment d&rsquo;isolement profond qui vous ronge, cette impression permanente de vivre \u00e0 [&hellip;]<\/p>\n","protected":false},"author":1,"featured_media":114070,"comment_status":"closed","ping_status":"closed","sticky":false,"template":"","format":"standard","meta":{"_acf_changed":false,"footnotes":""},"categories":[117],"tags":[],"class_list":["post-100878","post","type-post","status-publish","format-standard","has-post-thumbnail","hentry","category-sante-mentale-et-bien-etre"],"acf":[],"_links":{"self":[{"href":"https:\/\/cliniclesalpes.com\/fr\/wp-json\/wp\/v2\/posts\/100878","targetHints":{"allow":["GET"]}}],"collection":[{"href":"https:\/\/cliniclesalpes.com\/fr\/wp-json\/wp\/v2\/posts"}],"about":[{"href":"https:\/\/cliniclesalpes.com\/fr\/wp-json\/wp\/v2\/types\/post"}],"author":[{"embeddable":true,"href":"https:\/\/cliniclesalpes.com\/fr\/wp-json\/wp\/v2\/users\/1"}],"replies":[{"embeddable":true,"href":"https:\/\/cliniclesalpes.com\/fr\/wp-json\/wp\/v2\/comments?post=100878"}],"version-history":[{"count":2,"href":"https:\/\/cliniclesalpes.com\/fr\/wp-json\/wp\/v2\/posts\/100878\/revisions"}],"predecessor-version":[{"id":114074,"href":"https:\/\/cliniclesalpes.com\/fr\/wp-json\/wp\/v2\/posts\/100878\/revisions\/114074"}],"wp:featuredmedia":[{"embeddable":true,"href":"https:\/\/cliniclesalpes.com\/fr\/wp-json\/wp\/v2\/media\/114070"}],"wp:attachment":[{"href":"https:\/\/cliniclesalpes.com\/fr\/wp-json\/wp\/v2\/media?parent=100878"}],"wp:term":[{"taxonomy":"category","embeddable":true,"href":"https:\/\/cliniclesalpes.com\/fr\/wp-json\/wp\/v2\/categories?post=100878"},{"taxonomy":"post_tag","embeddable":true,"href":"https:\/\/cliniclesalpes.com\/fr\/wp-json\/wp\/v2\/tags?post=100878"}],"curies":[{"name":"wp","href":"https:\/\/api.w.org\/{rel}","templated":true}]}}