{"id":108401,"date":"2026-08-19T15:37:44","date_gmt":"2026-08-19T15:37:44","guid":{"rendered":"https:\/\/cliniclesalpes.com\/?p=108401"},"modified":"2026-08-19T17:28:36","modified_gmt":"2026-08-19T17:28:36","slug":"comment-aider-quelqu-un-en-depression","status":"publish","type":"post","link":"https:\/\/cliniclesalpes.com\/fr\/blog\/2026\/08\/19\/comment-aider-quelqu-un-en-depression\/","title":{"rendered":"Comment aider quelqu&rsquo;un en d\u00e9pression\u00a0: actions concr\u00e8tes et erreurs \u00e0 \u00e9viter"},"content":{"rendered":"\r\n<p class=\"wp-block-paragraph\"><strong>Vous voyez votre ami s&rsquo;enfoncer dans la d\u00e9pression jour apr\u00e8s jour<\/strong>, et chaque tentative de soutien semble \u00e9chouer. Cette situation vous \u00e9puise \u00e9motionnellement, et vous ne savez plus comment aider quelqu&rsquo;un en d\u00e9pression sans vous perdre vous-m\u00eame.\u00a0<\/p>\r\n\r\n\r\n\r\n<p class=\"wp-block-paragraph\">La personne d\u00e9pressive repousse vos efforts, et <strong>vous craignez de dire ou faire quelque chose de blessant<\/strong>.\u00a0<\/p>\r\n\r\n\r\n\r\n<p class=\"wp-block-paragraph\">Aider un proche en souffrance demande des conseils pratiques pr\u00e9cis. Dans cet article, vous trouverez les signes \u00e0 rep\u00e9rer, les gestes concrets du quotidien \u00e0 adopter et les erreurs fr\u00e9quentes \u00e0 \u00e9viter. Chaque action compte pour soutenir la personne malade vers un traitement adapt\u00e9 et un meilleur \u00e9tat de sant\u00e9 mentale.<\/p>\r\n\r\n\r\n\r\n<h1 class=\"wp-block-heading\">Reconna\u00eetre les signes de la d\u00e9pression chez un proche<\/h1>\r\n\r\n\r\n\r\n<p class=\"wp-block-paragraph\">Votre ami ne r\u00e9pond plus \u00e0 vos messages depuis des semaines. Votre conjoint dort jusqu&rsquo;\u00e0 midi tous les jours. Votre coll\u00e8gue refuse toutes les invitations \u00e0 d\u00e9jeuner. <strong>Ces changements de comportement vous inqui\u00e8tent<\/strong>, et vous avez raison de pr\u00eater attention \u00e0 ces signaux. Identifier les sympt\u00f4mes de la d\u00e9pression chez une personne de votre entourage vous aide \u00e0 agir au bon moment.<\/p>\r\n\r\n\r\n\r\n<p class=\"wp-block-paragraph\"><strong>Voici les signes qui doivent vous alerter\u00a0:<\/strong><\/p>\r\n\r\n\r\n\r\n<ul class=\"wp-block-list\">\r\n<li>Changements d&rsquo;humeur d\u00e9pressive marqu\u00e9s par une tristesse persistante<\/li>\r\n\r\n\r\n\r\n<li>Isolement social progressif et refus de voir ses proches<\/li>\r\n\r\n\r\n\r\n<li>Troubles du sommeil avec des r\u00e9veils nocturnes ou un sommeil excessif<\/li>\r\n\r\n\r\n\r\n<li>Perte de plaisir dans les activit\u00e9s quotidiennes autrefois appr\u00e9ci\u00e9es<\/li>\r\n\r\n\r\n\r\n<li>Fatigue persistante d\u00e8s le matin<\/li>\r\n\r\n\r\n\r\n<li>Sentiment de culpabilit\u00e9 ou d&rsquo;inutilit\u00e9 exprim\u00e9 r\u00e9guli\u00e8rement<\/li>\r\n<\/ul>\r\n\r\n\r\n\r\n<p class=\"wp-block-paragraph\"><strong>La d\u00e9pression est une maladie, pas un simple coup de blues passager<\/strong>. Un \u00e9pisode d\u00e9pressif se distingue d&rsquo;une mauvaise passe par sa dur\u00e9e et son intensit\u00e9. Si votre proche souffre de d\u00e9pression depuis plusieurs semaines et que son \u00e9tat affecte sa vie quotidienne, il traverse probablement un trouble d\u00e9pressif qui n\u00e9cessite une prise en charge adapt\u00e9e.<\/p>\r\n\r\n\r\n\r\n<div class=\"snippet-bait\">\r\n<p>Rep\u00e9rer ces signes de d\u00e9pression marque la premi\u00e8re \u00e9tape pour apporter une aide adapt\u00e9e \u00e0 la personne malade.<\/p>\r\n<\/div>\r\n\r\n\r\n\r\n<h2 class=\"wp-block-heading\">Les gestes concrets pour soutenir une personne en d\u00e9pression<\/h2>\r\n\r\n\r\n\r\n<p class=\"wp-block-paragraph\">Vous avez identifi\u00e9 certains signes de d\u00e9pression, et vous savez d\u00e9sormais que la personne qui vous est ch\u00e8re souffre r\u00e9ellement. L&rsquo;\u00e9tape suivante consiste \u00e0 agir avec bienveillance. Trois axes principaux vous guident dans cet accompagnement\u00a0: <strong>l&rsquo;\u00e9coute attentive, la pr\u00e9sence r\u00e9guli\u00e8re et l&rsquo;encouragement vers les soins professionnels<\/strong>.<\/p>\r\n\r\n\r\n\r\n<h3 class=\"wp-block-heading\">Pratiquer l&rsquo;\u00e9coute active et sans jugement<\/h3>\r\n\r\n\r\n\r\n<p class=\"wp-block-paragraph\">L&rsquo;\u00e9coute bienveillante est la base du soutien \u00e9motionnel.\u00a0<\/p>\r\n\r\n\r\n\r\n<p class=\"wp-block-paragraph\">\u00c9couter sans juger signifie accueillir la souffrance psychique de la personne malade, sans la minimiser ni lui donner des conseils non sollicit\u00e9s. Une phrase simple comme \u00ab\u00a0Je suis l\u00e0 pour toi\u00a0\u00bb apaise davantage qu&rsquo;un \u00ab\u00a0Il faut te secouer\u00a0\u00bb qui blesse.\u00a0<\/p>\r\n\r\n\r\n\r\n<p class=\"wp-block-paragraph\">Votre pr\u00e9sence et votre oreille attentive cr\u00e9ent un espace de dialogue o\u00f9 votre proche en d\u00e9pression exprime librement ses pens\u00e9es. <strong>Ce dialogue ouvert et empathique lui montre qu&rsquo;il a de la valeur \u00e0 vos yeux<\/strong>. Chaque mot compte, chaque attention sinc\u00e8re l&rsquo;aide \u00e0 se sentir compris.\u00a0<\/p>\r\n\r\n\r\n\r\n<p class=\"wp-block-paragraph\">Faire preuve d&#8217;empathie en encourageant le dialogue d\u00e9samorce l&rsquo;isolement qui accompagne le trouble d\u00e9pressif. L&rsquo;\u00e9coute active transforme votre relation et ouvre la voie vers le r\u00e9tablissement.<\/p>\r\n\r\n\r\n\r\n<figure class=\"wp-block-image aligncenter size-full\"><img decoding=\"async\" class=\"wp-image-108404\" src=\"https:\/\/cliniclesalpes.com\/wp-content\/uploads\/2025\/11\/image-2.png\" alt=\"les gestes pour soutenir\" \/><\/figure>\r\n\r\n\r\n\r\n<h3 class=\"wp-block-heading\">Maintenir une pr\u00e9sence r\u00e9guli\u00e8re et rassurante<\/h3>\r\n\r\n\r\n\r\n<p class=\"wp-block-paragraph\"><strong>Le soutien au quotidien brise l&rsquo;isolement v\u00e9cu par la personne d\u00e9pressive<\/strong>. Maintenir un contact r\u00e9gulier la rassure, m\u00eame si elle semble vouloir se replier sur elle-m\u00eame. Voici quelques actions concr\u00e8tes \u00e0 adapter au rythme de la personne \u00e0 qui vous tenez\u00a0:<\/p>\r\n\r\n\r\n\r\n<ul class=\"wp-block-list\">\r\n<li>Des appels t\u00e9l\u00e9phoniques courts mais fr\u00e9quents, plusieurs fois par semaine<\/li>\r\n\r\n\r\n\r\n<li>Des visites \u00e0 son domicile sans attendre une invitation formelle<\/li>\r\n\r\n\r\n\r\n<li>Des petits messages de soutien affectif, juste pour dire que vous pensez \u00e0 elle<\/li>\r\n\r\n\r\n\r\n<li>Des propositions d&rsquo;activit\u00e9s simples, une promenade ou un caf\u00e9<\/li>\r\n<\/ul>\r\n\r\n\r\n\r\n<p class=\"wp-block-paragraph\"><a href=\"https:\/\/cliniclesalpes.com\/fr\/blog\/faut-il-laisser-dormir-un-depressif-ou-lencourager-a-rester-actif\/\" target=\"_blank\" rel=\"noreferrer noopener\">La question de l&rsquo;encourager \u00e0 rester actif ou \u00e0 se reposer<\/a> doit \u00eatre consid\u00e9r\u00e9e avec un soin tout particulier. Si la personne refuse vos propositions, respectez son besoin de temps et restez disponible. Le simple fait d&rsquo;\u00eatre pr\u00e9sent au quotidien renforce votre relation et lui rappelle qu&rsquo;elle n&rsquo;est pas seule dans cette \u00e9preuve.<\/p>\r\n\r\n\r\n\r\n<h3 class=\"wp-block-heading\">Encourager la consultation d&rsquo;un professionnel de sant\u00e9<\/h3>\r\n\r\n\r\n\r\n<p class=\"wp-block-paragraph\"><strong>L&rsquo;aide professionnelle acc\u00e9l\u00e8re le traitement de la d\u00e9pression<\/strong>. Proposer de l&rsquo;aide \u00e0 votre proche demande du tact, sans le forcer ni l&rsquo;infantiliser. Vous pouvez accompagner une personne en lui sugg\u00e9rant\u00a0: \u00ab\u00a0Et si on prenait rendez-vous ensemble avec quelqu&rsquo;un qui pourra t&rsquo;aider\u00a0?\u00a0\u00bb Les diff\u00e9rents professionnels de sant\u00e9 interviennent \u00e0 des niveaux compl\u00e9mentaires dans la prise en charge\u00a0:<\/p>\r\n\r\n\r\n\r\n<div class=\"table-wrapper\">\r\n<table class=\"redac-table\">\r\n<thead>\r\n<tr>\r\n<th>Professionnel<\/th>\r\n<th>R\u00f4le dans le traitement<\/th>\r\n<\/tr>\r\n<\/thead>\r\n<tbody>\r\n<tr>\r\n<td>M\u00e9decin traitant<\/td>\r\n<td data-label=\"R\u00f4le dans le traitement\">\u00c9value l&rsquo;\u00e9tat g\u00e9n\u00e9ral, oriente vers les sp\u00e9cialistes, prescrit le traitement m\u00e9dicamenteux si n\u00e9cessaire<\/td>\r\n<\/tr>\r\n<tr>\r\n<td>Psychologue<\/td>\r\n<td data-label=\"R\u00f4le dans le traitement\">Propose une psychoth\u00e9rapie adapt\u00e9e, accompagne le patient dans sa compr\u00e9hension du trouble<\/td>\r\n<\/tr>\r\n<tr>\r\n<td>Psychiatre<\/td>\r\n<td data-label=\"R\u00f4le dans le traitement\">Diagnostique le syndrome d\u00e9pressif, ajuste les antid\u00e9presseurs, assure le suivi m\u00e9dical<\/td>\r\n<\/tr>\r\n<\/tbody>\r\n<\/table>\r\n<\/div>\r\n\r\n\r\n\r\n<p class=\"wp-block-paragraph\"><strong>Clinic Les Alpes propose un accompagnement personnalis\u00e9 pour les troubles d\u00e9pressifs<\/strong>, dans un cadre apaisant qui favorise le r\u00e9tablissement. Notre approche holistique combine th\u00e9rapie individuelle, soutien psychologique et activit\u00e9 physique adapt\u00e9e.<\/p>\r\n\r\n\r\n\r\n<div class=\"snippet-bait\">\r\n<p><a href=\"https:\/\/cliniclesalpes.com\/fr\/contactez-nous\/\">Contactez-nous pour en savoir\u00a0plus<\/a><\/p>\r\n<\/div>\r\n\r\n\r\n\r\n<h2 class=\"wp-block-heading\">Les erreurs \u00e0 \u00e9viter absolument quand on veut aider<\/h2>\r\n\r\n\r\n\r\n<p class=\"wp-block-paragraph\">M\u00eame avec les meilleures intentions du monde, <strong>certaines attitudes aggravent la situation de la personne d\u00e9pressive<\/strong>. Voici dans les prochaines lignes quelques pi\u00e8ges courants \u00e0 contourner. Si vous avez d\u00e9j\u00e0 commis ces erreurs, ne culpabilisez pas\u00a0: l&rsquo;accompagnement d&rsquo;un proche en d\u00e9pression demande un apprentissage progressif.<\/p>\r\n\r\n\r\n\r\n<h3 class=\"wp-block-heading\">Ne pas minimiser la souffrance ni culpabiliser<\/h3>\r\n\r\n\r\n\r\n<p class=\"wp-block-paragraph\"><strong>Certaines phrases blessent profond\u00e9ment la personne en souffrance<\/strong>. \u00ab\u00a0Secoue-toi\u00a0\u00bb, \u00ab\u00a0D&rsquo;autres ont pire que toi\u00a0\u00bb ou \u00ab\u00a0C&rsquo;est dans ta t\u00eate\u00a0\u00bb aggravent le sentiment d&rsquo;incompr\u00e9hension et renforcent la faible estime de soi. Ces mots nient la souffrance r\u00e9elle v\u00e9cue par votre proche.\u00a0<\/p>\r\n\r\n\r\n\r\n<p class=\"wp-block-paragraph\">La d\u00e9pression est <a href=\"https:\/\/www.who.int\/fr\/news-room\/fact-sheets\/detail\/depression#:~:text=La%20d%C3%A9pression%20est%20un%20trouble%20mental%20courant\" target=\"_blank\" rel=\"noopener\">une maladie largement reconnue par la communaut\u00e9 m\u00e9dicale<\/a>, pas un manque de volont\u00e9 ou une faiblesse de caract\u00e8re. D\u00e9culpabiliser la personne atteinte d&rsquo;un trouble d\u00e9pressif commence par valider sa douleur sans jugement. Voici comment reformuler vos propos\u00a0:<\/p>\r\n\r\n\r\n\r\n<div class=\"table-wrapper\">\r\n<table class=\"redac-table\">\r\n<thead>\r\n<tr>\r\n<th>Phrases \u00e0 \u00e9viter<\/th>\r\n<th>Phrases \u00e0 privil\u00e9gier<\/th>\r\n<\/tr>\r\n<\/thead>\r\n<tbody>\r\n<tr>\r\n<td>\u00ab\u00a0Secoue-toi un peu\u00a0\u00bb<\/td>\r\n<td data-label=\"Phrases \u00e0 privil\u00e9gier\">\u00ab\u00a0Je comprends que tu traverses une p\u00e9riode difficile\u00a0\u00bb<\/td>\r\n<\/tr>\r\n<tr>\r\n<td>\u00ab\u00a0D&rsquo;autres ont pire que toi\u00a0\u00bb<\/td>\r\n<td data-label=\"Phrases \u00e0 privil\u00e9gier\">\u00ab\u00a0Ta souffrance compte, je suis l\u00e0 pour toi\u00a0\u00bb<\/td>\r\n<\/tr>\r\n<tr>\r\n<td>\u00ab\u00a0C&rsquo;est dans ta t\u00eate\u00a0\u00bb<\/td>\r\n<td data-label=\"Phrases \u00e0 privil\u00e9gier\">\u00ab\u00a0C&rsquo;est une maladie r\u00e9elle, consultons ensemble un m\u00e9decin\u00a0\u00bb<\/td>\r\n<\/tr>\r\n<tr>\r\n<td>\u00ab\u00a0Tu devrais faire un effort\u00a0\u00bb<\/td>\r\n<td data-label=\"Phrases \u00e0 privil\u00e9gier\">\u00ab\u00a0Je respecte ton rythme, prends ton temps\u00a0\u00bb<\/td>\r\n<\/tr>\r\n<\/tbody>\r\n<\/table>\r\n<\/div>\r\n\r\n\r\n\r\n<p class=\"wp-block-paragraph\">Chaque chose que vous dites fa\u00e7onne l&rsquo;estime de soi de votre proche. <strong>Vos mots ont le pouvoir de l&rsquo;aider<\/strong> \u00e0 accepter sa condition et \u00e0 chercher le traitement adapt\u00e9.<\/p>\r\n\r\n\r\n\r\n<h3 class=\"wp-block-heading\">Respecter les limites et prendre soin de soi<\/h3>\r\n\r\n\r\n\r\n<p class=\"wp-block-paragraph\"><strong>Soutenir son proche en d\u00e9pression \u00e9puise \u00e9motionnellement l&rsquo;aidant<\/strong>. Fixer des limites saines vous prot\u00e8ge du risque de sombrer \u00e0 votre tour. Vous n&rsquo;\u00eates pas responsable de la gu\u00e9rison de l&rsquo;autre, m\u00eame si votre amour vous pousse \u00e0 vouloir tout r\u00e9soudre.<a href=\"https:\/\/cliniclesalpes.com\/fr\/blog\/prendre-de-la-distance-pour-se-proteger\/\">\u00a0<\/a><\/p>\r\n\r\n\r\n\r\n<p class=\"wp-block-paragraph\"><a href=\"https:\/\/cliniclesalpes.com\/fr\/blog\/prendre-de-la-distance-pour-se-proteger\/\" target=\"_blank\" rel=\"noreferrer noopener\">Prendre de la distance<\/a> devient parfois n\u00e9cessaire pour pr\u00e9server votre propre \u00e9quilibre. Quelques conseils pratiques vous aident \u00e0 trouver votre place dans cet accompagnement\u00a0:<\/p>\r\n\r\n\r\n\r\n<ul class=\"wp-block-list\">\r\n<li>Consultez un groupe de soutien pour les proches, o\u00f9 partager votre v\u00e9cu avec d&rsquo;autres familles<\/li>\r\n\r\n\r\n\r\n<li>Gardez du temps pour vos propres activit\u00e9s et votre bien-\u00eatre<\/li>\r\n\r\n\r\n\r\n<li>Acceptez que la psychoth\u00e9rapie et le traitement m\u00e9dicamenteux rel\u00e8vent des professionnels de sant\u00e9<\/li>\r\n\r\n\r\n\r\n<li>Demandez de l&rsquo;aide \u00e0 votre entourage dans la prise en charge quotidienne.<\/li>\r\n<\/ul>\r\n\r\n\r\n\r\n<p class=\"wp-block-paragraph\"><strong>Prendre soin de soi ne signifie pas abandonner votre proche<\/strong>. Au contraire, un aidant en forme soutient mieux sur le long terme. Enfin, consulter un psychologue vous aide aussi \u00e0 g\u00e9rer vos propres pens\u00e9es et \u00e0 maintenir un \u00e9quilibre sain dans cette relation d&rsquo;aide.<\/p>\r\n\r\n\r\n\r\n<figure class=\"wp-block-image aligncenter size-full\"><img decoding=\"async\" class=\"wp-image-108405\" src=\"https:\/\/cliniclesalpes.com\/wp-content\/uploads\/2025\/11\/image-3.png\" alt=\"la d\u00e9pression se soigne\" \/><\/figure>\r\n\r\n\r\n\r\n<h2 class=\"wp-block-heading\">La d\u00e9pression se soigne, merci d\u2019aider<\/h2>\r\n\r\n\r\n\r\n<p class=\"wp-block-paragraph\">Aider quelqu&rsquo;un en d\u00e9pression commence par reconna\u00eetre les sympt\u00f4mes, pratiquer l&rsquo;\u00e9coute sans jugement et encourager le dialogue avec des professionnels de sant\u00e9. Chaque petite action compte dans ce parcours\u00a0: votre pr\u00e9sence au quotidien, vos mots choisis avec soin et votre disponibilit\u00e9 cr\u00e9ent un espace de soutien familial pr\u00e9cieux.\u00a0<\/p>\r\n\r\n\r\n\r\n<p class=\"wp-block-paragraph\"><strong>La d\u00e9pression se soigne<\/strong>, et l&rsquo;\u00e9volution vers un meilleur \u00e9tat de sant\u00e9 mentale est possible avec un accompagnement adapt\u00e9. Vous avez pris le temps de vous informer, d&rsquo;accepter la r\u00e9alit\u00e9 de cette maladie et de chercher les actions cl\u00e9s\u00a0: cette d\u00e9marche fait d\u00e9j\u00e0 de vous un v\u00e9ritable soutien.<\/p>\r\n\r\n\r\n\r\n<p class=\"wp-block-paragraph\"><strong>Clinic Les Alpes accompagne les troubles d\u00e9pressifs <\/strong>avec une approche personnalis\u00e9e qui prend en compte chaque personne dans sa globalit\u00e9. Notre \u00e9quipe pluridisciplinaire allie th\u00e9rapie, soin m\u00e9dical et cadre apaisant dans les Alpes suisses. Nous aidons aussi les proches \u00e0 trouver leur place dans ce processus de r\u00e9tablissement. L&rsquo;espoir existe, les progr\u00e8s deviennent r\u00e9alit\u00e9 jour apr\u00e8s jour.<\/p>\r\n\r\n\r\n\r\n<p class=\"wp-block-paragraph\">Vous souhaitez en savoir plus sur nos programmes ou obtenir des conseils adapt\u00e9s \u00e0 votre situation\u00a0?<a href=\"https:\/\/cliniclesalpes.com\/fr\/contactez-nous\/\" target=\"_blank\" rel=\"noreferrer noopener\"> Contactez-nous<\/a> d\u00e8s aujourd&rsquo;hui au +41\u00a058\u00a0360\u00a055\u00a000 ou par email \u00e0 info@cliniclesalpes.net. Notre \u00e9quipe est disponible pour r\u00e9pondre \u00e0 vos questions et vous guider vers toutes les ressources disponibles.<\/p>\r\n","protected":false},"excerpt":{"rendered":"<p>Vous voyez votre ami s&rsquo;enfoncer dans la d\u00e9pression jour apr\u00e8s jour, et chaque tentative de soutien semble \u00e9chouer. Cette situation vous \u00e9puise \u00e9motionnellement, et vous ne savez plus comment aider quelqu&rsquo;un en d\u00e9pression sans vous perdre vous-m\u00eame.\u00a0 La personne d\u00e9pressive repousse vos efforts, et vous craignez de dire ou faire quelque chose de blessant.\u00a0 Aider [&hellip;]<\/p>\n","protected":false},"author":1,"featured_media":114065,"comment_status":"closed","ping_status":"closed","sticky":false,"template":"","format":"standard","meta":{"_acf_changed":false,"footnotes":""},"categories":[117],"tags":[],"class_list":["post-108401","post","type-post","status-publish","format-standard","has-post-thumbnail","hentry","category-sante-mentale-et-bien-etre"],"acf":[],"_links":{"self":[{"href":"https:\/\/cliniclesalpes.com\/fr\/wp-json\/wp\/v2\/posts\/108401","targetHints":{"allow":["GET"]}}],"collection":[{"href":"https:\/\/cliniclesalpes.com\/fr\/wp-json\/wp\/v2\/posts"}],"about":[{"href":"https:\/\/cliniclesalpes.com\/fr\/wp-json\/wp\/v2\/types\/post"}],"author":[{"embeddable":true,"href":"https:\/\/cliniclesalpes.com\/fr\/wp-json\/wp\/v2\/users\/1"}],"replies":[{"embeddable":true,"href":"https:\/\/cliniclesalpes.com\/fr\/wp-json\/wp\/v2\/comments?post=108401"}],"version-history":[{"count":2,"href":"https:\/\/cliniclesalpes.com\/fr\/wp-json\/wp\/v2\/posts\/108401\/revisions"}],"predecessor-version":[{"id":114069,"href":"https:\/\/cliniclesalpes.com\/fr\/wp-json\/wp\/v2\/posts\/108401\/revisions\/114069"}],"wp:featuredmedia":[{"embeddable":true,"href":"https:\/\/cliniclesalpes.com\/fr\/wp-json\/wp\/v2\/media\/114065"}],"wp:attachment":[{"href":"https:\/\/cliniclesalpes.com\/fr\/wp-json\/wp\/v2\/media?parent=108401"}],"wp:term":[{"taxonomy":"category","embeddable":true,"href":"https:\/\/cliniclesalpes.com\/fr\/wp-json\/wp\/v2\/categories?post=108401"},{"taxonomy":"post_tag","embeddable":true,"href":"https:\/\/cliniclesalpes.com\/fr\/wp-json\/wp\/v2\/tags?post=108401"}],"curies":[{"name":"wp","href":"https:\/\/api.w.org\/{rel}","templated":true}]}}