{"id":108408,"date":"2026-08-19T15:37:43","date_gmt":"2026-08-19T15:37:43","guid":{"rendered":"https:\/\/cliniclesalpes.com\/?p=108408"},"modified":"2026-08-19T17:28:38","modified_gmt":"2026-08-19T17:28:38","slug":"trouble-anxio-depressif-severe","status":"publish","type":"post","link":"https:\/\/cliniclesalpes.com\/fr\/blog\/2026\/08\/19\/trouble-anxio-depressif-severe\/","title":{"rendered":"Trouble anxio-d\u00e9pressif s\u00e9v\u00e8re\u00a0: les traitements qui changent vraiment la vie"},"content":{"rendered":"\r\n<p class=\"wp-block-paragraph\">Chaque matin ressemble au pr\u00e9c\u00e9dent\u00a0: l&rsquo;\u00e9puisement physique malgr\u00e9 les heures de sommeil, les pens\u00e9es n\u00e9gatives qui tournent en boucle, l&rsquo;irritabilit\u00e9 face \u00e0 vos proches. Le trouble anxio-d\u00e9pressif s\u00e9v\u00e8re vous enferme dans une spirale o\u00f9 l&rsquo;anxi\u00e9t\u00e9 chronique et la d\u00e9pression se nourrissent mutuellement. Cette maladie mentale bouleverse votre travail, vos relations, votre estime de vous-m\u00eame.<\/p>\r\n\r\n\r\n\r\n<p class=\"wp-block-paragraph\">La bonne nouvelle\u00a0? Des solutions th\u00e9rapeutiques concr\u00e8tes transforment le quotidien des personnes atteintes d\u2019un syndrome anxiod\u00e9pressif.\u00a0<\/p>\r\n\r\n\r\n\r\n<p class=\"wp-block-paragraph\">Cet article d\u00e9taille les manifestations de ce trouble psychiatrique, les facteurs de risque \u00e0 conna\u00eetre, et surtout les traitements qui fonctionnent vraiment. Du suivi psychologique \u00e0 la prise en charge m\u00e9dicamenteuse, d\u00e9couvrez comment retrouver le contr\u00f4le de votre vie face \u00e0 cette pathologie handicapante.<\/p>\r\n\r\n\r\n\r\n<h1 class=\"wp-block-heading\">Qu&rsquo;est-ce qu&rsquo;un trouble anxio-d\u00e9pressif s\u00e9v\u00e8re\u00a0?<\/h1>\r\n\r\n\r\n\r\n<p class=\"wp-block-paragraph\">Le trouble anxio-d\u00e9pressif s\u00e9v\u00e8re combine deux pathologies distinctes mais \u00e9troitement li\u00e9es\u00a0: <strong>l&rsquo;anxi\u00e9t\u00e9 et la d\u00e9pression<\/strong>.\u00a0<\/p>\r\n\r\n\r\n\r\n<p class=\"wp-block-paragraph\">Votre esprit est tiraill\u00e9 entre deux forces oppos\u00e9es. D&rsquo;un c\u00f4t\u00e9, l&rsquo;anxi\u00e9t\u00e9 vous projette dans un futur angoissant, vous maintient en alerte constante face \u00e0 des menaces imaginaires. De l&rsquo;autre, la d\u00e9pression vous enferme dans une tristesse persistante et un sentiment de d\u00e9valorisation qui vous coupe du pr\u00e9sent.<\/p>\r\n\r\n\r\n\r\n<p class=\"wp-block-paragraph\">Ces deux troubles psychiatriques se nourrissent l&rsquo;un l&rsquo;autre, cr\u00e9ant <strong>une souffrance psychique particuli\u00e8rement handicapante<\/strong>.\u00a0<\/p>\r\n\r\n\r\n\r\n<p class=\"wp-block-paragraph\">La s\u00e9v\u00e9rit\u00e9 d\u2019un trouble anxio-d\u00e9pressif se d\u00e9finit par l&rsquo;intensit\u00e9 des sympt\u00f4mes et leur dur\u00e9e\u00a0: un trouble anxio-d\u00e9pressif s\u00e9v\u00e8re persiste plusieurs semaines, voire plusieurs mois, affectant gravement votre fonctionnement quotidien. Cette pathologie touche tous les groupes d&rsquo;\u00e2ge, bien que certains facteurs de risque augmentent la pr\u00e9valence chez certaines populations. Nous aborderons ce point un peu plus tard.<\/p>\r\n\r\n\r\n\r\n<figure class=\"wp-block-image aligncenter size-full\"><img decoding=\"async\" class=\"wp-image-108409\" src=\"https:\/\/cliniclesalpes.com\/wp-content\/uploads\/2025\/11\/image-4.png\" alt=\"Qu'est-ce qu'un trouble anxiod\u00e9pressif s\u00e9v\u00e8re ?\" \/><\/figure>\r\n\r\n\r\n\r\n<h2 class=\"wp-block-heading\">Les sympt\u00f4mes qui doivent vous alerter<\/h2>\r\n\r\n\r\n\r\n<p class=\"wp-block-paragraph\">Prendre conscience des signes du trouble anxio-d\u00e9pressif s\u00e9v\u00e8re amorce le chemin vers le r\u00e9tablissement. Ces manifestations touchent plusieurs dimensions de votre vie\u00a0: <strong>votre esprit, votre corps et vos relations<\/strong>. Comprendre ces signaux d&rsquo;alarme vous aide \u00e0 consulter rapidement un professionnel de sant\u00e9 mentale.<\/p>\r\n\r\n\r\n\r\n<h3 class=\"wp-block-heading\">Les manifestations \u00e9motionnelles et psychiques<\/h3>\r\n\r\n\r\n\r\n<p class=\"wp-block-paragraph\"><strong>Votre esprit subit une pression constante lorsque le trouble anxiod\u00e9pressif s&rsquo;installe<\/strong>. Les sympt\u00f4mes psychologiques se multiplient et cr\u00e9ent une souffrance psychique profonde. L&rsquo;humeur d\u00e9pressive s&rsquo;accompagne d&rsquo;une anxi\u00e9t\u00e9 chronique qui ne vous laisse aucun r\u00e9pit.<\/p>\r\n\r\n\r\n\r\n<p class=\"wp-block-paragraph\"><strong>Les manifestations \u00e9motionnelles incluent\u00a0:<\/strong><\/p>\r\n\r\n\r\n\r\n<ul class=\"wp-block-list\">\r\n<li>La tristesse persistante qui vous envahit d\u00e8s le r\u00e9veil<\/li>\r\n\r\n\r\n\r\n<li>L&rsquo;inqui\u00e9tude constante face \u00e0 des situations quotidiennes<\/li>\r\n\r\n\r\n\r\n<li>Le sentiment de d\u00e9valorisation et la perte d&rsquo;estime de soi<\/li>\r\n\r\n\r\n\r\n<li>Les id\u00e9es noires, voire suicidaires dans les cas les plus graves<\/li>\r\n\r\n\r\n\r\n<li>L&rsquo;irritabilit\u00e9 fr\u00e9quente envers votre entourage<\/li>\r\n\r\n\r\n\r\n<li>La m\u00e9lancolie qui colore chaque moment de votre journ\u00e9e<\/li>\r\n<\/ul>\r\n\r\n\r\n\r\n<p class=\"wp-block-paragraph\">Cet \u00e9tat d\u00e9pressif se double parfois d&rsquo;un<a href=\"https:\/\/cliniclesalpes.com\/fr\/blog\/vide-emotionnel\/\" target=\"_blank\" rel=\"noreferrer noopener\"> vide \u00e9motionnel<\/a> particuli\u00e8rement d\u00e9routant. Vous vous sentez coup\u00e9 de vos \u00e9motions, incapable de ressentir la joie ou m\u00eame la tristesse de fa\u00e7on claire. Cette coexistence des troubles anxieux et d\u00e9pressifs caract\u00e9rise le syndrome anxio-d\u00e9pressif et demande une prise en charge sp\u00e9cifique.<\/p>\r\n\r\n\r\n\r\n<h3 class=\"wp-block-heading\">Les r\u00e9percussions physiques du trouble<\/h3>\r\n\r\n\r\n\r\n<p class=\"wp-block-paragraph\"><strong>Votre corps exprime la d\u00e9tresse que votre esprit traverse<\/strong>. Le stress chronique et la d\u00e9pression s\u00e9v\u00e8re laissent des traces physiques concr\u00e8tes et handicapantes au quotidien.<\/p>\r\n\r\n\r\n\r\n<p class=\"wp-block-paragraph\">La fatigue chronique vous \u00e9crase d\u00e8s le matin, m\u00eame apr\u00e8s une nuit de sommeil. Les troubles du sommeil alternent entre insomnies et hypersomnies, perturbant votre rythme naturel. D&rsquo;ailleurs,<a href=\"https:\/\/cliniclesalpes.com\/fr\/blog\/faut-il-laisser-dormir-un-depressif-ou-lencourager-a-rester-actif\/\" target=\"_blank\" rel=\"noreferrer noopener\"> faut-il laisser dormir un d\u00e9pressif<\/a> ou l&rsquo;encourager \u00e0 maintenir une routine\u00a0? Cette question se pose fr\u00e9quemment chez les proches de personnes atteintes.<\/p>\r\n\r\n\r\n\r\n<p class=\"wp-block-paragraph\">Les autres sympt\u00f4mes physiques se manifestent par des douleurs inexpliqu\u00e9es, des maux de t\u00eate r\u00e9currents, des troubles de la concentration qui vous emp\u00eachent de travailler efficacement. Votre poids fluctue\u00a0: certains perdent l&rsquo;app\u00e9tit et maigrissent, <a href=\"https:\/\/cliniclesalpes.com\/fr\/blog\/manger-ses-emotions-comprendre-et-surmonter-cette-reaction\/\" target=\"_blank\" rel=\"noreferrer noopener\">d&rsquo;autres trouvent refuge dans la nourriture<\/a>.\u00a0<\/p>\r\n\r\n\r\n\r\n<div class=\"snippet-bait\">\r\n<p>L&rsquo;\u00e9puisement corporel g\u00e9n\u00e9ral ralentit chacun de vos mouvements et rend les t\u00e2ches simples \u00e9puisantes.<\/p>\r\n<\/div>\r\n\r\n\r\n\r\n<h3 class=\"wp-block-heading\">L&rsquo;impact sur la vie quotidienne et les relations<\/h3>\r\n\r\n\r\n\r\n<p class=\"wp-block-paragraph\">Le trouble anxio-d\u00e9pressif s\u00e9v\u00e8re bouleverse progressivement tous les aspects de votre existence. Vous<a href=\"https:\/\/cliniclesalpes.com\/fr\/blog\/perdre-pied-psychologiquement\/\" target=\"_blank\" rel=\"noreferrer noopener\"> perdez pied psychologiquement<\/a> et voyez votre vie vous \u00e9chapper. La<a href=\"https:\/\/cliniclesalpes.com\/fr\/blog\/perte-de-sens\/\" target=\"_blank\" rel=\"noreferrer noopener\"> perte de sens<\/a> s&rsquo;installe insidieusement.<\/p>\r\n\r\n\r\n\r\n<p class=\"wp-block-paragraph\"><strong>Les cons\u00e9quences sur votre quotidien prennent plusieurs formes\u00a0:<\/strong><\/p>\r\n\r\n\r\n\r\n<ul class=\"wp-block-list\">\r\n<li>Les difficult\u00e9s relationnelles avec vos proches qui ne comprennent pas votre \u00e9tat<\/li>\r\n\r\n\r\n\r\n<li>L&rsquo;isolement progressif et le retrait social<\/li>\r\n\r\n\r\n\r\n<li>La perte d&rsquo;int\u00e9r\u00eat totale envers les activit\u00e9s qui vous passionnaient<\/li>\r\n\r\n\r\n\r\n<li>Les probl\u00e8mes au travail\u00a0: absences, baisse de performance, risque de burn out<\/li>\r\n\r\n\r\n\r\n<li>La perturbation compl\u00e8te de votre routine quotidienne<\/li>\r\n<\/ul>\r\n\r\n\r\n\r\n<p class=\"wp-block-paragraph\"><strong>Votre situation sociale et familiale se d\u00e9grade rapidement<\/strong>. Vous annulez les sorties, d\u00e9clinez les invitations, vous vous \u00e9loignez des personnes qui vous aiment. Cette spirale descendante aggrave les sympt\u00f4mes d\u00e9pressifs et anxieux, cr\u00e9ant un cercle vicieux difficile \u00e0 briser seul. Pourtant, des solutions th\u00e9rapeutiques existent et la qualit\u00e9 de vie se retrouve avec une prise en charge adapt\u00e9e.<\/p>\r\n\r\n\r\n\r\n<figure class=\"wp-block-image aligncenter size-full\"><img decoding=\"async\" class=\"wp-image-108410\" src=\"https:\/\/cliniclesalpes.com\/wp-content\/uploads\/2025\/11\/image-6.png\" alt=\"Les sympt\u00f4mes du syndr\u00f4me anxiod\u00e9pressif\" \/><\/figure>\r\n\r\n\r\n\r\n<h2 class=\"wp-block-heading\">Les causes et facteurs de risque du syndrome anxiod\u00e9pressif<\/h2>\r\n\r\n\r\n\r\n<p class=\"wp-block-paragraph\">Comprendre l&rsquo;origine du trouble anxio-d\u00e9pressif aide \u00e0 mieux cibler le traitement et \u00e0 personnaliser la prise en charge. <strong>Aucune cause unique n&rsquo;explique l&rsquo;apparition de cette maladie mentale\u00a0:<\/strong> plusieurs facteurs biologiques, psychologiques et environnementaux interagissent et cr\u00e9ent le terrain favorable au d\u00e9veloppement des sympt\u00f4mes d\u00e9pressifs et anxieux.<\/p>\r\n\r\n\r\n\r\n<h3 class=\"wp-block-heading\">Les facteurs biologiques et g\u00e9n\u00e9tiques<\/h3>\r\n\r\n\r\n\r\n<p class=\"wp-block-paragraph\">Votre cerveau joue \u00e9videmment un r\u00f4le central dans la r\u00e9gulation de l&rsquo;humeur et des \u00e9motions. Lorsque ce syst\u00e8me se d\u00e9r\u00e8gle, les troubles de l&rsquo;humeur apparaissent et s&rsquo;installent progressivement.<\/p>\r\n\r\n\r\n\r\n<p class=\"wp-block-paragraph\"><strong>Les causes biologiques du syndrome anxiod\u00e9pressif incluent\u00a0:<\/strong><\/p>\r\n\r\n\r\n\r\n<ul class=\"wp-block-list\">\r\n<li>Les pr\u00e9dispositions g\u00e9n\u00e9tiques qui augmentent le risque de d\u00e9velopper la maladie<\/li>\r\n\r\n\r\n\r\n<li>Les ant\u00e9c\u00e9dents familiaux de d\u00e9pression majeure ou d&rsquo;anxi\u00e9t\u00e9 g\u00e9n\u00e9ralis\u00e9e<\/li>\r\n\r\n\r\n\r\n<li>Le d\u00e9s\u00e9quilibre des neurotransmetteurs, notamment de la s\u00e9rotonine dans le cerveau<\/li>\r\n\r\n\r\n\r\n<li>Le fonctionnement c\u00e9r\u00e9bral alt\u00e9r\u00e9 au niveau des zones qui g\u00e8rent les \u00e9motions<\/li>\r\n\r\n\r\n\r\n<li>Les modifications de l&rsquo;activit\u00e9 c\u00e9r\u00e9brale observables lors d&rsquo;un \u00e9pisode d\u00e9pressif majeur<\/li>\r\n<\/ul>\r\n\r\n\r\n\r\n<p class=\"wp-block-paragraph\">Si vos parents ou vos proches ont souffert de troubles d\u00e9pressifs ou de troubles anxieux, <strong>votre risque personnel augmente<\/strong>. Cette transmission familiale ne condamne pas \u00e0 la maladie, elle signale simplement une vuln\u00e9rabilit\u00e9 accrue.\u00a0<\/p>\r\n\r\n\r\n\r\n<div class=\"snippet-bait\">\r\n<p>Le diagnostic d&rsquo;un trouble anxio-d\u00e9pressif chez un adulte r\u00e9v\u00e8le fr\u00e9quemment des ant\u00e9c\u00e9dents familiaux de sant\u00e9 mentale fragile.<\/p>\r\n<\/div>\r\n\r\n\r\n\r\n<h3 class=\"wp-block-heading\">Les \u00e9v\u00e9nements de vie et facteurs environnementaux<\/h3>\r\n\r\n\r\n\r\n<p class=\"wp-block-paragraph\">Votre environnement et votre parcours de vie influencent directement l&rsquo;apparition du trouble anxiod\u00e9pressif. Certaines situations d\u00e9clenchent ou aggravent un \u00e9tat d\u00e9pressif existant, surtout si vous pr\u00e9sentez d\u00e9j\u00e0 une fragilit\u00e9 biologique.<\/p>\r\n\r\n\r\n\r\n<p class=\"wp-block-paragraph\"><strong>Les facteurs environnementaux qui augmentent le risque comprennent\u00a0:<\/strong><\/p>\r\n\r\n\r\n\r\n<ul class=\"wp-block-list\">\r\n<li>Les \u00e9v\u00e9nements traumatiques v\u00e9cus dans l&rsquo;enfance ou \u00e0 l&rsquo;\u00e2ge adulte<\/li>\r\n\r\n\r\n\r\n<li>Le stress chronique au travail ou dans la sph\u00e8re personnelle<\/li>\r\n\r\n\r\n\r\n<li>Les difficult\u00e9s professionnelles, le ch\u00f4mage ou l&rsquo;ins\u00e9curit\u00e9 financi\u00e8re<\/li>\r\n\r\n\r\n\r\n<li>Les situations de perte\u00a0: deuil, s\u00e9paration, \u00e9chec<\/li>\r\n\r\n\r\n\r\n<li>L&rsquo;isolement social et l&rsquo;absence de soutien familial<\/li>\r\n<\/ul>\r\n\r\n\r\n\r\n<p class=\"wp-block-paragraph\"><strong>Ces \u00e9l\u00e9ments s&rsquo;accumulent avec le temps <\/strong>et fragilisent votre \u00e9quilibre psychologique. Un premier \u00e9pisode de d\u00e9pression l\u00e9g\u00e8re \u00e9volue parfois vers un trouble anxio-d\u00e9pressif s\u00e9v\u00e8re si aucun traitement n&rsquo;intervient rapidement. Le risque de suicide augmente \u00e9galement lorsque les sympt\u00f4mes persistants ne trouvent pas de r\u00e9ponse th\u00e9rapeutique adapt\u00e9e.<\/p>\r\n\r\n\r\n\r\n<p class=\"wp-block-paragraph\"><a href=\"https:\/\/cliniclesalpes.com\/fr\/blog\/comment-surmonter-un-traumatisme-psychologique\/\" target=\"_blank\" rel=\"noreferrer noopener\">Surmonter un traumatisme psychologique<\/a> demande un accompagnement sp\u00e9cialis\u00e9. Les traces laiss\u00e9es par ces \u00e9v\u00e9nements douloureux alimentent l&rsquo;inqui\u00e9tude constante et la tristesse caract\u00e9ristiques du syndrome anxiod\u00e9pressif. La consultation psychiatrique est alors indispensable pour \u00e9valuer la situation et proposer un parcours de soins personnalis\u00e9.<\/p>\r\n\r\n\r\n\r\n<figure class=\"wp-block-image aligncenter size-full\"><img decoding=\"async\" class=\"wp-image-108411\" src=\"https:\/\/cliniclesalpes.com\/wp-content\/uploads\/2025\/11\/image-5.png\" alt=\"causes et facteurs de risque du trouble anxiod\u00e9pressif\" \/><\/figure>\r\n\r\n\r\n\r\n<h2 class=\"wp-block-heading\">Les traitements efficaces qui transforment votre vie<\/h2>\r\n\r\n\r\n\r\n<p class=\"wp-block-paragraph\">Heureusement, <strong>des solutions th\u00e9rapeutiques existent <\/strong>et donnent des r\u00e9sultats concrets sur le trouble anxio-d\u00e9pressif s\u00e9v\u00e8re. Les protocoles modernes combinent plusieurs m\u00e9thodes et s&rsquo;adaptent \u00e0 votre situation personnelle, \u00e0 l&rsquo;intensit\u00e9 de vos sympt\u00f4mes et \u00e0 votre parcours.<\/p>\r\n\r\n\r\n\r\n<h3 class=\"wp-block-heading\">La th\u00e9rapie cognitivo-comportementale et la psychoth\u00e9rapie<\/h3>\r\n\r\n\r\n\r\n<p class=\"wp-block-paragraph\"><strong>La TCC se positionne en traitement de r\u00e9f\u00e9rence <\/strong>dans la prise en charge des troubles anxiod\u00e9pressifs. Cette m\u00e9thode agit directement sur vos pens\u00e9es n\u00e9gatives et vos comportements qui alimentent la d\u00e9pression chronique et l&rsquo;anxi\u00e9t\u00e9. Le psychologue vous aide \u00e0 identifier les sch\u00e9mas de pens\u00e9e destructeurs, puis vous enseigne des strat\u00e9gies concr\u00e8tes pour les modifier.<\/p>\r\n\r\n\r\n\r\n<p class=\"wp-block-paragraph\"><strong>La psychoth\u00e9rapie de soutien compl\u00e8te cette d\u00e9marche <\/strong>en vous offrant un espace d&rsquo;\u00e9coute et de conseil s\u00e9curis\u00e9. Les entretiens r\u00e9guliers avec votre psychiatre ou votre psychologue cr\u00e9ent un cadre o\u00f9 vous exprimez votre souffrance sans jugement.\u00a0<\/p>\r\n\r\n\r\n\r\n<p class=\"wp-block-paragraph\">Ce suivi psychologique continu renforce votre estime de vous-m\u00eame et vous donne les outils pour g\u00e9rer vos sympt\u00f4mes d&rsquo;anxi\u00e9t\u00e9 et vos sympt\u00f4mes de d\u00e9pression au quotidien. Les s\u00e9ances hebdomadaires vous apprennent \u00e0 reprendre le contr\u00f4le de vos \u00e9motions et \u00e0 d\u00e9velopper de nouveaux r\u00e9flexes face aux situations stressantes.<\/p>\r\n\r\n\r\n\r\n<h3 class=\"wp-block-heading\">Le traitement m\u00e9dicamenteux adapt\u00e9<\/h3>\r\n\r\n\r\n\r\n<p class=\"wp-block-paragraph\"><strong>L&rsquo;action des antid\u00e9presseurs est souvent d\u00e9cisive <\/strong>dans la gestion des sympt\u00f4mes persistants du trouble anxio-d\u00e9pressif s\u00e9v\u00e8re. Les inhibiteurs s\u00e9lectifs de la recapture de la s\u00e9rotonine agissent sur le cerveau et r\u00e9\u00e9quilibrent les neurotransmetteurs responsables de la r\u00e9gulation de l&rsquo;humeur.<\/p>\r\n\r\n\r\n\r\n<p class=\"wp-block-paragraph\">La prescription d&rsquo;un traitement m\u00e9dicamenteux intervient apr\u00e8s <strong>une \u00e9valuation clinique approfondie par votre m\u00e9decin ou psychiatre<\/strong>. Ce professionnel d\u00e9termine le type d&rsquo;antid\u00e9presseur adapt\u00e9 \u00e0 votre tableau clinique et ajuste progressivement les dosages selon votre r\u00e9ponse.<\/p>\r\n\r\n\r\n\r\n<p class=\"wp-block-paragraph\">Le suivi m\u00e9dical r\u00e9gulier reste indispensable tout au long de la prise en charge m\u00e9dicamenteuse. Votre m\u00e9decin surveille les effets du traitement et pr\u00e9vient tout risque de<a href=\"https:\/\/cliniclesalpes.com\/fr\/blog\/pharmacodependance\/\" target=\"_blank\" rel=\"noreferrer noopener\"> pharmacod\u00e9pendance<\/a>. Dans les cas de d\u00e9pression r\u00e9sistante, o\u00f9 les premiers traitements ne donnent pas les r\u00e9sultats esp\u00e9r\u00e9s, d&rsquo;autres mol\u00e9cules ou associations m\u00e9dicamenteuses se r\u00e9v\u00e8lent efficaces.<\/p>\r\n\r\n\r\n\r\n<h3 class=\"wp-block-heading\">Les approches compl\u00e9mentaires et innovantes<\/h3>\r\n\r\n\r\n\r\n<p class=\"wp-block-paragraph\">Au-del\u00e0 de la th\u00e9rapie et des m\u00e9dicaments, d&rsquo;autres strat\u00e9gies renforcent votre gu\u00e9rison\u00a0:<\/p>\r\n\r\n\r\n\r\n<ul class=\"wp-block-list\">\r\n<li><strong>L&rsquo;activit\u00e9 physique r\u00e9guli\u00e8re<\/strong>, tout d\u2019abord, lib\u00e8re des endorphines dans votre corps et am\u00e9liore naturellement votre humeur.\u00a0<\/li>\r\n\r\n\r\n\r\n<li><strong>Une routine structur\u00e9e <\/strong>vous aide ensuite \u00e0 retrouver des rep\u00e8res stables\u00a0: heures de lever et de coucher fixes, repas r\u00e9guliers, moments d\u00e9di\u00e9s aux activit\u00e9s agr\u00e9ables.<\/li>\r\n\r\n\r\n\r\n<li><strong>Le soutien familial<\/strong>, enfin, a aussi son importance dans votre r\u00e9tablissement. Vos proches vous accompagnent dans les moments difficiles et vous encouragent \u00e0 maintenir vos efforts th\u00e9rapeutiques.\u00a0<\/li>\r\n<\/ul>\r\n\r\n\r\n\r\n<p class=\"wp-block-paragraph\">Toutefois, lorsque les id\u00e9es suicidaires apparaissent ou que la situation devient trop difficile \u00e0 g\u00e9rer \u00e0 domicile, l&rsquo;hospitalisation en urgence s&rsquo;impose pour assurer votre s\u00e9curit\u00e9.<\/p>\r\n\r\n\r\n\r\n<p class=\"wp-block-paragraph\">Les centres sp\u00e9cialis\u00e9s proposent un accompagnement global adapt\u00e9 aux troubles anxiod\u00e9pressifs s\u00e9v\u00e8res. Ces<a href=\"https:\/\/cliniclesalpes.com\/fr\/blog\/maison-de-repos-depression\/\" target=\"_blank\" rel=\"noreferrer noopener\"> maisons de repos pour la d\u00e9pression<\/a> offrent un cadre apaisant o\u00f9 vous b\u00e9n\u00e9ficiez d&rsquo;une \u00e9coute attentive et de conseils professionnels quotidiens.<\/p>\r\n\r\n\r\n\r\n<figure class=\"wp-block-image aligncenter size-full\"><img decoding=\"async\" class=\"wp-image-108412\" src=\"https:\/\/cliniclesalpes.com\/wp-content\/uploads\/2025\/11\/image-7.png\" alt=\"maison de repos pour la d\u00e9pression Clinic Les Alpes\" \/><\/figure>\r\n\r\n\r\n\r\n<h2 class=\"wp-block-heading\">L&rsquo;accompagnement \u00e0 Clinic Les Alpes pour le trouble anxio-d\u00e9pressif s\u00e9v\u00e8re<\/h2>\r\n\r\n\r\n\r\n<p class=\"wp-block-paragraph\">Justement, Clinic Les Alpes a d\u00e9velopp\u00e9 une expertise reconnue dans la prise en charge du trouble anxio-d\u00e9pressif s\u00e9v\u00e8re. Notre \u00e9quipe pluridisciplinaire r\u00e9unit psychiatres, psychologues et professionnels de sant\u00e9 mentale sp\u00e9cialis\u00e9s dans les troubles anxieux et les troubles d\u00e9pressifs.\u00a0<\/p>\r\n\r\n\r\n\r\n<p class=\"wp-block-paragraph\"><strong>Chaque patient b\u00e9n\u00e9ficie d&rsquo;une consultation initiale approfondie <\/strong>qui \u00e9tablit un tableau pr\u00e9cis de sa situation avec notamment\u00a0:\u00a0<\/p>\r\n\r\n\r\n\r\n<ul class=\"wp-block-list\">\r\n<li>Intensit\u00e9 des sympt\u00f4mes d&rsquo;anxi\u00e9t\u00e9 et de d\u00e9pression<\/li>\r\n\r\n\r\n\r\n<li>Ant\u00e9c\u00e9dents<\/li>\r\n\r\n\r\n\r\n<li>Facteurs d\u00e9clencheurs<\/li>\r\n\r\n\r\n\r\n<li>Capacit\u00e9s de r\u00e9ponse au traitement<\/li>\r\n<\/ul>\r\n\r\n\r\n\r\n<p class=\"wp-block-paragraph\">Cette \u00e9valuation clinique minutieuse d\u00e9bouche sur <strong>un programme de soins enti\u00e8rement individualis\u00e9<\/strong>.\u00a0<\/p>\r\n\r\n\r\n\r\n<p class=\"wp-block-paragraph\">Votre parcours combine des s\u00e9ances de psychoth\u00e9rapie individuelle quotidiennes, des th\u00e9rapies de groupe lorsque cela s&rsquo;av\u00e8re b\u00e9n\u00e9fique, et des activit\u00e9s th\u00e9rapeutiques adapt\u00e9es \u00e0 votre \u00e9tat. L&rsquo;atmosph\u00e8re tranquille des montagnes suisses contribue de mani\u00e8re d\u00e9cisive \u00e0 votre convalescence\u00a0: l&rsquo;air pur de la montagne, le calme et la beaut\u00e9 naturelle du lieu favorisent la d\u00e9tente du corps et de l&rsquo;esprit.<\/p>\r\n\r\n\r\n\r\n<p class=\"wp-block-paragraph\">Notre prise en charge professionnelle du trouble anxio-d\u00e9pressif s\u00e9v\u00e8re implique <strong>un suivi continu tout au long de votre s\u00e9jour<\/strong>. Nous pr\u00e9parons \u00e9galement votre retour \u00e0 la vie quotidienne avec des strat\u00e9gies concr\u00e8tes et un r\u00e9seau de soutien solide. Les derni\u00e8res ann\u00e9es de recherche en psychiatrie guident nos protocoles th\u00e9rapeutiques, ce qui vous donne acc\u00e8s aux traitements les plus efficaces disponibles.<\/p>\r\n\r\n\r\n\r\n<p class=\"wp-block-paragraph\">Vous souffrez d&rsquo;un trouble anxio-d\u00e9pressif s\u00e9v\u00e8re ou vous accompagnez un proche dans cette \u00e9preuve\u00a0?<\/p>\r\n\r\n\r\n\r\n<p class=\"wp-block-paragraph\"><a href=\"https:\/\/cliniclesalpes.com\/fr\/contactez-nous\/\" target=\"_blank\" rel=\"noreferrer noopener\">Contactez-nous<\/a> d\u00e8s maintenant pour une premi\u00e8re consultation. Notre \u00e9quipe est \u00e0 votre \u00e9coute et vous conseille sur la meilleure strat\u00e9gie de soins adapt\u00e9e \u00e0 votre situation.<\/p>\r\n","protected":false},"excerpt":{"rendered":"<p>Chaque matin ressemble au pr\u00e9c\u00e9dent\u00a0: l&rsquo;\u00e9puisement physique malgr\u00e9 les heures de sommeil, les pens\u00e9es n\u00e9gatives qui tournent en boucle, l&rsquo;irritabilit\u00e9 face \u00e0 vos proches. Le trouble anxio-d\u00e9pressif s\u00e9v\u00e8re vous enferme dans une spirale o\u00f9 l&rsquo;anxi\u00e9t\u00e9 chronique et la d\u00e9pression se nourrissent mutuellement. Cette maladie mentale bouleverse votre travail, vos relations, votre estime de vous-m\u00eame. La [&hellip;]<\/p>\n","protected":false},"author":1,"featured_media":114055,"comment_status":"closed","ping_status":"closed","sticky":false,"template":"","format":"standard","meta":{"_acf_changed":false,"footnotes":""},"categories":[117],"tags":[],"class_list":["post-108408","post","type-post","status-publish","format-standard","has-post-thumbnail","hentry","category-sante-mentale-et-bien-etre"],"acf":[],"_links":{"self":[{"href":"https:\/\/cliniclesalpes.com\/fr\/wp-json\/wp\/v2\/posts\/108408","targetHints":{"allow":["GET"]}}],"collection":[{"href":"https:\/\/cliniclesalpes.com\/fr\/wp-json\/wp\/v2\/posts"}],"about":[{"href":"https:\/\/cliniclesalpes.com\/fr\/wp-json\/wp\/v2\/types\/post"}],"author":[{"embeddable":true,"href":"https:\/\/cliniclesalpes.com\/fr\/wp-json\/wp\/v2\/users\/1"}],"replies":[{"embeddable":true,"href":"https:\/\/cliniclesalpes.com\/fr\/wp-json\/wp\/v2\/comments?post=108408"}],"version-history":[{"count":2,"href":"https:\/\/cliniclesalpes.com\/fr\/wp-json\/wp\/v2\/posts\/108408\/revisions"}],"predecessor-version":[{"id":114059,"href":"https:\/\/cliniclesalpes.com\/fr\/wp-json\/wp\/v2\/posts\/108408\/revisions\/114059"}],"wp:featuredmedia":[{"embeddable":true,"href":"https:\/\/cliniclesalpes.com\/fr\/wp-json\/wp\/v2\/media\/114055"}],"wp:attachment":[{"href":"https:\/\/cliniclesalpes.com\/fr\/wp-json\/wp\/v2\/media?parent=108408"}],"wp:term":[{"taxonomy":"category","embeddable":true,"href":"https:\/\/cliniclesalpes.com\/fr\/wp-json\/wp\/v2\/categories?post=108408"},{"taxonomy":"post_tag","embeddable":true,"href":"https:\/\/cliniclesalpes.com\/fr\/wp-json\/wp\/v2\/tags?post=108408"}],"curies":[{"name":"wp","href":"https:\/\/api.w.org\/{rel}","templated":true}]}}