{"id":108415,"date":"2026-08-19T15:37:43","date_gmt":"2026-08-19T15:37:43","guid":{"rendered":"https:\/\/cliniclesalpes.com\/?p=108415"},"modified":"2026-08-19T17:28:37","modified_gmt":"2026-08-19T17:28:37","slug":"centre-de-therapie-pour-anxiete","status":"publish","type":"post","link":"https:\/\/cliniclesalpes.com\/fr\/blog\/2026\/08\/19\/centre-de-therapie-pour-anxiete\/","title":{"rendered":"Centre de th\u00e9rapie pour anxi\u00e9t\u00e9\u00a0: comment choisir celui qui vous convient vraiment"},"content":{"rendered":"\r\n<p class=\"wp-block-paragraph\">Le stress vous coupe le souffle. Vos pens\u00e9es s&rsquo;encha\u00eenent sans fin, jour et nuit. Vous fuyez les situations sociales par crainte d&rsquo;une nouvelle attaque de panique. Chercher un centre de th\u00e9rapie sp\u00e9cialis\u00e9 dans les troubles anxieux marque une \u00e9tape d\u00e9terminante vers votre gu\u00e9rison.\u00a0<\/p>\r\n\r\n\r\n\r\n<p class=\"wp-block-paragraph\">Pourtant, <strong>la qualit\u00e9 des soins diff\u00e8re entre les \u00e9tablissements<\/strong>. L&rsquo;expertise du psychiatre, du psychologue et du th\u00e9rapeute, les m\u00e9thodes de traitement propos\u00e9es, le ratio professionnel-patient, l&rsquo;environnement th\u00e9rapeutique\u00a0: autant de facteurs qui influencent directement votre r\u00e9tablissement.\u00a0<\/p>\r\n\r\n\r\n\r\n<p class=\"wp-block-paragraph\">Comment alors rep\u00e9rer le centre de th\u00e9rapie pour anxi\u00e9t\u00e9 qui r\u00e9pondra pr\u00e9cis\u00e9ment \u00e0 vos besoins et vous accompagnera efficacement\u00a0?<\/p>\r\n\r\n\r\n\r\n<h2 class=\"wp-block-heading\">Comprendre vos besoins avant de chercher un centre de th\u00e9rapie<\/h2>\r\n\r\n\r\n\r\n<p class=\"wp-block-paragraph\">Avant de contacter le premier centre qui appara\u00eet dans votre recherche, prenez le temps de faire le point sur ce que vous vivez r\u00e9ellement. Cette \u00e9tape d&rsquo;auto-\u00e9valuation vous aidera \u00e0 cibler le type de prise en charge qui vous conviendra le mieux, car les troubles anxieux prennent diff\u00e9rentes formes, et chacune demande une attention particuli\u00e8re\u00a0:<\/p>\r\n\r\n\r\n\r\n<ul class=\"wp-block-list\">\r\n<li><strong>Le trouble anxieux g\u00e9n\u00e9ralis\u00e9<\/strong>, cette inqui\u00e9tude constante qui vous \u00e9puise<\/li>\r\n\r\n\r\n\r\n<li><strong>Les attaques de panique <\/strong>qui surgissent sans pr\u00e9venir<\/li>\r\n\r\n\r\n\r\n<li><strong>La phobie sociale <\/strong>qui vous fait \u00e9viter les interactions<\/li>\r\n\r\n\r\n\r\n<li><strong>Le trouble obsessionnel compulsif <\/strong>avec ses pens\u00e9es envahissantes<\/li>\r\n\r\n\r\n\r\n<li><strong>L&rsquo;agoraphobie <\/strong>qui r\u00e9tr\u00e9cit votre espace de vie<\/li>\r\n\r\n\r\n\r\n<li><strong>L&rsquo;anxi\u00e9t\u00e9 sociale <\/strong>qui transforme chaque rencontre en \u00e9preuve<\/li>\r\n<\/ul>\r\n\r\n\r\n\r\n<p class=\"wp-block-paragraph\">Notez la fr\u00e9quence de vos sympt\u00f4mes et leur impact sur votre quotidien. Arrivez-vous \u00e0 travailler normalement\u00a0? Vos relations en souffrent-elles\u00a0?\u00a0<\/p>\r\n\r\n\r\n\r\n<p class=\"wp-block-paragraph\">Certaines personnes cumulent plusieurs difficult\u00e9s\u00a0:\u00a0<\/p>\r\n\r\n\r\n\r\n<ul class=\"wp-block-list\">\r\n<li>une<a href=\"https:\/\/cliniclesalpes.com\/fr\/blog\/maison-de-repos-depression\/\" target=\"_blank\" rel=\"noreferrer noopener\"> d\u00e9pression<\/a> qui s&rsquo;installe en m\u00eame temps,\u00a0<\/li>\r\n\r\n\r\n\r\n<li>un<a href=\"https:\/\/cliniclesalpes.com\/fr\/blog\/comment-surmonter-un-traumatisme-psychologique\/\" target=\"_blank\" rel=\"noreferrer noopener\"> stress post-traumatique<\/a> qui complique tout,\u00a0<\/li>\r\n\r\n\r\n\r\n<li><a href=\"https:\/\/cliniclesalpes.com\/fr\/blog\/angoisse-matinale\/\" target=\"_blank\" rel=\"noreferrer noopener\">l&rsquo;angoisse matinale<\/a> qui g\u00e2che le r\u00e9veil.\u00a0<\/li>\r\n<\/ul>\r\n\r\n\r\n\r\n<p class=\"wp-block-paragraph\">Plus vous identifiez pr\u00e9cis\u00e9ment ce qui vous touche, plus vous pourrez \u00e9changer efficacement avec les professionnels de sant\u00e9 mentale lors de vos premiers entretiens. Cette pr\u00e9paration vous \u00e9vite de perdre du temps avec des centres qui ne traitent pas votre probl\u00e8me sp\u00e9cifique.<\/p>\r\n\r\n\r\n\r\n<div class=\"snippet-bait\">\r\n<p>Gardez \u00e0 l&rsquo;esprit qu&rsquo;une consultation chez votre m\u00e9decin traitant demeure le meilleur moyen d&rsquo;obtenir un diagnostic fiable et d&rsquo;identifier pr\u00e9cis\u00e9ment vos sympt\u00f4mes.<\/p>\r\n<\/div>\r\n\r\n\r\n\r\n<h2 class=\"wp-block-heading\">Les crit\u00e8res pour choisir un centre de th\u00e9rapie pour anxi\u00e9t\u00e9<\/h2>\r\n\r\n\r\n\r\n<p class=\"wp-block-paragraph\">La proximit\u00e9 g\u00e9ographique de son centre de th\u00e9rapie compte, certes, mais d&rsquo;autres facteurs d\u00e9terminent vraiment la qualit\u00e9 du soin que vous recevrez. L&rsquo;expertise des professionnels, les m\u00e9thodes de traitement propos\u00e9es et l&rsquo;environnement th\u00e9rapeutique fa\u00e7onnent directement votre parcours de gu\u00e9rison.<\/p>\r\n\r\n\r\n\r\n<h3 class=\"wp-block-heading\">L&rsquo;expertise et les qualifications des professionnels<\/h3>\r\n\r\n\r\n\r\n<p class=\"wp-block-paragraph\">V\u00e9rifiez syst\u00e9matiquement les qualifications de l&rsquo;\u00e9quipe qui vous accompagnera. Un centre s\u00e9rieux affiche clairement les titres de ses professionnels\u00a0:<\/p>\r\n\r\n\r\n\r\n<ul class=\"wp-block-list\">\r\n<li><strong>Psychiatre <\/strong>form\u00e9 au traitement des troubles mentaux<\/li>\r\n\r\n\r\n\r\n<li><strong>Psychologue <\/strong>clinicien sp\u00e9cialis\u00e9 en th\u00e9rapie comportementale et cognitive<\/li>\r\n\r\n\r\n\r\n<li><strong>Psychoth\u00e9rapeute <\/strong>avec titre reconnu et formation valid\u00e9e<\/li>\r\n\r\n\r\n\r\n<li><strong>Th\u00e9rapeute <\/strong>sp\u00e9cialis\u00e9 en TCC et en gestion de l&rsquo;anxi\u00e9t\u00e9<\/li>\r\n<\/ul>\r\n\r\n\r\n\r\n<p class=\"wp-block-paragraph\">Les meilleurs \u00e9tablissements r\u00e9unissent une \u00e9quipe pluridisciplinaire\u00a0: m\u00e9decin, infirmier, th\u00e9rapeute travaillent ensemble sur votre dossier.\u00a0<\/p>\r\n\r\n\r\n\r\n<p class=\"wp-block-paragraph\">L&rsquo;exp\u00e9rience concr\u00e8te dans le traitement des troubles anxieux fait toute la diff\u00e9rence entre une prise en charge g\u00e9n\u00e9rique et un accompagnement qui vous comprend vraiment.\u00a0<\/p>\r\n\r\n\r\n\r\n<figure class=\"wp-block-image size-full\"><img decoding=\"async\" class=\"wp-image-108417\" src=\"https:\/\/cliniclesalpes.com\/wp-content\/uploads\/2025\/11\/image-9.png\" alt=\"\" \/><\/figure>\r\n\r\n\r\n\r\n<h3 class=\"wp-block-heading\">Les approches th\u00e9rapeutiques propos\u00e9es<\/h3>\r\n\r\n\r\n\r\n<p class=\"wp-block-paragraph\">Les m\u00e9thodes employ\u00e9es par le centre doivent couvrir un large \u00e9ventail de techniques reconnues pour leur efficacit\u00e9\u00a0:<\/p>\r\n\r\n\r\n\r\n<ul class=\"wp-block-list\">\r\n<li><strong>La th\u00e9rapie cognitivo-comportementale (TCC)<\/strong>, r\u00e9f\u00e9rence dans le traitement de l&rsquo;anxi\u00e9t\u00e9 g\u00e9n\u00e9ralis\u00e9e<\/li>\r\n\r\n\r\n\r\n<li><strong>La th\u00e9rapie EMDR <\/strong>(Eye Movement Desensitization and Reprocessing) particuli\u00e8rement efficace apr\u00e8s un traumatisme<\/li>\r\n\r\n\r\n\r\n<li><strong>La th\u00e9rapie des sch\u00e9mas <\/strong>qui travaille sur les patterns profonds<\/li>\r\n\r\n\r\n\r\n<li><strong>Les exercices de pleine conscience et de relaxation <\/strong>pour la gestion du stress au quotidien<\/li>\r\n<\/ul>\r\n\r\n\r\n\r\n<p class=\"wp-block-paragraph\">Certains centres associent psychoth\u00e9rapie et traitement m\u00e9dicamenteux selon votre situation. Un psychiatre \u00e9value si vous avez besoin d&rsquo;anxiolytiques, d&rsquo;antid\u00e9presseurs ou d&rsquo;inhibiteurs de recapture de la s\u00e9rotonine en compl\u00e9ment des s\u00e9ances.\u00a0<\/p>\r\n\r\n\r\n\r\n<p class=\"wp-block-paragraph\"><strong>M\u00e9fiez-vous des programmes standardis\u00e9s qui appliquent la m\u00eame recette \u00e0 tous<\/strong>. Votre anxi\u00e9t\u00e9 vous est propre, elle demande un protocole personnalis\u00e9 qui s&rsquo;ajuste \u00e0 votre rythme et \u00e0 vos objectifs de mieux vivre.<\/p>\r\n\r\n\r\n\r\n<div class=\"snippet-bait\">\r\n<p><a href=\"https:\/\/cliniclesalpes.com\/fr\/contactez-nous\/\">Contactez-nous pour en savoir plus<\/a><\/p>\r\n<\/div>\r\n\r\n\r\n\r\n<h2 class=\"wp-block-heading\">L&rsquo;importance de l&rsquo;environnement et du cadre th\u00e9rapeutique<\/h2>\r\n\r\n\r\n\r\n<p class=\"wp-block-paragraph\">Au-del\u00e0 des comp\u00e9tences de l&rsquo;\u00e9quipe et des m\u00e9thodes employ\u00e9es, le lieu o\u00f9 vous passerez votre p\u00e9riode de soin influence directement votre \u00e9tat \u00e9motionnel et vos chances de r\u00e9tablissement. Un cadre th\u00e9rapeutique bien pens\u00e9 favorise la d\u00e9tente, booste votre concentration et vous coupe de ce quotidien anxiog\u00e8ne qui vous \u00e9puise. <strong>C&rsquo;est l\u00e0 que commence vraiment le travail de fond<\/strong>.<\/p>\r\n\r\n\r\n\r\n<h3 class=\"wp-block-heading\">Un lieu propice \u00e0 l&rsquo;apaisement<\/h3>\r\n\r\n\r\n\r\n<p class=\"wp-block-paragraph\">Un environnement th\u00e9rapeutique optimal r\u00e9unit plusieurs caract\u00e9ristiques\u00a0:<\/p>\r\n\r\n\r\n\r\n<ul class=\"wp-block-list\">\r\n<li><strong>Le calme absolu<\/strong>, loin du bruit urbain qui entretient la tension<\/li>\r\n\r\n\r\n\r\n<li><strong>Une luminosit\u00e9 naturelle g\u00e9n\u00e9reuse <\/strong>qui r\u00e9gule votre humeur<\/li>\r\n\r\n\r\n\r\n<li><strong>Des espaces verts <\/strong>o\u00f9 vous ressentirez le soutien apaisant de la nature<\/li>\r\n\r\n\r\n\r\n<li><strong>Un \u00e9loignement g\u00e9ographique <\/strong>des sources habituelles de stress<\/li>\r\n<\/ul>\r\n\r\n\r\n\r\n<p class=\"wp-block-paragraph\">La nature joue un effet direct sur votre syst\u00e8me nerveux\u00a0: elle ralentit le rythme cardiaque, r\u00e9duit la production de cortisol et facilite le retour \u00e0 un \u00e9tat normal.\u00a0<\/p>\r\n\r\n\r\n\r\n<p class=\"wp-block-paragraph\"><strong>L&rsquo;isolement relatif vous sort du cercle vicieux des sollicitations permanentes<\/strong>. Sans t\u00e9l\u00e9phone qui vibre, sans coll\u00e8gues qui surgissent \u00e0 tout moment, sans obligations familiales qui s&rsquo;accumulent, vous vous concentrez enfin sur l&rsquo;essentiel\u00a0: surmonter votre anxi\u00e9t\u00e9 et retrouver votre qualit\u00e9 de vie.<\/p>\r\n\r\n\r\n\r\n<figure class=\"wp-block-image size-full\"><img decoding=\"async\" class=\"wp-image-108416\" src=\"https:\/\/cliniclesalpes.com\/wp-content\/uploads\/2025\/11\/image-8.png\" alt=\"choisir son centre de th\u00e9rapie selon l'environnement\" \/><\/figure>\r\n\r\n\r\n\r\n<h3 class=\"wp-block-heading\">La qualit\u00e9 de l&rsquo;accompagnement individuel<\/h3>\r\n\r\n\r\n\r\n<p class=\"wp-block-paragraph\">Le ratio professionnel-patient change radicalement votre exp\u00e9rience. <strong>Un centre qui accueille des dizaines de personnes simultan\u00e9ment diluera forc\u00e9ment son attention<\/strong>.\u00a0<\/p>\r\n\r\n\r\n\r\n<p class=\"wp-block-paragraph\">Les \u00e9tablissements haut de gamme privil\u00e9gient un accompagnement intensif\u00a0:\u00a0<\/p>\r\n\r\n\r\n\r\n<ul class=\"wp-block-list\">\r\n<li>S\u00e9ances individuelles quotidiennes avec votre th\u00e9rapeute principal<\/li>\r\n\r\n\r\n\r\n<li>Ateliers de groupe cibl\u00e9s<\/li>\r\n\r\n\r\n\r\n<li>Disponibilit\u00e9 permanente de l&rsquo;\u00e9quipe m\u00e9dicale.\u00a0<\/li>\r\n<\/ul>\r\n\r\n\r\n\r\n<p class=\"wp-block-paragraph\">Cette alliance th\u00e9rapeutique, cette relation de confiance qui se tisse entre vous et votre th\u00e9rapeute au fil des semaines, d\u00e9termine largement votre engagement dans le traitement. La disponibilit\u00e9 24h\/24 des psychiatres et infirmiers rassure particuli\u00e8rement les personnes qui vivent des crises aigu\u00ebs ou des attaques brutales.\u00a0<\/p>\r\n\r\n\r\n\r\n<div class=\"snippet-bait\">\r\n<p>Savoir qu&rsquo;un professionnel r\u00e9pondra \u00e0 3\u00a0h du matin quand la tension monte fait toute la diff\u00e9rence.<\/p>\r\n<\/div>\r\n\r\n\r\n\r\n<h2 class=\"wp-block-heading\">L&rsquo;approche sp\u00e9cialis\u00e9e de Clinic Les Alpes pour les troubles anxieux<\/h2>\r\n\r\n\r\n\r\n<p class=\"wp-block-paragraph\">Maintenant que vous connaissez les crit\u00e8res d&rsquo;un bon centre de th\u00e9rapie, voyons concr\u00e8tement ce que Clinic Les Alpes propose. Notre <strong>programme personnalis\u00e9 sur 28\u00a0jours accueille 10\u00a0patients maximum, encadr\u00e9s par 25\u00a0professionnels de sant\u00e9<\/strong>. Ce ratio exceptionnel garantit une \u00e9coute r\u00e9elle de vos besoins et une attention individualis\u00e9e impossible \u00e0 trouver ailleurs.<\/p>\r\n\r\n\r\n\r\n<p class=\"wp-block-paragraph\">Nos th\u00e9rapies combin\u00e9es couvrent tous les aspects de votre r\u00e9tablissement\u00a0:<\/p>\r\n\r\n\r\n\r\n<ul class=\"wp-block-list\">\r\n<li>S\u00e9ances individuelles quotidiennes avec votre th\u00e9rapeute attitr\u00e9<\/li>\r\n\r\n\r\n\r\n<li>Th\u00e9rapie de groupe qui brise l&rsquo;isolement<\/li>\r\n\r\n\r\n\r\n<li>Art-th\u00e9rapie qui lib\u00e8re les \u00e9motions refoul\u00e9es<\/li>\r\n\r\n\r\n\r\n<li>M\u00e9ditation et exercices de pleine conscience<\/li>\r\n\r\n\r\n\r\n<li>Activit\u00e9s en pleine nature dans les Alpes suisses<\/li>\r\n<\/ul>\r\n\r\n\r\n\r\n<p class=\"wp-block-paragraph\"><strong>Notre approche holistique consid\u00e8re votre personne dans sa globalit\u00e9\u00a0:<\/strong> corps, esprit, \u00e2me. Nous traitons \u00e0 la fois les facteurs psychologiques et environnementaux qui nourrissent votre anxi\u00e9t\u00e9. Si votre situation l&rsquo;exige, nos psychiatres supervisent un traitement m\u00e9dicamenteux en compl\u00e9ment des s\u00e9ances th\u00e9rapeutiques. L&rsquo;environnement alpin qui entoure notre clinique favorise naturellement l&rsquo;apaisement et acc\u00e9l\u00e8re votre gu\u00e9rison.<\/p>\r\n\r\n\r\n\r\n<p class=\"wp-block-paragraph\"><strong>Vivre avec l&rsquo;anxi\u00e9t\u00e9 n&rsquo;est pas une fatalit\u00e9<\/strong>. Des solutions efficaces et durables existent, adapt\u00e9es \u00e0 votre histoire unique. Vous m\u00e9ritez un accompagnement personnalis\u00e9 qui vous comprend vraiment.\u00a0<\/p>\r\n\r\n\r\n\r\n<div class=\"snippet-bait\">\r\n<p>Franchissez le pas de la consultation, <a href=\"https:\/\/cliniclesalpes.com\/fr\/contactez-nous\/\">contactez Clinic\u00a0Les\u00a0Alpes<\/a><\/p>\r\n<\/div>\r\n","protected":false},"excerpt":{"rendered":"<p>Le stress vous coupe le souffle. Vos pens\u00e9es s&rsquo;encha\u00eenent sans fin, jour et nuit. Vous fuyez les situations sociales par crainte d&rsquo;une nouvelle attaque de panique. Chercher un centre de th\u00e9rapie sp\u00e9cialis\u00e9 dans les troubles anxieux marque une \u00e9tape d\u00e9terminante vers votre gu\u00e9rison.\u00a0 Pourtant, la qualit\u00e9 des soins diff\u00e8re entre les \u00e9tablissements. L&rsquo;expertise du psychiatre, [&hellip;]<\/p>\n","protected":false},"author":1,"featured_media":114060,"comment_status":"closed","ping_status":"closed","sticky":false,"template":"","format":"standard","meta":{"_acf_changed":false,"footnotes":""},"categories":[118],"tags":[],"class_list":["post-108415","post","type-post","status-publish","format-standard","has-post-thumbnail","hentry","category-soins-et-therapies"],"acf":[],"_links":{"self":[{"href":"https:\/\/cliniclesalpes.com\/fr\/wp-json\/wp\/v2\/posts\/108415","targetHints":{"allow":["GET"]}}],"collection":[{"href":"https:\/\/cliniclesalpes.com\/fr\/wp-json\/wp\/v2\/posts"}],"about":[{"href":"https:\/\/cliniclesalpes.com\/fr\/wp-json\/wp\/v2\/types\/post"}],"author":[{"embeddable":true,"href":"https:\/\/cliniclesalpes.com\/fr\/wp-json\/wp\/v2\/users\/1"}],"replies":[{"embeddable":true,"href":"https:\/\/cliniclesalpes.com\/fr\/wp-json\/wp\/v2\/comments?post=108415"}],"version-history":[{"count":2,"href":"https:\/\/cliniclesalpes.com\/fr\/wp-json\/wp\/v2\/posts\/108415\/revisions"}],"predecessor-version":[{"id":114064,"href":"https:\/\/cliniclesalpes.com\/fr\/wp-json\/wp\/v2\/posts\/108415\/revisions\/114064"}],"wp:featuredmedia":[{"embeddable":true,"href":"https:\/\/cliniclesalpes.com\/fr\/wp-json\/wp\/v2\/media\/114060"}],"wp:attachment":[{"href":"https:\/\/cliniclesalpes.com\/fr\/wp-json\/wp\/v2\/media?parent=108415"}],"wp:term":[{"taxonomy":"category","embeddable":true,"href":"https:\/\/cliniclesalpes.com\/fr\/wp-json\/wp\/v2\/categories?post=108415"},{"taxonomy":"post_tag","embeddable":true,"href":"https:\/\/cliniclesalpes.com\/fr\/wp-json\/wp\/v2\/tags?post=108415"}],"curies":[{"name":"wp","href":"https:\/\/api.w.org\/{rel}","templated":true}]}}