{"id":108426,"date":"2026-08-19T15:37:41","date_gmt":"2026-08-19T15:37:41","guid":{"rendered":"https:\/\/cliniclesalpes.com\/?p=108426"},"modified":"2026-08-19T17:28:41","modified_gmt":"2026-08-19T17:28:41","slug":"traitement-holistique","status":"publish","type":"post","link":"https:\/\/cliniclesalpes.com\/fr\/blog\/2026\/08\/19\/traitement-holistique\/","title":{"rendered":"Pourquoi choisir un traitement holistique pour votre r\u00e9tablissement\u00a0?"},"content":{"rendered":"\r\n<p class=\"wp-block-paragraph\">Vous avez encha\u00een\u00e9 les traitements, consult\u00e9 une dizaine de sp\u00e9cialistes diff\u00e9rents, et pourtant votre addiction revient toujours au galop quelques mois plus tard.\u00a0<\/p>\r\n\r\n\r\n\r\n<p class=\"wp-block-paragraph\">La m\u00e9decine conventionnelle soulage vos sympt\u00f4mes sans jamais toucher aux v\u00e9ritables racines de votre trouble. Le traitement holistique bouleverse cette logique\u00a0: il soigne simultan\u00e9ment votre corps, votre esprit et vos \u00e9motions dans une approche holistique globale.\u00a0<\/p>\r\n\r\n\r\n\r\n<p class=\"wp-block-paragraph\">Cette <strong>vision compl\u00e8te de votre sant\u00e9 mentale et physique <\/strong>ouvre enfin la voie vers un r\u00e9tablissement durable.<\/p>\r\n\r\n\r\n\r\n<h1 class=\"wp-block-heading\">Qu&rsquo;est-ce qu\u2019un traitement holistique et comment fonctionne-t-il\u00a0?<\/h1>\r\n\r\n\r\n\r\n<p class=\"wp-block-paragraph\">Le terme \u00ab\u00a0holistique\u00a0\u00bb vient du grec <em>holos<\/em>, qui signifie \u00ab\u00a0entier\u00a0\u00bb ou \u00ab\u00a0globalit\u00e9\u00a0\u00bb. <strong>La m\u00e9decine holistique refuse de vous r\u00e9duire \u00e0 une simple liste de sympt\u00f4mes ou \u00e0 un diagnostic fig\u00e9<\/strong>. Elle vous consid\u00e8re dans votre enti\u00e8ret\u00e9, en tenant compte de toutes les dimensions qui font de vous un \u00eatre humain unique\u00a0:<\/p>\r\n\r\n\r\n\r\n<ul class=\"wp-block-list\">\r\n<li>Le corps physique et son fonctionnement biologique<\/li>\r\n\r\n\r\n\r\n<li>L&rsquo;esprit et les processus mentaux<\/li>\r\n\r\n\r\n\r\n<li>Les \u00e9motions et leur circulation dans votre vie quotidienne<\/li>\r\n\r\n\r\n\r\n<li>La dimension spirituelle et votre qu\u00eate de sens<\/li>\r\n<\/ul>\r\n\r\n\r\n\r\n<p class=\"wp-block-paragraph\">Un praticien holistique ou un th\u00e9rapeute holistique envisage le corps humain et l&rsquo;esprit de la personne en traitement \u00e0 partir d&rsquo;une approche holistique globale\u00a0: <strong>chaque partie du syst\u00e8me influence les autres<\/strong>.\u00a0<\/p>\r\n\r\n\r\n\r\n<p class=\"wp-block-paragraph\">Par exemple, un stress chronique au travail (mental) d\u00e9clenche des tensions musculaires (physique), qui g\u00e9n\u00e8rent de l&rsquo;irritabilit\u00e9 (\u00e9motionnel), et finissent par vous d\u00e9connecter de ce qui compte vraiment (spirituel).\u00a0<\/p>\r\n\r\n\r\n\r\n<figure class=\"wp-block-image aligncenter size-full\"><img decoding=\"async\" class=\"wp-image-108427\" src=\"https:\/\/cliniclesalpes.com\/wp-content\/uploads\/2025\/11\/image-12.png\" alt=\"qu'est-ce qu'un traitemet holistique ?\" \/><\/figure>\r\n\r\n\r\n\r\n<h2 class=\"wp-block-heading\">Les limites des approches conventionnelles face aux addictions<\/h2>\r\n\r\n\r\n\r\n<p class=\"wp-block-paragraph\">Les m\u00e9thodes traditionnelles de traitement ont leur place, personne ne dit le contraire. Pourtant, elles \u00e9chouent r\u00e9guli\u00e8rement \u00e0 briser le cycle des addictions et des troubles mentaux. Pourquoi\u00a0? Parce que<a href=\"https:\/\/cliniclesalpes.com\/fr\/blog\/que-cache-une-addiction-derriere-ses-manifestations\/\" target=\"_blank\" rel=\"noreferrer noopener\"> ce que cache une addiction<\/a> va bien au-del\u00e0 des comportements visibles et des substances consomm\u00e9es.<\/p>\r\n\r\n\r\n\r\n<h3 class=\"wp-block-heading\">Le traitement des sympt\u00f4mes sans s&rsquo;attaquer aux causes profondes<\/h3>\r\n\r\n\r\n\r\n<p class=\"wp-block-paragraph\">La m\u00e9decine conventionnelle excelle dans la gestion des sympt\u00f4mes physiques imm\u00e9diats. Vous consultez, on vous prescrit un m\u00e9dicament, et les manifestations diminuent temporairement. Le probl\u00e8me\u00a0? Cette fa\u00e7on de traiter ignore compl\u00e8tement les racines \u00e9motionnelles et psychologiques qui nourrissent votre addiction.\u00a0<\/p>\r\n\r\n\r\n\r\n<p class=\"wp-block-paragraph\">Vous avez peut-\u00eatre d\u00e9j\u00e0 test\u00e9 plusieurs cures de d\u00e9sintoxication, suivi des protocoles m\u00e9dicamenteux stricts, et pourtant vous vous retrouvez exactement au m\u00eame point quelques mois plus tard. <strong>Ce n&rsquo;est pas un manque de volont\u00e9 de votre part<\/strong>, c&rsquo;est simplement que personne n&rsquo;a pris le temps d&rsquo;explorer ce qui alimente r\u00e9ellement votre d\u00e9pendance au plus profond de vous.<\/p>\r\n\r\n\r\n\r\n<h3 class=\"wp-block-heading\">L&rsquo;absence de prise en compte de la dimension \u00e9motionnelle et spirituelle<\/h3>\r\n\r\n\r\n\r\n<p class=\"wp-block-paragraph\">Votre sant\u00e9 mentale ne se r\u00e9sume pas \u00e0 un d\u00e9s\u00e9quilibre chimique dans votre cerveau. L&rsquo;aspect \u00e9motionnel et spirituel joue un r\u00f4le majeur dans votre gu\u00e9rison, m\u00eame si les protocoles classiques l&rsquo;ignorent syst\u00e9matiquement.\u00a0<\/p>\r\n\r\n\r\n\r\n<p class=\"wp-block-paragraph\">Ce<a href=\"https:\/\/cliniclesalpes.com\/fr\/blog\/vide-emotionnel\/\" target=\"_blank\" rel=\"noreferrer noopener\"> vide \u00e9motionnel<\/a> que vous ressentez, ces<a href=\"https:\/\/cliniclesalpes.com\/fr\/blog\/emotion-refoulee-symptomes\/\" target=\"_blank\" rel=\"noreferrer noopener\"> \u00e9motions refoul\u00e9es<\/a> depuis des ann\u00e9es, cette <a href=\"https:\/\/cliniclesalpes.com\/fr\/blog\/perte-de-sens\/\" target=\"_blank\" rel=\"noreferrer noopener\">qu\u00eate de sens<\/a> qui vous \u00e9chappe\u00a0: tout cela influence directement votre addiction. Ignorer ces dimensions revient \u00e0 construire une maison sur des fondations fissur\u00e9es. Vous aurez beau repeindre la fa\u00e7ade, les murs finiront par s&rsquo;effondrer si vous ne r\u00e9parez pas la base.<\/p>\r\n\r\n\r\n\r\n<h3 class=\"wp-block-heading\">La fragmentation des soins et le manque de coordination<\/h3>\r\n\r\n\r\n\r\n<p class=\"wp-block-paragraph\">Votre psychiatre prescrit des anxiolytiques, votre m\u00e9decin g\u00e9n\u00e9raliste surveille votre foie, votre psychologue vous re\u00e7oit une heure par semaine. Chacun fait son travail dans son coin, mais personne ne communique vraiment avec les autres. <strong>Cette prise en charge fragment\u00e9e cr\u00e9e des incoh\u00e9rences dangereuses dans vos soins<\/strong>.\u00a0<\/p>\r\n\r\n\r\n\r\n<p class=\"wp-block-paragraph\">Un professionnel ignore ce que l&rsquo;autre a recommand\u00e9, les objectifs th\u00e9rapeutiques divergent, et vous vous retrouvez perdu au milieu de tout \u00e7a. Pendant ce temps, votre addiction continue tranquillement son travail de sape parce qu&rsquo;aucun de ces sp\u00e9cialistes n&rsquo;a acc\u00e8s \u00e0 votre histoire compl\u00e8te.<\/p>\r\n\r\n\r\n\r\n<figure class=\"wp-block-image aligncenter size-full\"><img decoding=\"async\" class=\"wp-image-108429\" src=\"https:\/\/cliniclesalpes.com\/wp-content\/uploads\/2025\/11\/image-14.png\" alt=\"limites des approches conventionnelles contre les addictions\" \/><\/figure>\r\n\r\n\r\n\r\n<h2 class=\"wp-block-heading\">Les diff\u00e9rentes th\u00e9rapies qui composent l&rsquo;approche holistique<\/h2>\r\n\r\n\r\n\r\n<p class=\"wp-block-paragraph\"><strong>Le traitement holistique ne mise pas sur une seule technique miracle<\/strong>. Au contraire, il orchestre plusieurs types de th\u00e9rapies compl\u00e9mentaires qui travaillent ensemble vers votre gu\u00e9rison globale. Chaque m\u00e9thode cible un aspect diff\u00e9rent de votre r\u00e9tablissement, et c&rsquo;est pr\u00e9cis\u00e9ment cette synergie qui fait toute la diff\u00e9rence.<\/p>\r\n\r\n\r\n\r\n<h3 class=\"wp-block-heading\">Les th\u00e9rapies conventionnelles valid\u00e9es scientifiquement<\/h3>\r\n\r\n\r\n\r\n<p class=\"wp-block-paragraph\">La m\u00e9decine fond\u00e9e sur les preuves occupe une place centrale dans l\u2019approche holistique de Clinic Les Alpes\u00a0:<\/p>\r\n\r\n\r\n\r\n<ul class=\"wp-block-list\">\r\n<li><strong>La psychoth\u00e9rapie individuelle\u00a0:<\/strong> deux s\u00e9ances quotidiennes avec votre th\u00e9rapeute principal qui vous accompagne dans la compr\u00e9hension de vos m\u00e9canismes psychologiques<\/li>\r\n\r\n\r\n\r\n<li><strong>La th\u00e9rapie cognitivo-comportementale<\/strong>\u00a0: une technique reconnue qui vous aide \u00e0 modifier vos sch\u00e9mas de pens\u00e9e et vos comportements addictifs<\/li>\r\n\r\n\r\n\r\n<li><strong>La th\u00e9rapie de groupe\u00a0:<\/strong> des s\u00e9ances collectives o\u00f9 vous partagez votre exp\u00e9rience avec d&rsquo;autres personnes qui traversent des \u00e9preuves similaires<\/li>\r\n<\/ul>\r\n\r\n\r\n\r\n<p class=\"wp-block-paragraph\">Ces m\u00e9thodes conventionnelles ont d\u00e9montr\u00e9 leur efficacit\u00e9 \u00e0 travers des d\u00e9cennies de recherche. Elles forment la base solide sur laquelle nous construisons votre parcours de r\u00e9tablissement.<\/p>\r\n\r\n\r\n\r\n<div class=\"snippet-bait\">\r\n<p><a href=\"https:\/\/cliniclesalpes.com\/fr\/traitement-et-therapies\/\">D\u00e9couvrez\u00a0notre\u00a0programme\u00a0personnalis\u00e9<\/a><\/p>\r\n<\/div>\r\n\r\n\r\n\r\n<h3 class=\"wp-block-heading\">Les th\u00e9rapies corps-esprit et pratiques compl\u00e9mentaires<\/h3>\r\n\r\n\r\n\r\n<p class=\"wp-block-paragraph\">Le mental et le physique dialoguent constamment, et ces approches exploitent cette connexion naturelle\u00a0:<\/p>\r\n\r\n\r\n\r\n<ul class=\"wp-block-list\">\r\n<li><strong>Le NARM <\/strong>(NeuroAffective Relational Model)\u00a0: cette pratique \u00e9nerg\u00e9tique travaille sur la r\u00e9gulation du syst\u00e8me nerveux<\/li>\r\n\r\n\r\n\r\n<li><strong>L&rsquo;art-th\u00e9rapie<\/strong>\u00a0: quand les mots manquent, la cr\u00e9ation artistique lib\u00e8re vos \u00e9motions enfouies<\/li>\r\n\r\n\r\n\r\n<li><strong>La th\u00e9rapie par l&rsquo;aventure<\/strong>\u00a0: randonn\u00e9es en montagne et activit\u00e9s de plein air qui renforcent votre conscience de soi<\/li>\r\n\r\n\r\n\r\n<li><strong>La m\u00e9ditation et la pleine conscience<\/strong>\u00a0: des techniques de relaxation et de respiration qui apaisent votre mental<\/li>\r\n<\/ul>\r\n\r\n\r\n\r\n<p class=\"wp-block-paragraph\">Ces pratiques compl\u00e9mentaires \u00e9largissent votre palette d&rsquo;outils de gu\u00e9rison au-del\u00e0 de la th\u00e9rapie par la parole classique.<\/p>\r\n\r\n\r\n\r\n<h3 class=\"wp-block-heading\">Le volet physique et bien-\u00eatre<\/h3>\r\n\r\n\r\n\r\n<p class=\"wp-block-paragraph\">Votre corps m\u00e9rite autant d&rsquo;attention que votre esprit dans cette d\u00e9marche de sant\u00e9 globale\u00a0:<\/p>\r\n\r\n\r\n\r\n<ul class=\"wp-block-list\">\r\n<li><strong>Nutrition personnalis\u00e9e\u00a0:<\/strong> nous traitons notamment la<a href=\"https:\/\/cliniclesalpes.com\/fr\/blog\/compulsion-alimentaire\/\" target=\"_blank\" rel=\"noreferrer noopener\"> compulsion alimentaire<\/a> avec un accompagnement di\u00e9t\u00e9tique sur mesure<\/li>\r\n\r\n\r\n\r\n<li><strong>Exercice physique adapt\u00e9<\/strong>\u00a0: activit\u00e9s douces qui renforcent votre corps sans le brusquer<\/li>\r\n\r\n\r\n\r\n<li><strong>Hygi\u00e8ne du sommeil<\/strong>\u00a0: protocoles qui vous aident \u00e0 retrouver des nuits r\u00e9paratrices<\/li>\r\n\r\n\r\n\r\n<li><strong>Gestion du stress<\/strong>\u00a0: techniques concr\u00e8tes pour apaiser votre anxi\u00e9t\u00e9 au quotidien<\/li>\r\n<\/ul>\r\n\r\n\r\n\r\n<p class=\"wp-block-paragraph\">Le spa avec piscine, sauna et hammam compl\u00e8te ce volet bien-\u00eatre, tandis que les activit\u00e9s en montagne vous reconnectent \u00e0 la nature et \u00e0 vous-m\u00eame.<\/p>\r\n\r\n\r\n\r\n<h2 class=\"wp-block-heading\">Les bienfaits concrets du traitement holistique sur votre r\u00e9tablissement<\/h2>\r\n\r\n\r\n\r\n<p class=\"wp-block-paragraph\">Passons maintenant aux r\u00e9sultats tangibles, ceux qui changent r\u00e9ellement votre quotidien. La th\u00e9rapie holistique ne promet pas de miracles instantan\u00e9s, elle vous apporte <strong>des transformations mesurables et durables qui touchent chaque aspect de votre existence<\/strong>.<\/p>\r\n\r\n\r\n\r\n<h3 class=\"wp-block-heading\">Une compr\u00e9hension profonde des origines de votre trouble<\/h3>\r\n\r\n\r\n\r\n<p class=\"wp-block-paragraph\">L&rsquo;approche holistique creuse bien au-del\u00e0 des d\u00e9clencheurs imm\u00e9diats de votre addiction ou de votre maladie. Elle remonte aux v\u00e9ritables causes, celles qui se cachent depuis des ann\u00e9es dans votre histoire personnelle. Ce<a href=\"https:\/\/cliniclesalpes.com\/fr\/blog\/comprendre-le-mal-etre-et-comment-clinic-les-alpes-peut-vous-aider\/\" target=\"_blank\" rel=\"noreferrer noopener\"> mal-\u00eatre<\/a> que vous tra\u00eenez sans vraiment le comprendre, cette<a href=\"https:\/\/cliniclesalpes.com\/fr\/blog\/perte-de-sens\/\" target=\"_blank\" rel=\"noreferrer noopener\"> perte de sens<\/a> qui vous ronge progressivement\u00a0: nous prenons le temps d&rsquo;explorer ces racines avec vous.\u00a0<\/p>\r\n\r\n\r\n\r\n<p class=\"wp-block-paragraph\">En comprenant d&rsquo;o\u00f9 vient votre trouble, vous cessez de tourner en rond et vous trouvez enfin les r\u00e9ponses qui vous \u00e9chappaient jusqu&rsquo;\u00e0 pr\u00e9sent.<\/p>\r\n\r\n\r\n\r\n<h3 class=\"wp-block-heading\">Un r\u00e9tablissement durable et non une simple gestion des sympt\u00f4mes<\/h3>\r\n\r\n\r\n\r\n<p class=\"wp-block-paragraph\">La diff\u00e9rence entre \u00ab\u00a0aller mieux temporairement\u00a0\u00bb et \u00ab\u00a0se r\u00e9tablir durablement\u00a0\u00bb. <strong>C&rsquo;est toute la force du soin holistique<\/strong>.\u00a0<\/p>\r\n\r\n\r\n\r\n<p class=\"wp-block-paragraph\"><strong>Vous ne cherchez plus juste \u00e0 \u00e9teindre l&rsquo;incendie<\/strong>, vous reconstruisez votre maison sur des fondations solides. Les bienfaits s&rsquo;installent progressivement, jour apr\u00e8s jour, et la gu\u00e9rison s&rsquo;ancre en profondeur. Six mois apr\u00e8s votre s\u00e9jour, vous ne vous contentez pas de g\u00e9rer vos sympt\u00f4mes\u00a0: vous avez r\u00e9ellement am\u00e9lior\u00e9 votre \u00e9tat de sant\u00e9 global, mental et spirituel.\u00a0<\/p>\r\n\r\n\r\n\r\n<p class=\"wp-block-paragraph\"><strong>Un traitement holistique vous procure des effets qui durent dans le temps<\/strong>, pas un simple pansement qui se d\u00e9colle \u00e0 la premi\u00e8re difficult\u00e9.<\/p>\r\n\r\n\r\n\r\n<h3 class=\"wp-block-heading\">Le d\u00e9veloppement de nouvelles comp\u00e9tences pour la vie quotidienne<\/h3>\r\n\r\n\r\n\r\n<p class=\"wp-block-paragraph\">Vous repartez avec une v\u00e9ritable bo\u00eete \u00e0 outils, des comp\u00e9tences concr\u00e8tes que vous utilisez chaque jour dans votre vie. Modifier votre mode de vie, ajuster vos comportements face au stress, g\u00e9rer vos \u00e9motions sans recourir \u00e0 votre addiction\u00a0: autant d&rsquo;acquis pratiques issus de votre formation th\u00e9rapeutique.\u00a0<\/p>\r\n\r\n\r\n\r\n<p class=\"wp-block-paragraph\"><strong>Ce d\u00e9veloppement personnel ne s&rsquo;arr\u00eate pas aux portes de la clinique<\/strong>, il vous accompagne durablement dans votre parcours de r\u00e9tablissement.<\/p>\r\n\r\n\r\n\r\n<figure class=\"wp-block-image aligncenter size-full\"><img decoding=\"async\" class=\"wp-image-108428\" src=\"https:\/\/cliniclesalpes.com\/wp-content\/uploads\/2025\/11\/image-13.png\" alt=\"les bienfaits concrets d'une approche holistique sur votre r\u00e9tablissement\" \/><\/figure>\r\n\r\n\r\n\r\n<h2 class=\"wp-block-heading\">Les principes fondamentaux du traitement holistique \u00e0 Clinic Les Alpes<\/h2>\r\n\r\n\r\n\r\n<p class=\"wp-block-paragraph\">Ces bienfaits concrets prennent vie gr\u00e2ce \u00e0 des principes solides que nous avons ancr\u00e9s au c\u0153ur de notre centre depuis sa cr\u00e9ation. <strong>Clinic Les Alpes incarne cette vision holistique de la sant\u00e9 <\/strong>dans chaque d\u00e9tail de votre accompagnement, du premier jour \u00e0 votre suivi post-s\u00e9jour.<\/p>\r\n\r\n\r\n\r\n<h3 class=\"wp-block-heading\">L&rsquo;interaction continue entre l&rsquo;esprit, le corps et l&rsquo;\u00e2me<\/h3>\r\n\r\n\r\n\r\n<p class=\"wp-block-paragraph\">Nous refusons de vous d\u00e9couper en morceaux. <strong>Votre esprit dialogue avec votre corps, votre corps influence votre \u00e2me, et cette \u00e2me nourrit \u00e0 son tour votre esprit<\/strong>\u00a0: tout fonctionne en syst\u00e8me interconnect\u00e9.\u00a0<\/p>\r\n\r\n\r\n\r\n<p class=\"wp-block-paragraph\">Quand vous traversez une phase d&rsquo;anxi\u00e9t\u00e9 intense (mental), votre syst\u00e8me immunitaire s&rsquo;affaiblit (physique), votre \u00e9nergie vitale chute (spirituel), et votre sant\u00e9 physique g\u00e9n\u00e9rale se d\u00e9grade. \u00c0 l&rsquo;inverse, am\u00e9liorer votre hygi\u00e8ne de vie et pratiquer des activit\u00e9s qui vous reconnectent \u00e0 vous-m\u00eame renforce simultan\u00e9ment ces trois dimensions.\u00a0<\/p>\r\n\r\n\r\n\r\n<p class=\"wp-block-paragraph\">Cette interaction continue guide chaque d\u00e9cision th\u00e9rapeutique que nous prenons avec vous. Nous ne soignons jamais un sympt\u00f4me isol\u00e9, nous r\u00e9\u00e9quilibrons l&rsquo;ensemble de votre \u00eatre dans sa globalit\u00e9.<\/p>\r\n\r\n\r\n\r\n<h3 class=\"wp-block-heading\">La personnalisation compl\u00e8te du programme th\u00e9rapeutique<\/h3>\r\n\r\n\r\n\r\n<p class=\"wp-block-paragraph\"><strong>Vous n&rsquo;\u00eates pas un num\u00e9ro dans une file d&rsquo;attente<\/strong>. Chaque personne qui franchit nos portes arrive avec son histoire unique, ses besoins sp\u00e9cifiques, ses forces cach\u00e9es et ses fragilit\u00e9s particuli\u00e8res. C&rsquo;est exactement cette singularit\u00e9 qui fa\u00e7onne votre plan de traitement holistique.\u00a0<\/p>\r\n\r\n\r\n\r\n<p class=\"wp-block-paragraph\">Notre ratio exceptionnel de 25\u00a0professionnels pour seulement 10\u00a0patients nous donne le temps et l&rsquo;espace n\u00e9cessaires \u00e0 cette <strong>personnalisation compl\u00e8te<\/strong>.\u00a0<\/p>\r\n\r\n\r\n\r\n<p class=\"wp-block-paragraph\">Votre th\u00e9rapeute principal coordonne votre m\u00e9thode de soin en s&rsquo;appuyant sur toute l&rsquo;\u00e9quipe\u00a0: psychiatres, psychologues, nutritionnistes, art-th\u00e9rapeutes, sp\u00e9cialistes du mouvement. Ensemble, <strong>nous cr\u00e9ons un programme sur mesure qui \u00e9volue avec vous<\/strong>, semaine apr\u00e8s semaine, au rythme de vos progr\u00e8s et de vos d\u00e9couvertes personnelles.<\/p>\r\n\r\n\r\n\r\n<div class=\"snippet-bait\">\r\n<p><a href=\"https:\/\/cliniclesalpes.com\/fr\/contactez-nous\/\">Contactez notre \u00e9quipe<\/a> au\u00a0+41\u00a058\u00a0360\u00a055\u00a000 et discutons ensemble de votre situation<\/p>\r\n<\/div>\r\n","protected":false},"excerpt":{"rendered":"<p>Vous avez encha\u00een\u00e9 les traitements, consult\u00e9 une dizaine de sp\u00e9cialistes diff\u00e9rents, et pourtant votre addiction revient toujours au galop quelques mois plus tard.\u00a0 La m\u00e9decine conventionnelle soulage vos sympt\u00f4mes sans jamais toucher aux v\u00e9ritables racines de votre trouble. Le traitement holistique bouleverse cette logique\u00a0: il soigne simultan\u00e9ment votre corps, votre esprit et vos \u00e9motions dans [&hellip;]<\/p>\n","protected":false},"author":1,"featured_media":114035,"comment_status":"closed","ping_status":"closed","sticky":false,"template":"","format":"standard","meta":{"_acf_changed":false,"footnotes":""},"categories":[118],"tags":[],"class_list":["post-108426","post","type-post","status-publish","format-standard","has-post-thumbnail","hentry","category-soins-et-therapies"],"acf":[],"_links":{"self":[{"href":"https:\/\/cliniclesalpes.com\/fr\/wp-json\/wp\/v2\/posts\/108426","targetHints":{"allow":["GET"]}}],"collection":[{"href":"https:\/\/cliniclesalpes.com\/fr\/wp-json\/wp\/v2\/posts"}],"about":[{"href":"https:\/\/cliniclesalpes.com\/fr\/wp-json\/wp\/v2\/types\/post"}],"author":[{"embeddable":true,"href":"https:\/\/cliniclesalpes.com\/fr\/wp-json\/wp\/v2\/users\/1"}],"replies":[{"embeddable":true,"href":"https:\/\/cliniclesalpes.com\/fr\/wp-json\/wp\/v2\/comments?post=108426"}],"version-history":[{"count":2,"href":"https:\/\/cliniclesalpes.com\/fr\/wp-json\/wp\/v2\/posts\/108426\/revisions"}],"predecessor-version":[{"id":114039,"href":"https:\/\/cliniclesalpes.com\/fr\/wp-json\/wp\/v2\/posts\/108426\/revisions\/114039"}],"wp:featuredmedia":[{"embeddable":true,"href":"https:\/\/cliniclesalpes.com\/fr\/wp-json\/wp\/v2\/media\/114035"}],"wp:attachment":[{"href":"https:\/\/cliniclesalpes.com\/fr\/wp-json\/wp\/v2\/media?parent=108426"}],"wp:term":[{"taxonomy":"category","embeddable":true,"href":"https:\/\/cliniclesalpes.com\/fr\/wp-json\/wp\/v2\/categories?post=108426"},{"taxonomy":"post_tag","embeddable":true,"href":"https:\/\/cliniclesalpes.com\/fr\/wp-json\/wp\/v2\/tags?post=108426"}],"curies":[{"name":"wp","href":"https:\/\/api.w.org\/{rel}","templated":true}]}}