{"id":108866,"date":"2026-08-19T15:37:40","date_gmt":"2026-08-19T15:37:40","guid":{"rendered":"https:\/\/cliniclesalpes.com\/?p=108866"},"modified":"2026-08-19T17:28:42","modified_gmt":"2026-08-19T17:28:42","slug":"declic-pour-sortir-de-la-depression","status":"publish","type":"post","link":"https:\/\/cliniclesalpes.com\/fr\/blog\/2026\/08\/19\/declic-pour-sortir-de-la-depression\/","title":{"rendered":"O\u00f9 trouver le d\u00e9clic pour sortir de la d\u00e9pression quand rien ne marche ?"},"content":{"rendered":"\r\n<p class=\"wp-block-paragraph\">Vous avez tout essay\u00e9 : les m\u00e9dicaments, la th\u00e9rapie, les conseils bien intentionn\u00e9s de vos proches. Pourtant, la d\u00e9pression vous tient toujours fermement.\u00a0<\/p>\r\n\r\n\r\n\r\n<p class=\"wp-block-paragraph\">Vous attendez ce fameux d\u00e9clic miraculeux, cette illumination soudaine qui changera tout d&rsquo;un coup. La v\u00e9rit\u00e9 ? <strong>Ce d\u00e9clic pour sortir de la d\u00e9pression existe vraiment, mais il se provoque <\/strong>bien plus qu&rsquo;il ne s&rsquo;attend.\u00a0<\/p>\r\n\r\n\r\n\r\n<p class=\"wp-block-paragraph\">Chaque personne d\u00e9pressive avance vers sa gu\u00e9rison selon son propre chemin, et cet article vous montre concr\u00e8tement comment cr\u00e9er les conditions favorables \u00e0 votre d\u00e9clic personnel.<\/p>\r\n\r\n\r\n\r\n<h2 class=\"wp-block-heading\">La v\u00e9rit\u00e9 sur le d\u00e9clic qui lib\u00e8re de la d\u00e9pression<\/h2>\r\n\r\n\r\n\r\n<p class=\"wp-block-paragraph\">Le d\u00e9clic pour sortir de la d\u00e9pression prend plusieurs visages selon les personnes d\u00e9pressives :<\/p>\r\n\r\n\r\n\r\n<ul class=\"wp-block-list\">\r\n<li><strong>D\u00e9clic \u00e9motionnel <\/strong>: une \u00e9motion intense qui vous secoue, un chagrin profond qui lib\u00e8re quelque chose en vous, ou au contraire un moment de joie inattendu qui r\u00e9veille votre envie de vivre<\/li>\r\n\r\n\r\n\r\n<li><strong>D\u00e9clic cognitif <\/strong>: une pens\u00e9e nouvelle qui s&rsquo;impose, une prise de conscience soudaine sur votre situation, un changement dans votre fa\u00e7on de voir les choses<\/li>\r\n\r\n\r\n\r\n<li><strong>D\u00e9clic physique <\/strong>: une sensation corporelle qui vous reconnecte \u00e0 la vie, l&rsquo;\u00e9nergie qui revient progressivement, le corps qui r\u00e9pond diff\u00e9remment<\/li>\r\n<\/ul>\r\n\r\n\r\n\r\n<p class=\"wp-block-paragraph\"><strong>Certains vivent effectivement un \u00e9pisode marquant pr\u00e9cis <\/strong>: une phrase entendue au bon moment, une rencontre qui change tout, un \u00e9v\u00e9nement qui d\u00e9clenche une transformation int\u00e9rieure. D&rsquo;autres progressent par petites \u00e9tapes successives, sans jamais identifier de moment pr\u00e9cis. Cette accumulation de micro-changements finit par cr\u00e9er le d\u00e9clic sans qu&rsquo;on s&rsquo;en rende compte sur le moment.<\/p>\r\n\r\n\r\n\r\n<p class=\"wp-block-paragraph\"><strong>L&rsquo;absence de grand d\u00e9clic spectaculaire ne bloque absolument pas votre gu\u00e9rison<\/strong>. Vous avancez m\u00eame si vous ne le voyez pas encore.<\/p>\r\n\r\n\r\n\r\n<figure class=\"wp-block-image aligncenter size-full\"><img decoding=\"async\" class=\"wp-image-108868\" src=\"https:\/\/cliniclesalpes.com\/wp-content\/uploads\/2025\/12\/image-2.jpeg\" alt=\"les d\u00e9clics de la d\u00e9pression\" \/><\/figure>\r\n\r\n\r\n\r\n<h2 class=\"wp-block-heading\">Les erreurs qui emp\u00eachent le d\u00e9clic d&rsquo;arriver<\/h2>\r\n\r\n\r\n\r\n<p class=\"wp-block-paragraph\">Parlons des pi\u00e8ges qui vous emp\u00eachent de sortir de la d\u00e9pression. Ces erreurs sabotent votre progression vers le d\u00e9clic et vous maintiennent dans un cercle vicieux particuli\u00e8rement difficile \u00e0 briser.<\/p>\r\n\r\n\r\n\r\n<p class=\"wp-block-paragraph\">Voici les comportements qui bloquent votre gu\u00e9rison :<\/p>\r\n\r\n\r\n\r\n<ul class=\"wp-block-list\">\r\n<li><strong>Attendre passivement que le d\u00e9clic arrive <\/strong>: vous restez dans votre lit en esp\u00e9rant qu&rsquo;un matin magique, tout ira mieux sans rien faire de votre c\u00f4t\u00e9<\/li>\r\n\r\n\r\n\r\n<li><strong>Se comparer aux autres malades <\/strong>: vous mesurez votre avanc\u00e9e \u00e0 celle des personnes autour de vous, alors que chaque parcours face \u00e0 la d\u00e9pression suit son propre rythme<\/li>\r\n\r\n\r\n\r\n<li><strong>Vouloir gu\u00e9rir trop vite <\/strong>: vous mettez une pression \u00e9norme sur vous-m\u00eame en fixant des d\u00e9lais irr\u00e9alistes, ce qui aggrave votre sentiment d&rsquo;\u00e9chec<\/li>\r\n\r\n\r\n\r\n<li><strong>Refuser l&rsquo;aide propos\u00e9e <\/strong>: vous rejetez le soutien des proches ou d&rsquo;un professionnel par fiert\u00e9 ou par manque de confiance en la solution<\/li>\r\n\r\n\r\n\r\n<li><strong>Minimiser vos petits progr\u00e8s <\/strong>: vous balayez d&rsquo;un revers de main chaque micro-victoire quotidienne en vous disant que \u00ab\u00a0ce n&rsquo;est rien\u00a0\u00bb<\/li>\r\n<\/ul>\r\n\r\n\r\n\r\n<p class=\"wp-block-paragraph\">Ces attitudes cr\u00e9ent un \u00e9tat de<a href=\"https:\/\/cliniclesalpes.com\/fr\/blog\/comprendre-le-mal-etre-et-comment-clinic-les-alpes-peut-vous-aider\/\" target=\"_blank\" rel=\"noreferrer noopener\"> mal-\u00eatre<\/a> profond, voire m\u00e8nent \u00e0 un<a href=\"https:\/\/cliniclesalpes.com\/fr\/blog\/effondrement-psychique\/\" target=\"_blank\" rel=\"noreferrer noopener\"> effondrement psychique<\/a> si vous ne prenez pas conscience du probl\u00e8me rapidement.\u00a0<\/p>\r\n\r\n\r\n\r\n<p class=\"wp-block-paragraph\">Votre cerveau interpr\u00e8te chaque \u00e9chec per\u00e7u par votre esprit d\u00e9form\u00e9 par les sympt\u00f4mes de la d\u00e9pression, puis ancre davantage les sch\u00e9mas n\u00e9gatifs. C&rsquo;est exactement ce m\u00e9canisme qui emp\u00eache le d\u00e9clic de se produire naturellement.<\/p>\r\n\r\n\r\n\r\n<figure class=\"wp-block-image aligncenter size-full\"><img decoding=\"async\" class=\"wp-image-108867\" src=\"https:\/\/cliniclesalpes.com\/wp-content\/uploads\/2025\/12\/image-1.jpeg\" alt=\"les cercles de la d\u00e9pression\" \/><\/figure>\r\n\r\n\r\n\r\n<h2 class=\"wp-block-heading\">Les signes qui annoncent que votre d\u00e9clic approche<\/h2>\r\n\r\n\r\n\r\n<p class=\"wp-block-paragraph\">Heureusement, <strong>votre corps et votre cerveau vous envoient des signaux subtils <\/strong>bien avant que vous ne r\u00e9alisiez consciemment le changement. Ces indices r\u00e9v\u00e8lent que le processus de gu\u00e9rison commence, m\u00eame si vous ne vous en rendez pas compte imm\u00e9diatement. Reconna\u00eetre ces signes vous aide justement \u00e0 cultiver le d\u00e9clic au lieu de l&rsquo;attendre passivement.<\/p>\r\n\r\n\r\n\r\n<p class=\"wp-block-paragraph\">Voici les petites modifications comportementales qui peuvent passer inaper\u00e7ues :<\/p>\r\n\r\n\r\n\r\n<ul class=\"wp-block-list\">\r\n<li><strong>Un sourire<\/strong> esquiss\u00e9 spontan\u00e9ment devant une vid\u00e9o ou une situation du quotidien<\/li>\r\n\r\n\r\n\r\n<li><strong>Une envie de sortir<\/strong> m\u00eame br\u00e8ve, juste cinq minutes dehors alors que vous restiez clo\u00eetr\u00e9 depuis des semaines<\/li>\r\n\r\n\r\n\r\n<li><strong>Le plaisir retrouv\u00e9 dans une activit\u00e9 simple<\/strong> : pr\u00e9parer un caf\u00e9, \u00e9couter une chanson, caresser un animal<\/li>\r\n\r\n\r\n\r\n<li><strong>Des troubles du sommeil qui s&rsquo;espacent<\/strong> progressivement, des nuits un peu moins sombres<\/li>\r\n\r\n\r\n\r\n<li><strong>Une connexion retrouv\u00e9e avec un proche<\/strong>, un message envoy\u00e9 sans vous forcer<\/li>\r\n<\/ul>\r\n\r\n\r\n\r\n<p class=\"wp-block-paragraph\">Ces actions vous semblent insignifiantes ? D\u00e9trompez-vous. Chacune repr\u00e9sente une victoire majeure face \u00e0 la d\u00e9pression.\u00a0<\/p>\r\n\r\n\r\n\r\n<p class=\"wp-block-paragraph\">Votre cerveau r\u00e9apprend graduellement \u00e0 fonctionner diff\u00e9remment, \u00e0 <strong>sortir des sch\u00e9mas de pens\u00e9e n\u00e9gatifs<\/strong> qui vous enfermaient. Les neurones cr\u00e9ent de nouvelles connexions, la chimie c\u00e9r\u00e9brale se r\u00e9\u00e9quilibre doucement, et votre estime de soi remonte centim\u00e8tre par centim\u00e8tre.\u00a0<\/p>\r\n\r\n\r\n\r\n<div class=\"snippet-bait\">\r\n<p>Ce m\u00e9canisme prend du temps, parfois des mois, mais il avance chaque jour un peu plus.<\/p>\r\n<\/div>\r\n\r\n\r\n\r\n<h2 class=\"wp-block-heading\">Les d\u00e9clencheurs concrets pour provoquer votre propre d\u00e9clic<\/h2>\r\n\r\n\r\n\r\n<p class=\"wp-block-paragraph\">Vous comprenez d\u00e9sormais que le d\u00e9clic se pr\u00e9pare et se cultive activement. Plut\u00f4t que d&rsquo;attendre passivement qu&rsquo;il vous tombe dessus, vous pouvez cr\u00e9er les conditions favorables \u00e0 son \u00e9mergence. Trois leviers principaux acc\u00e9l\u00e8rent ce processus : <strong>la reconnexion sociale, le r\u00e9veil du corps et la modification de votre environnement global<\/strong>.<\/p>\r\n\r\n\r\n\r\n<h3 class=\"wp-block-heading\">Briser l&rsquo;isolement par de nouveaux liens sociaux<\/h3>\r\n\r\n\r\n\r\n<p class=\"wp-block-paragraph\"><strong>La solitude amplifie les sympt\u00f4mes de la d\u00e9pression <\/strong>et vous enferme dans votre t\u00eate. \u00c0 l&rsquo;inverse, la reconnexion avec autrui d\u00e9clenche fr\u00e9quemment le d\u00e9clic tant attendu. Les \u00e9changes authentiques vous rappellent qui vous \u00eates vraiment, au-del\u00e0 de la maladie. Le soutien psychologique d&rsquo;un groupe ou d&rsquo;un proche brise cette spirale n\u00e9gative dans laquelle vous tournez en rond depuis trop longtemps.<\/p>\r\n\r\n\r\n\r\n<p class=\"wp-block-paragraph\"><strong>Voici les actions concr\u00e8tes \u00e0 mettre en place d\u00e8s cette semaine <\/strong>:<\/p>\r\n\r\n\r\n\r\n<ul class=\"wp-block-list\">\r\n<li>Rejoindre un groupe de parole sp\u00e9cialis\u00e9 dans la sant\u00e9 mentale<\/li>\r\n\r\n\r\n\r\n<li>Participer \u00e0 une th\u00e9rapie de groupe supervis\u00e9e par un th\u00e9rapeute<\/li>\r\n\r\n\r\n\r\n<li>Appeler un proche de confiance, m\u00eame cinq minutes seulement<\/li>\r\n\r\n\r\n\r\n<li>Rejoindre une association locale autour d&rsquo;un int\u00e9r\u00eat partag\u00e9<\/li>\r\n\r\n\r\n\r\n<li>Accepter une invitation au lieu de la refuser automatiquement<\/li>\r\n<\/ul>\r\n\r\n\r\n\r\n<p class=\"wp-block-paragraph\"><strong>M\u00eame les br\u00e8ves interactions comptent \u00e9norm\u00e9ment<\/strong>. Un bonjour \u00e9chang\u00e9 ou un sourire re\u00e7u suffisent parfois \u00e0 d\u00e9clencher quelque chose.<\/p>\r\n\r\n\r\n\r\n<h3 class=\"wp-block-heading\">R\u00e9veiller votre corps par l&rsquo;activit\u00e9 physique<\/h3>\r\n\r\n\r\n\r\n<p class=\"wp-block-paragraph\">Votre corps et votre cerveau fonctionnent ensemble, jamais s\u00e9par\u00e9ment. <strong>L&rsquo;exercice physique modifie directement la chimie c\u00e9r\u00e9brale<\/strong> en stimulant la production d&rsquo;endorphines et de s\u00e9rotonine, deux neurotransmetteurs qui r\u00e9gulent l&rsquo;humeur d\u00e9pressive. Le mouvement r\u00e9veille progressivement votre \u00e9nergie vitale, celle-l\u00e0 m\u00eame que la maladie vous a vol\u00e9e.<\/p>\r\n\r\n\r\n\r\n<p class=\"wp-block-paragraph\"><strong>Des exercices simples certainement adapt\u00e9s votre \u00e9tat actuel <\/strong>:<\/p>\r\n\r\n\r\n\r\n<ul class=\"wp-block-list\">\r\n<li>Marcher 10 minutes autour du p\u00e2t\u00e9 de maisons<\/li>\r\n\r\n\r\n\r\n<li>Faire des \u00e9tirements doux au r\u00e9veil<\/li>\r\n\r\n\r\n\r\n<li>Pratiquer le yoga adapt\u00e9 aux d\u00e9butants<\/li>\r\n\r\n\r\n\r\n<li>Danser seul chez vous sur une chanson que vous aimez<\/li>\r\n\r\n\r\n\r\n<li>Jardiner quelques minutes si vous avez un espace ext\u00e9rieur<\/li>\r\n<\/ul>\r\n\r\n\r\n\r\n<p class=\"wp-block-paragraph\"><strong>La progressivit\u00e9 compte davantage que la performance<\/strong>. Vous ne visez aucun record, aucun exploit sportif. Chaque minute pass\u00e9e \u00e0 bouger votre corps est une victoire contre l&rsquo;inertie d\u00e9pressive. Certains jours, vous ferez deux minutes, d&rsquo;autres jours vingt : les deux sc\u00e9narios valent exactement pareil dans votre chemin vers la gu\u00e9rison.<\/p>\r\n\r\n\r\n\r\n<figure class=\"wp-block-image aligncenter size-full\"><img decoding=\"async\" class=\"wp-image-108869\" src=\"https:\/\/cliniclesalpes.com\/wp-content\/uploads\/2025\/12\/image-3.jpeg\" alt=\"les d\u00e9clencheurs de la d\u00e9pression\" \/><\/figure>\r\n\r\n\r\n\r\n<h3 class=\"wp-block-heading\">Modifier votre environnement int\u00e9rieur et ext\u00e9rieur<\/h3>\r\n\r\n\r\n\r\n<p class=\"wp-block-paragraph\"><strong>Votre espace de vie refl\u00e8te et influence votre \u00e9tat mental simultan\u00e9ment<\/strong>. Un environnement sombre, encombr\u00e9 et n\u00e9glig\u00e9 renforce les pens\u00e9es n\u00e9gatives. En revanche, des changements concrets dans votre quotidien cr\u00e9ent un terrain favorable au d\u00e9clic :<\/p>\r\n\r\n\r\n\r\n<ul class=\"wp-block-list\">\r\n<li>Le rangement th\u00e9rapeutique d\u00e9gage litt\u00e9ralement de l&rsquo;espace dans votre t\u00eate<\/li>\r\n\r\n\r\n\r\n<li>L&rsquo;exposition \u00e0 la lumi\u00e8re naturelle r\u00e9gule votre horloge biologique et am\u00e9liore votre humeur<\/li>\r\n\r\n\r\n\r\n<li>Les modifications d&rsquo;hygi\u00e8ne de vie, m\u00eame minimes, envoient un signal positif \u00e0 votre cerveau : vous prenez soin de vous, donc vous m\u00e9ritez d&rsquo;aller mieux<\/li>\r\n<\/ul>\r\n\r\n\r\n\r\n<p class=\"wp-block-paragraph\">Parall\u00e8lement, <strong>la restructuration cognitive travaille votre environnement int\u00e9rieur<\/strong>. La m\u00e9ditation et les exercices de pleine conscience vous aident \u00e0 observer vos pens\u00e9es sans vous laisser submerger.\u00a0<\/p>\r\n\r\n\r\n\r\n<p class=\"wp-block-paragraph\">Ces pratiques s&rsquo;inscrivent dans un processus plus large d&rsquo;<a href=\"https:\/\/cliniclesalpes.com\/fr\/blog\/etapes-du-changement\/\" target=\"_blank\" rel=\"noreferrer noopener\">\u00e9tapes du changement<\/a> qui vous m\u00e8nent petit \u00e0 petit vers une meilleure sant\u00e9 mentale.<\/p>\r\n\r\n\r\n\r\n<h2 class=\"wp-block-heading\">Les th\u00e9rapies qui facilitent l&rsquo;\u00e9mergence du d\u00e9clic<\/h2>\r\n\r\n\r\n\r\n<p class=\"wp-block-paragraph\"><strong>Les actions personnelles que vous mettez en place au quotidien pr\u00e9parent le terrain<\/strong>, certes. Toutefois, certaines approches th\u00e9rapeutiques professionnelles acc\u00e9l\u00e8rent consid\u00e9rablement l&rsquo;\u00e9mergence du d\u00e9clic en provoquant des prises de conscience et des changements profonds.\u00a0<\/p>\r\n\r\n\r\n\r\n<p class=\"wp-block-paragraph\"><strong>Chaque personne r\u00e9pond diff\u00e9remment aux traitements <\/strong>de la d\u00e9pression selon son histoire, sa personnalit\u00e9 et la s\u00e9v\u00e9rit\u00e9 de l&rsquo;\u00e9pisode d\u00e9pressif. C&rsquo;est pourquoi plusieurs m\u00e9thodes existent, et votre mission consiste \u00e0 trouver celle qui vous convient.<\/p>\r\n\r\n\r\n\r\n<h3 class=\"wp-block-heading\">Les approches psychoth\u00e9rapeutiques br\u00e8ves et efficaces<\/h3>\r\n\r\n\r\n\r\n<p class=\"wp-block-paragraph\"><strong>La th\u00e9rapie cognitivo-comportementale<\/strong> modifie directement vos sch\u00e9mas de pens\u00e9e automatiques. Cette m\u00e9thode vous apprend \u00e0 identifier les croyances n\u00e9gatives qui alimentent votre \u00e9tat d\u00e9pressif, puis \u00e0 les remplacer progressivement par des pens\u00e9es plus r\u00e9alistes.\u00a0<\/p>\r\n\r\n\r\n\r\n<p class=\"wp-block-paragraph\">Le d\u00e9clic survient fr\u00e9quemment lorsque vous r\u00e9alisez soudainement que vos interpr\u00e9tations de la r\u00e9alit\u00e9 ne correspondent pas aux faits objectifs.<\/p>\r\n\r\n\r\n\r\n<p class=\"wp-block-paragraph\"><strong>La th\u00e9rapie br\u00e8ve <\/strong>agit rapidement sur des probl\u00e9matiques cibl\u00e9es, tandis que l&rsquo;EMDR traite efficacement les traumatismes enfouis qui maintiennent la d\u00e9pression active. Ces m\u00e9thodes cr\u00e9ent des d\u00e9clics en restructurant votre fa\u00e7on de voir les choses et de vous percevoir vous-m\u00eame.\u00a0<\/p>\r\n\r\n\r\n\r\n<p class=\"wp-block-paragraph\">Pour certains patients, notamment ceux qui ont v\u00e9cu des blessures profondes, comprendre<a href=\"https:\/\/cliniclesalpes.com\/fr\/blog\/comment-surmonter-un-traumatisme-psychologique\/\" target=\"_blank\" rel=\"noreferrer noopener\"> comment surmonter un traumatisme psychologique<\/a> s&rsquo;inscrit dans une \u00e9tape fondamentale du chemin vers la gu\u00e9rison.<\/p>\r\n\r\n\r\n\r\n<h3 class=\"wp-block-heading\">Le r\u00f4le compl\u00e9mentaire du traitement m\u00e9dicamenteux<\/h3>\r\n\r\n\r\n\r\n<p class=\"wp-block-paragraph\"><strong>Les antid\u00e9presseurs cr\u00e9ent la stabilit\u00e9 chimique n\u00e9cessaire dans votre cerveau <\/strong>pour que le travail th\u00e9rapeutique porte r\u00e9ellement ses fruits. Ils ne constituent pas la solution unique, loin de l\u00e0, mais plut\u00f4t un outil facilitateur qui vous donne l&rsquo;\u00e9nergie mentale d&rsquo;avancer.<\/p>\r\n\r\n\r\n\r\n<p class=\"wp-block-paragraph\"><strong>La consultation avec un psychiatre ou votre m\u00e9decin g\u00e9n\u00e9raliste <\/strong>s&rsquo;impose pour adapter le traitement m\u00e9dical \u00e0 votre profil sp\u00e9cifique. Chaque organisme r\u00e9agit diff\u00e9remment, et trouver le bon dosage demande du temps, g\u00e9n\u00e9ralement plusieurs semaines.\u00a0<\/p>\r\n\r\n\r\n\r\n<p class=\"wp-block-paragraph\"><strong>Le suivi r\u00e9gulier garantit ensuite un ajustement progressif <\/strong>et \u00e9vite les effets secondaires trop lourds. La dur\u00e9e du traitement varie selon votre type de d\u00e9pression : quelques mois pour une d\u00e9pression l\u00e9g\u00e8re, une ann\u00e9e enti\u00e8re voire davantage dans le cas d&rsquo;une d\u00e9pression s\u00e9v\u00e8re ou d&rsquo;un trouble d\u00e9pressif r\u00e9current.<\/p>\r\n\r\n\r\n\r\n<h3 class=\"wp-block-heading\">L&rsquo;accompagnement global \u00e0 Clinic Les Alpes<\/h3>\r\n\r\n\r\n\r\n<p class=\"wp-block-paragraph\">Notre clinique combine justement tous ces leviers dans une prise en charge compl\u00e8te qui favorise l&rsquo;\u00e9mergence naturelle du d\u00e9clic. Cette approche globale forme un v\u00e9ritable<a href=\"https:\/\/cliniclesalpes.com\/fr\/blog\/traitement-holistique\/\" target=\"_blank\" rel=\"noreferrer noopener\"> traitement holistique<\/a> adapt\u00e9 \u00e0 chaque patient selon son histoire personnelle et ses besoins propres.<\/p>\r\n\r\n\r\n\r\n<p class=\"wp-block-paragraph\">Ce qui distingue notre accompagnement :<\/p>\r\n\r\n\r\n\r\n<ul class=\"wp-block-list\">\r\n<li><strong>Programme personnalis\u00e9 <\/strong>: votre plan th\u00e9rapeutique s&rsquo;ajuste constamment selon votre \u00e9volution et vos r\u00e9actions aux diff\u00e9rentes m\u00e9thodes test\u00e9es<\/li>\r\n\r\n\r\n\r\n<li><strong>Environnement apaisant des Alpes suisses <\/strong>: le cadre naturel facilite la d\u00e9connexion du stress quotidien et cr\u00e9e un espace mental propice aux prises de conscience<\/li>\r\n\r\n\r\n\r\n<li><strong>\u00c9quipe pluridisciplinaire disponible <\/strong>: psychiatres, psychologues, th\u00e9rapeutes et personnel soignant travaillent ensemble sur votre gu\u00e9rison<\/li>\r\n\r\n\r\n\r\n<li><strong>Th\u00e9rapies compl\u00e9mentaires int\u00e9gr\u00e9es <\/strong>: art-th\u00e9rapie, m\u00e9ditation, activit\u00e9 physique adapt\u00e9e viennent compl\u00e9ter le suivi psychoth\u00e9rapeutique classique<\/li>\r\n\r\n\r\n\r\n<li><strong>Suivi post-cure structur\u00e9 <\/strong>: l&rsquo;accompagnement continue apr\u00e8s votre sortie pour pr\u00e9venir la rechute et ancrer durablement les changements acquis<\/li>\r\n<\/ul>\r\n\r\n\r\n\r\n<p class=\"wp-block-paragraph\">Le cadre s\u00e9curisant de notre \u00e9tablissement facilite les prises de conscience profondes qui m\u00e8nent au d\u00e9clic tant recherch\u00e9. Vous vous concentrez pleinement sur votre r\u00e9tablissement, lib\u00e9r\u00e9 des contraintes et des facteurs de risque de votre environnement habituel.<\/p>\r\n\r\n\r\n\r\n<div class=\"snippet-bait\">\r\n<p><a href=\"https:\/\/cliniclesalpes.com\/fr\/contactez-nous\/\">Contactez notre \u00e9quipe pour sortir de la d\u00e9pression<\/a><\/p>\r\n<\/div>\r\n","protected":false},"excerpt":{"rendered":"<p>Vous avez tout essay\u00e9 : les m\u00e9dicaments, la th\u00e9rapie, les conseils bien intentionn\u00e9s de vos proches. Pourtant, la d\u00e9pression vous tient toujours fermement.\u00a0 Vous attendez ce fameux d\u00e9clic miraculeux, cette illumination soudaine qui changera tout d&rsquo;un coup. La v\u00e9rit\u00e9 ? Ce d\u00e9clic pour sortir de la d\u00e9pression existe vraiment, mais il se provoque bien plus [&hellip;]<\/p>\n","protected":false},"author":1,"featured_media":114025,"comment_status":"closed","ping_status":"closed","sticky":false,"template":"","format":"standard","meta":{"_acf_changed":false,"footnotes":""},"categories":[117],"tags":[],"class_list":["post-108866","post","type-post","status-publish","format-standard","has-post-thumbnail","hentry","category-sante-mentale-et-bien-etre"],"acf":[],"_links":{"self":[{"href":"https:\/\/cliniclesalpes.com\/fr\/wp-json\/wp\/v2\/posts\/108866","targetHints":{"allow":["GET"]}}],"collection":[{"href":"https:\/\/cliniclesalpes.com\/fr\/wp-json\/wp\/v2\/posts"}],"about":[{"href":"https:\/\/cliniclesalpes.com\/fr\/wp-json\/wp\/v2\/types\/post"}],"author":[{"embeddable":true,"href":"https:\/\/cliniclesalpes.com\/fr\/wp-json\/wp\/v2\/users\/1"}],"replies":[{"embeddable":true,"href":"https:\/\/cliniclesalpes.com\/fr\/wp-json\/wp\/v2\/comments?post=108866"}],"version-history":[{"count":2,"href":"https:\/\/cliniclesalpes.com\/fr\/wp-json\/wp\/v2\/posts\/108866\/revisions"}],"predecessor-version":[{"id":114029,"href":"https:\/\/cliniclesalpes.com\/fr\/wp-json\/wp\/v2\/posts\/108866\/revisions\/114029"}],"wp:featuredmedia":[{"embeddable":true,"href":"https:\/\/cliniclesalpes.com\/fr\/wp-json\/wp\/v2\/media\/114025"}],"wp:attachment":[{"href":"https:\/\/cliniclesalpes.com\/fr\/wp-json\/wp\/v2\/media?parent=108866"}],"wp:term":[{"taxonomy":"category","embeddable":true,"href":"https:\/\/cliniclesalpes.com\/fr\/wp-json\/wp\/v2\/categories?post=108866"},{"taxonomy":"post_tag","embeddable":true,"href":"https:\/\/cliniclesalpes.com\/fr\/wp-json\/wp\/v2\/tags?post=108866"}],"curies":[{"name":"wp","href":"https:\/\/api.w.org\/{rel}","templated":true}]}}