{"id":108872,"date":"2026-08-19T15:37:40","date_gmt":"2026-08-19T15:37:40","guid":{"rendered":"https:\/\/cliniclesalpes.com\/?p=108872"},"modified":"2026-08-19T17:28:41","modified_gmt":"2026-08-19T17:28:41","slug":"le-deni-et-ses-consequences","status":"publish","type":"post","link":"https:\/\/cliniclesalpes.com\/fr\/blog\/2026\/08\/19\/le-deni-et-ses-consequences\/","title":{"rendered":"Le d\u00e9ni et ses cons\u00e9quences sur votre sant\u00e9 mentale : comment enfin voir la r\u00e9alit\u00e9 en face ?"},"content":{"rendered":"\r\n<p class=\"wp-block-paragraph\">Votre entourage vous alerte depuis des mois, les signaux s&rsquo;accumulent, pourtant vous continuez \u00e0 nier l&rsquo;\u00e9vidence. Votre consommation d&rsquo;alcool devient probl\u00e9matique, votre relation vous d\u00e9truit, ou cette douleur physique cache peut-\u00eatre quelque chose de grave.\u00a0<\/p>\r\n\r\n\r\n\r\n<p class=\"wp-block-paragraph\">Face \u00e0 une r\u00e9alit\u00e9 trop douloureuse, votre cerveau active un m\u00e9canisme de d\u00e9fense inconscient : le d\u00e9ni. Ce bouclier psychique vous prot\u00e8ge temporairement, mais <strong>ses cons\u00e9quences finissent par d\u00e9truire votre sant\u00e9 mentale<\/strong>.\u00a0<\/p>\r\n\r\n\r\n\r\n<p class=\"wp-block-paragraph\">Cet article vous explique comment ce processus fonctionne, ses effets d\u00e9vastateurs, et surtout comment enfin sortir du d\u00e9ni pour reprendre le contr\u00f4le de votre vie.<\/p>\r\n\r\n\r\n\r\n<h2 class=\"wp-block-heading\">Qu&rsquo;est-ce que le d\u00e9ni en psychologie ?<\/h2>\r\n\r\n\r\n\r\n<p class=\"wp-block-paragraph\"><strong>Le d\u00e9ni se d\u00e9finit comme un m\u00e9canisme de d\u00e9fense psychique totalement inconscient<\/strong>. Votre cerveau active cette protection automatique face \u00e0 une r\u00e9alit\u00e9 trop douloureuse \u00e0 accepter sur le moment. Ce n&rsquo;est pas un mensonge volontaire ni une manipulation consciente, mais une fa\u00e7on pour votre psychisme de vous prot\u00e9ger d&rsquo;une souffrance insupportable.<\/p>\r\n\r\n\r\n\r\n<p class=\"wp-block-paragraph\">Ce ph\u00e9nom\u00e8ne se manifeste dans de nombreuses situations du quotidien, par exemple :<\/p>\r\n\r\n\r\n\r\n<ul class=\"wp-block-list\">\r\n<li>Le d\u00e9ni d&rsquo;addiction : vous refusez de voir votre d\u00e9pendance \u00e0 l&rsquo;alcool, aux substances ou \u00e0<a href=\"https:\/\/cliniclesalpes.com\/fr\/blog\/derriere-le-champagne-et-les-cocktails-comprendre-lalcoolisme-mondain\/\" target=\"_blank\" rel=\"noreferrer noopener\"> certains comportements sociaux<\/a><\/li>\r\n\r\n\r\n\r\n<li>Le d\u00e9ni de maladie : vous minimisez des sympt\u00f4mes physiques inqui\u00e9tants ou un diagnostic m\u00e9dical grave<\/li>\r\n\r\n\r\n\r\n<li>Le d\u00e9ni de grossesse : votre corps et votre esprit refusent de reconna\u00eetre une grossesse en cours<\/li>\r\n\r\n\r\n\r\n<li>Le d\u00e9ni relationnel : vous ne voulez pas admettre qu&rsquo;une relation vous d\u00e9truit ou qu&rsquo;un parent vous blesse<\/li>\r\n<\/ul>\r\n\r\n\r\n\r\n<p class=\"wp-block-paragraph\">Le d\u00e9ni se distingue du<a href=\"https:\/\/cliniclesalpes.com\/fr\/blog\/emotion-refoulee-symptomes\/\" target=\"_blank\" rel=\"noreferrer noopener\"> refoulement<\/a>, o\u00f9 les \u00e9motions sont enfouies dans l&rsquo;inconscient, et de la d\u00e9n\u00e9gation, qui implique un rejet conscient de la r\u00e9alit\u00e9.\u00a0<\/p>\r\n\r\n\r\n\r\n<p class=\"wp-block-paragraph\"><a href=\"https:\/\/stm.cairn.info\/revue-recherche-en-soins-infirmiers-2005-3-page-31?lang=fr#:~:text=Le%20refoulement%20n%E2%80%99est%20pas%20pathologique%20en%20lui%2Dm%C3%AAme.%20Il%20existe%20un%20refoulement%20normal.%20C%E2%80%99est%20son%20caract%C3%A8re%20excessif%20et%20massif%20qui%20est%20pathologique\" target=\"_blank\" rel=\"noreferrer noopener\">Freud a th\u00e9oris\u00e9 ce concept<\/a> au d\u00e9but du XX<sup>e<\/sup> si\u00e8cle en observant comment certains patients refusaient inconsciemment d&rsquo;accepter des v\u00e9rit\u00e9s douloureuses sur leur vie.<\/p>\r\n\r\n\r\n\r\n<figure class=\"wp-block-image aligncenter size-full\"><img decoding=\"async\" class=\"wp-image-108876\" src=\"https:\/\/cliniclesalpes.com\/wp-content\/uploads\/2025\/12\/image-5.png\" alt=\"les formes de d\u00e9ni\" \/><\/figure>\r\n\r\n\r\n\r\n<h2 class=\"wp-block-heading\">Pourquoi votre cerveau vous emp\u00eache de voir la v\u00e9rit\u00e9 ?<\/h2>\r\n\r\n\r\n\r\n<p class=\"wp-block-paragraph\"><strong>Votre esprit a d\u00e9velopp\u00e9 des strat\u00e9gies sophistiqu\u00e9es d&rsquo;autoprotection <\/strong>qui se d\u00e9clenchent automatiquement face \u00e0 certaines r\u00e9alit\u00e9s. Ces processus inconscients filtrent litt\u00e9ralement votre perception du r\u00e9el. Comprendre ce fonctionnement mental vous aide \u00e0 saisir pourquoi vous refusez parfois d&rsquo;admettre des v\u00e9rit\u00e9s pourtant \u00e9videntes aux yeux des autres.<\/p>\r\n\r\n\r\n\r\n<h3 class=\"wp-block-heading\">Les m\u00e9canismes de d\u00e9fense qui vous prot\u00e8gent (trop bien)<\/h3>\r\n\r\n\r\n\r\n<p class=\"wp-block-paragraph\">Votre psychisme active le d\u00e9ni exactement au moment o\u00f9 une information menace de vous submerger \u00e9motionnellement. Cette blessure psychique potentielle d\u00e9clenche <strong>un syst\u00e8me de protection qui fonctionne de mani\u00e8re totalement inconsciente<\/strong>. Le processus s&rsquo;inscrit profond\u00e9ment dans votre cerveau, \u00e0 tel point que vous ne r\u00e9alisez m\u00eame pas ce qui se passe.<\/p>\r\n\r\n\r\n\r\n<p class=\"wp-block-paragraph\">Ce m\u00e9canisme d\u00e9fensif s&rsquo;av\u00e8re particuli\u00e8rement actif face aux situations extr\u00eamement douloureuses :\u00a0<\/p>\r\n\r\n\r\n\r\n<ul class=\"wp-block-list\">\r\n<li>l&rsquo;annonce d&rsquo;une maladie grave,\u00a0<\/li>\r\n\r\n\r\n\r\n<li>la perte d&rsquo;un \u00eatre cher,\u00a0<\/li>\r\n\r\n\r\n\r\n<li>ou encore<a href=\"https:\/\/cliniclesalpes.com\/fr\/blog\/comment-guerir-traumatisme-enfance\/\" target=\"_blank\" rel=\"noreferrer noopener\"> les traumatismes v\u00e9cus durant l&rsquo;enfance<\/a>.\u00a0<\/li>\r\n<\/ul>\r\n\r\n\r\n\r\n<p class=\"wp-block-paragraph\">Dans ces moments, votre esprit construit inconsciemment une barri\u00e8re entre vous et la r\u00e9alit\u00e9 insupportable.<\/p>\r\n\r\n\r\n\r\n<p class=\"wp-block-paragraph\"><strong>Seulement voil\u00e0, ce bouclier temporaire finit par vous enfermer <\/strong>dans une perception d\u00e9form\u00e9e de votre existence. Ce fonctionnement d\u00e9fensif, normal au d\u00e9part, se transforme progressivement en prison mentale quand il perdure des mois ou des ann\u00e9es.\u00a0<\/p>\r\n\r\n\r\n\r\n<div class=\"snippet-bait\">\r\n<p>Vous refusez de reconna\u00eetre des faits que votre entourage voit clairement.<\/p>\r\n<\/div>\r\n\r\n\r\n\r\n<h3 class=\"wp-block-heading\">La peur et la honte qui alimentent le refus de voir<\/h3>\r\n\r\n\r\n\r\n<p class=\"wp-block-paragraph\">Derri\u00e8re chaque d\u00e9ni se cachent des \u00e9motions puissantes qui renforcent ce refus de voir :<\/p>\r\n\r\n\r\n\r\n<ul class=\"wp-block-list\">\r\n<li><strong>La peur <\/strong>du jugement d&rsquo;autrui paralyse toute tentative d&rsquo;admettre un probl\u00e8me<\/li>\r\n\r\n\r\n\r\n<li><strong>La honte <\/strong>de reconna\u00eetre une faiblesse ou une d\u00e9pendance vous pousse \u00e0 nier l&rsquo;\u00e9vidence<\/li>\r\n\r\n\r\n\r\n<li><strong>L&rsquo;anxi\u00e9t\u00e9 <\/strong>face aux changements n\u00e9cessaires bloque toute prise de conscience<\/li>\r\n\r\n\r\n\r\n<li><strong>La culpabilit\u00e9 <\/strong>vous emp\u00eache d&rsquo;accepter votre part de responsabilit\u00e9 dans une situation<\/li>\r\n\r\n\r\n\r\n<li><strong>La terreur <\/strong>d&rsquo;affronter une v\u00e9rit\u00e9 douloureuse sur vous-m\u00eame renforce le m\u00e9canisme<\/li>\r\n<\/ul>\r\n\r\n\r\n\r\n<p class=\"wp-block-paragraph\"><strong>Ces sentiments cr\u00e9ent un cercle vicieux particuli\u00e8rement difficile \u00e0 briser<\/strong>. Votre esprit refuse d&rsquo;admettre la r\u00e9alit\u00e9 parce que cette reconnaissance impliquerait de ressentir ces \u00e9motions intenses. Par ailleurs, plus vous niez la situation, plus ces \u00e9motions s&rsquo;intensifient dans votre inconscient.<\/p>\r\n\r\n\r\n\r\n<p class=\"wp-block-paragraph\"><strong>Ce conflit interne se d\u00e9veloppe sans que vous en ayez conscience<\/strong>. Vous construisez ainsi une image de vous-m\u00eame et de votre vie qui ne correspond plus du tout \u00e0 la r\u00e9alit\u00e9 externe. Cette illusion vous prot\u00e8ge temporairement, certes, mais elle vous coupe aussi de votre propre v\u00e9rit\u00e9 et de la possibilit\u00e9 d&rsquo;agir sur votre existence.<\/p>\r\n\r\n\r\n\r\n<figure class=\"wp-block-image aligncenter size-full\"><img decoding=\"async\" class=\"wp-image-108875\" src=\"https:\/\/cliniclesalpes.com\/wp-content\/uploads\/2025\/12\/image-4.jpeg\" alt=\"processus inconscient du d\u00e9ni\" \/><\/figure>\r\n\r\n\r\n\r\n<h2 class=\"wp-block-heading\">Les cons\u00e9quences d\u00e9vastatrices du d\u00e9ni sur votre sant\u00e9 mentale<\/h2>\r\n\r\n\r\n\r\n<p class=\"wp-block-paragraph\">Ce bouclier mental cens\u00e9 vous prot\u00e9ger finit par se retourner contre vous avec une violence insoup\u00e7onn\u00e9e. Le d\u00e9ni prolong\u00e9 d\u00e9truit progressivement votre \u00e9quilibre psychologique sans que vous en preniez vraiment conscience. Votre refus d&rsquo;accepter certaines r\u00e9alit\u00e9s accumule une tension interne qui finit par exploser sous diff\u00e9rentes formes.<\/p>\r\n\r\n\r\n\r\n<p class=\"wp-block-paragraph\"><strong>Les cons\u00e9quences du d\u00e9ni sur votre sant\u00e9 mentale se manifestent ainsi <\/strong>:<\/p>\r\n\r\n\r\n\r\n<ul class=\"wp-block-list\">\r\n<li>Le stress chronique s&rsquo;installe durablement dans votre corps et votre esprit face \u00e0 cette r\u00e9alit\u00e9 que vous niez<\/li>\r\n\r\n\r\n\r\n<li>L&rsquo;anxi\u00e9t\u00e9 grandit de jour en jour sans raison apparente, parce que votre inconscient sait la v\u00e9rit\u00e9<\/li>\r\n\r\n\r\n\r\n<li>L&rsquo;isolement s&rsquo;intensifie progressivement : vous \u00e9vitez les personnes qui pourraient vous confronter \u00e0 la r\u00e9alit\u00e9<\/li>\r\n\r\n\r\n\r\n<li>La confiance en vous s&rsquo;\u00e9rode petit \u00e0 petit, car vous sentez au fond que quelque chose ne tourne pas rond<\/li>\r\n\r\n\r\n\r\n<li>Les relations avec votre famille et vos proches se d\u00e9gradent sans que vous compreniez pourquoi<\/li>\r\n\r\n\r\n\r\n<li>Votre perception de vous-m\u00eame se d\u00e9forme jusqu&rsquo;\u00e0 cr\u00e9er une repr\u00e9sentation totalement fauss\u00e9e de votre existence<\/li>\r\n<\/ul>\r\n\r\n\r\n\r\n<p class=\"wp-block-paragraph\">Ce m\u00e9canisme de protection initial d\u00e9clenche un<a href=\"https:\/\/cliniclesalpes.com\/fr\/blog\/comprendre-le-mal-etre-et-comment-clinic-les-alpes-peut-vous-aider\/\" target=\"_blank\" rel=\"noreferrer noopener\"> mal-\u00eatre profond<\/a> qui envahit tous les aspects de votre quotidien.\u00a0<\/p>\r\n\r\n\r\n\r\n<p class=\"wp-block-paragraph\">Certaines personnes basculent vers un<a href=\"https:\/\/cliniclesalpes.com\/fr\/blog\/effondrement-psychique\/\" target=\"_blank\" rel=\"noreferrer noopener\"> effondrement psychique<\/a> quand la r\u00e9alit\u00e9 finit par s&rsquo;imposer brutalement apr\u00e8s des ann\u00e9es de d\u00e9ni. D&rsquo;autres d\u00e9veloppent une d\u00e9pression s\u00e9v\u00e8re, une pathologie anxieuse ou des troubles psychosomatiques qui affectent directement leur corps.<\/p>\r\n\r\n\r\n\r\n<p class=\"wp-block-paragraph\">La souffrance psychique s&rsquo;amplifie avec le temps, parce que votre esprit d\u00e9pense une \u00e9nergie consid\u00e9rable \u00e0 maintenir cette illusion. Cette lutte int\u00e9rieure permanente vous \u00e9puise mentalement et physiquement. Votre personnalit\u00e9 change, votre attitude face au monde se durcit, et vous vous coupez progressivement de vos propres \u00e9motions authentiques.<\/p>\r\n\r\n\r\n\r\n<figure class=\"wp-block-image aligncenter size-full\"><img decoding=\"async\" class=\"wp-image-108873\" src=\"https:\/\/cliniclesalpes.com\/wp-content\/uploads\/2025\/12\/image-3.png\" alt=\"les \u00e9tapes du d\u00e9ni\" \/><\/figure>\r\n\r\n\r\n\r\n<h2 class=\"wp-block-heading\">Comment sortir du d\u00e9ni et accepter enfin la r\u00e9alit\u00e9 ?<\/h2>\r\n\r\n\r\n\r\n<p class=\"wp-block-paragraph\">Heureusement, rien n&rsquo;est fig\u00e9 dans votre fonctionnement mental. <strong>Sortir du d\u00e9ni demande du courage<\/strong>, mais ce premier pas vers la v\u00e9rit\u00e9 ouvre la voie \u00e0 une lib\u00e9ration profonde. Reconna\u00eetre la r\u00e9alit\u00e9, m\u00eame douloureuse, marque le d\u00e9but d&rsquo;une transformation authentique de votre vie et de votre bien-\u00eatre psychologique.<\/p>\r\n\r\n\r\n\r\n<h3 class=\"wp-block-heading\">Les \u00e9tapes pour faire face \u00e0 ce qui vous fait peur<\/h3>\r\n\r\n\r\n\r\n<p class=\"wp-block-paragraph\">Le cheminement vers la lucidit\u00e9 commence par une simple question : <strong>et si quelque chose m&rsquo;\u00e9chappait vraiment ?<\/strong> Cette interrogation initiale cr\u00e9e une petite br\u00e8che dans votre syst\u00e8me d\u00e9fensif. Vous n&rsquo;avez pas besoin d&rsquo;admettre imm\u00e9diatement toute la v\u00e9rit\u00e9, juste d&rsquo;accepter qu&rsquo;il existe peut-\u00eatre un probl\u00e8me que vous refusez de voir.<\/p>\r\n\r\n\r\n\r\n<p class=\"wp-block-paragraph\">Ensuite, <strong>parlez-en \u00e0 une personne de confiance<\/strong> qui saura vous \u00e9couter sans jugement. Choisissez quelqu&rsquo;un qui vous conna\u00eet bien et qui a peut-\u00eatre d\u00e9j\u00e0 tent\u00e9 de vous alerter. Cette premi\u00e8re verbalisation d\u00e9clenche un processus de prise de conscience progressif et moins brutal qu&rsquo;une r\u00e9v\u00e9lation soudaine.<\/p>\r\n\r\n\r\n\r\n<p class=\"wp-block-paragraph\">D&rsquo;autre part, <strong>consulter un psychologue ou un professionnel de sant\u00e9<\/strong> mentale acc\u00e9l\u00e8re \u00e9norm\u00e9ment ce travail d&rsquo;acceptation. Ces sp\u00e9cialistes accompagnent quotidiennement des personnes dans cette situation d\u00e9licate. Ils connaissent les r\u00e9sistances inconscientes et savent comment vous aider \u00e0 reconna\u00eetre la r\u00e9alit\u00e9 \u00e0 votre rythme.\u00a0<\/p>\r\n\r\n\r\n\r\n<h3 class=\"wp-block-heading\">L&rsquo;accompagnement professionnel pour briser le cycle<\/h3>\r\n\r\n\r\n\r\n<p class=\"wp-block-paragraph\">Un th\u00e9rapeute qualifi\u00e9 joue un r\u00f4le fondamental dans votre sortie du d\u00e9ni. Il cr\u00e9e <strong>un espace s\u00e9curisant o\u00f9 vous osez enfin regarder les v\u00e9rit\u00e9s<\/strong> que vous fuyez depuis si longtemps. Cette approche th\u00e9rapeutique respecte votre rythme et \u00e9vite la confrontation brutale qui risquerait de renforcer vos d\u00e9fenses psychiques.<\/p>\r\n\r\n\r\n\r\n<p class=\"wp-block-paragraph\">\u00c0 Clinic Les Alpes, notre \u00e9quipe pluridisciplinaire d\u00e9veloppe un accompagnement sp\u00e9cifiquement adapt\u00e9 aux personnes qui luttent avec le d\u00e9ni et ses effets n\u00e9fastes sur leur sant\u00e9 mentale :<\/p>\r\n\r\n\r\n\r\n<ul class=\"wp-block-list\">\r\n<li>Un environnement bienveillant et confidentiel qui favorise l&rsquo;ouverture et l&rsquo;introspection<\/li>\r\n\r\n\r\n\r\n<li>Un accompagnement personnalis\u00e9 par des psychiatres et des psychologues exp\u00e9riment\u00e9s<\/li>\r\n\r\n\r\n\r\n<li>Un cadre alpin apaisant qui facilite la reconnexion avec soi-m\u00eame<\/li>\r\n\r\n\r\n\r\n<li>Des th\u00e9rapies individuelles centr\u00e9es sur la reconstruction de votre perception de la r\u00e9alit\u00e9<\/li>\r\n\r\n\r\n\r\n<li>Un suivi post-s\u00e9jour qui s\u00e9curise votre nouveau rapport \u00e0 la v\u00e9rit\u00e9<\/li>\r\n<\/ul>\r\n\r\n\r\n\r\n<p class=\"wp-block-paragraph\">Nos th\u00e9rapeutes utilisent diff\u00e9rentes approches th\u00e9rapeutiques <strong>selon votre situation particuli\u00e8re<\/strong> : th\u00e9rapie cognitive, travail sur les blessures de l&rsquo;enfance, gestion des traumatismes. Chaque parcours est unique, parce que chaque forme de d\u00e9ni cache une souffrance singuli\u00e8re.<\/p>\r\n\r\n\r\n\r\n<p class=\"wp-block-paragraph\">Si vous reconnaissez ces m\u00e9canismes chez vous ou chez un proche,<a href=\"https:\/\/cliniclesalpes.com\/fr\/contactez-nous\/\" target=\"_blank\" rel=\"noreferrer noopener\"> contactez notre \u00e9quipe<\/a> d\u00e8s aujourd&rsquo;hui. Accepter d&rsquo;en parler repr\u00e9sente d\u00e9j\u00e0 un grand pas vers la gu\u00e9rison.<\/p>\r\n\r\n\r\n\r\n<figure class=\"wp-block-image aligncenter size-full\"><img decoding=\"async\" class=\"wp-image-108874\" src=\"https:\/\/cliniclesalpes.com\/wp-content\/uploads\/2025\/12\/image-4.png\" alt=\"Le parcours pour sortir du d\u00e9ni\" \/><\/figure>\r\n","protected":false},"excerpt":{"rendered":"<p>Votre entourage vous alerte depuis des mois, les signaux s&rsquo;accumulent, pourtant vous continuez \u00e0 nier l&rsquo;\u00e9vidence. Votre consommation d&rsquo;alcool devient probl\u00e9matique, votre relation vous d\u00e9truit, ou cette douleur physique cache peut-\u00eatre quelque chose de grave.\u00a0 Face \u00e0 une r\u00e9alit\u00e9 trop douloureuse, votre cerveau active un m\u00e9canisme de d\u00e9fense inconscient : le d\u00e9ni. Ce bouclier psychique [&hellip;]<\/p>\n","protected":false},"author":1,"featured_media":114030,"comment_status":"closed","ping_status":"closed","sticky":false,"template":"","format":"standard","meta":{"_acf_changed":false,"footnotes":""},"categories":[117],"tags":[],"class_list":["post-108872","post","type-post","status-publish","format-standard","has-post-thumbnail","hentry","category-sante-mentale-et-bien-etre"],"acf":[],"_links":{"self":[{"href":"https:\/\/cliniclesalpes.com\/fr\/wp-json\/wp\/v2\/posts\/108872","targetHints":{"allow":["GET"]}}],"collection":[{"href":"https:\/\/cliniclesalpes.com\/fr\/wp-json\/wp\/v2\/posts"}],"about":[{"href":"https:\/\/cliniclesalpes.com\/fr\/wp-json\/wp\/v2\/types\/post"}],"author":[{"embeddable":true,"href":"https:\/\/cliniclesalpes.com\/fr\/wp-json\/wp\/v2\/users\/1"}],"replies":[{"embeddable":true,"href":"https:\/\/cliniclesalpes.com\/fr\/wp-json\/wp\/v2\/comments?post=108872"}],"version-history":[{"count":2,"href":"https:\/\/cliniclesalpes.com\/fr\/wp-json\/wp\/v2\/posts\/108872\/revisions"}],"predecessor-version":[{"id":114034,"href":"https:\/\/cliniclesalpes.com\/fr\/wp-json\/wp\/v2\/posts\/108872\/revisions\/114034"}],"wp:featuredmedia":[{"embeddable":true,"href":"https:\/\/cliniclesalpes.com\/fr\/wp-json\/wp\/v2\/media\/114030"}],"wp:attachment":[{"href":"https:\/\/cliniclesalpes.com\/fr\/wp-json\/wp\/v2\/media?parent=108872"}],"wp:term":[{"taxonomy":"category","embeddable":true,"href":"https:\/\/cliniclesalpes.com\/fr\/wp-json\/wp\/v2\/categories?post=108872"},{"taxonomy":"post_tag","embeddable":true,"href":"https:\/\/cliniclesalpes.com\/fr\/wp-json\/wp\/v2\/tags?post=108872"}],"curies":[{"name":"wp","href":"https:\/\/api.w.org\/{rel}","templated":true}]}}