{"id":48016,"date":"2026-08-19T15:39:03","date_gmt":"2026-08-19T15:39:03","guid":{"rendered":"https:\/\/cliniclesalpes.com\/?p=48016"},"modified":"2026-08-19T17:26:16","modified_gmt":"2026-08-19T17:26:16","slug":"une-cure-pour-guerir-de-la-depression","status":"publish","type":"post","link":"https:\/\/cliniclesalpes.com\/fr\/blog\/2026\/08\/19\/une-cure-pour-guerir-de-la-depression\/","title":{"rendered":"Une cure pour gu\u00e9rir de la d\u00e9pression"},"content":{"rendered":"\n<p class=\"wp-block-paragraph\">La d\u00e9pression est une maladie silencieuse mais d\u00e9vastatrice qui touche <a href=\"https:\/\/www.who.int\/fr\/news-room\/fact-sheets\/detail\/depression#:~:text=On%20estime%20que%203%2C8%C2%A0%25%20de%20la%20population%20souffre%20de%20d%C3%A9pression%2C%20dont%205%C2%A0%25%20des%20adultes%20(4%C2%A0%25%20des%20hommes%20et%206%C2%A0%25%20des%20femmes)%20et%205%2C7%C2%A0%25%20des%20personnes%20de%20plus%20de%2060%C2%A0ans.%20%C3%80%20l%E2%80%99%C3%A9chelle%20mondiale%2C%20environ%20280%C2%A0millions%20de%20personnes%20souffrent%20de%20d%C3%A9pression%20(1).\" target=\"_blank\" rel=\"noreferrer noopener\">des millions de personnes \u00e0 travers le monde<\/a>, sapant leur \u00e9nergie, leur motivation et leur joie de vivre.<\/p>\n\n\n\n<p class=\"wp-block-paragraph\">Cet article vise \u00e0 d\u00e9mystifier ce qu\u2019est la d\u00e9pression et \u00e0 encourager toute personne en souffrance \u00e0 chercher du soutien. D\u00e9couvrez comment une cure, comme celle propos\u00e9e par Clinic Les Alpes, peut changer une vie.<\/p>\n\n\n\n<h2 class=\"wp-block-heading\">Une maladie plurielle et complexe<\/h2>\n\n\n\n<h3 class=\"wp-block-heading\">Comprendre la d\u00e9pression<\/h3>\n\n\n\n<p class=\"wp-block-paragraph\">La d\u00e9pression &#8211; aussi appel\u00e9e <strong>d\u00e9pression nerveuse ou trouble d\u00e9pressif<\/strong> \u2013 est une affection complexe, caract\u00e9ris\u00e9e par une tristesse persistante, un manque d&rsquo;int\u00e9r\u00eat pour les activit\u00e9s quotidiennes et une perte d&rsquo;\u00e9nergie.<\/p>\n\n\n\n<p class=\"wp-block-paragraph\">Ce trouble est <a href=\"https:\/\/institutducerveau-icm.org\/fr\/depression\/#:~:text=la%20d%C3%A9pression%20est%20v%C3%A9ritablement%20reconnue%20comme%20une%20maladie%20du%20cerveau%20au%20m%C3%AAme%20titre%20que%20les%20maladies%20neurologiques%20comme%20les%20maladies%20de%20Parkinson%20ou%20d%E2%80%99Alzheimer.\" target=\"_blank\" rel=\"noreferrer noopener\">reconnu comme une maladie psychique<\/a> particuli\u00e8rement complexe, car ses origines sont en g\u00e9n\u00e9ral multiples et elle s\u2019entrelace ais\u00e9ment avec d\u2019autres troubles ou comportements addictifs.<\/p>\n\n\n\n<p class=\"wp-block-paragraph\">En effet, elle peut \u00eatre caus\u00e9e par une combinaison de&nbsp;:<\/p>\n\n\n\n<ul class=\"wp-block-list\">\n<li><strong>facteurs biologiques<\/strong>\u00a0: g\u00e9n\u00e9tique, d\u00e9r\u00e8glements hormonaux ou d\u00e9s\u00e9quilibres des neurotransmetteurs<\/li>\n\n\n\n<li><strong>facteurs psychologiques<\/strong>\u00a0: anxi\u00e9t\u00e9, traumatismes, stress chronique, burn-out et troubles mentaux<\/li>\n\n\n\n<li><strong>facteurs sociaux<\/strong>\u00a0: manque de soutien, pauvret\u00e9, discrimination et exclusion sociale<\/li>\n<\/ul>\n\n\n\n<p class=\"wp-block-paragraph\">De nombreux mythes entourent la d\u00e9pression. Certains pensent qu&rsquo;elle est simplement une question de volont\u00e9 ou de faiblesse, d\u2019autres qu\u2019elle ne concerne que les personnes \u00e2g\u00e9es ou encore qu\u2019il est impossible d\u2019en gu\u00e9rir. <strong>Toutes ces id\u00e9es sont fausses et doivent \u00eatre d\u00e9construites<\/strong> pour aider les personnes souffrant de d\u00e9pression \u00e0 \u00eatre mieux comprises.<\/p>\n\n\n\n<h3 class=\"wp-block-heading\">Comment identifier les sympt\u00f4mes&nbsp;?<\/h3>\n\n\n\n<p class=\"wp-block-paragraph\">Les sympt\u00f4mes de la d\u00e9pression varient d&rsquo;une personne \u00e0 l&rsquo;autre, d\u2019autant plus qu\u2019il existe une grande vari\u00e9t\u00e9 de troubles d\u00e9pressifs. N\u00e9anmoins, <a href=\"https:\/\/www.msdmanuals.com\/fr\/professional\/troubles-psychiatriques\/troubles-de-l-humeur\/troubles-d%C3%A9pressifs#Symptomatologie_v1028029_fr\" target=\"_blank\" rel=\"noreferrer noopener\">le manuel MSD<\/a>, une r\u00e9f\u00e9rence en psychiatrie, d\u00e9nombre des sympt\u00f4mes communs\u00a0:<\/p>\n\n\n\n<ul class=\"wp-block-list\">\n<li><strong>Un sentiment de tristesse et de d\u00e9sespoir<\/strong> qui persiste<\/li>\n\n\n\n<li><strong>Une perte d\u2019int\u00e9r\u00eat ou de plaisir<\/strong> dans presque toutes les activit\u00e9s<\/li>\n\n\n\n<li><strong>Des troubles de l\u2019app\u00e9tit<\/strong> marqu\u00e9s par une augmentation ou une perte de poids significative<\/li>\n\n\n\n<li><strong>Des troubles du sommeil<\/strong> (insomnie ou hypersomnie) entra\u00eenant une fatigue chronique<\/li>\n\n\n\n<li><strong>Une estime de soi rabaiss\u00e9e<\/strong> avec des sentiments de d\u00e9valorisation, d\u2019inutilit\u00e9 ou de culpabilit\u00e9<\/li>\n\n\n\n<li><strong>Des troubles de l\u2019attention<\/strong> soulign\u00e9s par une difficult\u00e9 \u00e0 se concentrer ou une agitation forte<\/li>\n\n\n\n<li><strong>Des ralentissements psychomoteurs<\/strong> notables, notamment dans les gestes et la parole<\/li>\n\n\n\n<li><strong>Des pens\u00e9es sombres<\/strong> et r\u00e9currentes \u00e0 la mort allant jusqu\u2019\u00e0 la tentative de suicide<\/li>\n<\/ul>\n\n\n\n<p class=\"wp-block-paragraph\">Selon l\u2019intensit\u00e9 du trouble et les circonstances, le diagnostic pour d\u00e9terminer si une personne fait face \u00e0 une baisse de moral passag\u00e8re ou \u00e0 une d\u00e9pression est plus ou moins subtil.<\/p>\n\n\n\n<p class=\"wp-block-paragraph\">Des outils de d\u00e9pistage sous forme de questionnaires permettent de confirmer ou d\u2019infirmer un trouble d\u00e9pressif. Ils sont particuli\u00e8rement utiles pour estimer son niveau (faible, mod\u00e9r\u00e9 ou s\u00e9v\u00e8re) et <strong>orienter le patient vers le traitement ad\u00e9quat<\/strong>.<\/p>\n\n\n\n<h3 class=\"wp-block-heading\">Les impacts et cons\u00e9quences de la d\u00e9pression<\/h3>\n\n\n\n<p class=\"wp-block-paragraph\">Au-del\u00e0 de la souffrance psychologique, les troubles d\u00e9pressifs <strong>entra\u00eenent un cort\u00e8ge de cons\u00e9quences n\u00e9fastes<\/strong> qui touchent tous les aspects de l&rsquo;existence. La maladie a des retentissements directs sur la personne concern\u00e9e et son entourage.<\/p>\n\n\n\n<p class=\"wp-block-paragraph\">Sur le plan somatique, la sant\u00e9 est fortement impact\u00e9e par l\u2019alt\u00e9ration des fonctions c\u00e9r\u00e9brales, la tendance \u00e0 n\u00e9gliger sa sant\u00e9 ou encore l\u2019envie de se r\u00e9fugier dans la consommation de substances nocives. <strong>Des affections psychosomatiques apparaissent<\/strong> et, dans certains cas, les deux troubles se nourrissent mutuellement, cr\u00e9ant un cercle vicieux difficile \u00e0 rompre.<\/p>\n\n\n\n<p class=\"wp-block-paragraph\">M\u00e9caniquement, la d\u00e9pression <strong>augmente le risque de maladies cardiovasculaires<\/strong>. Pour les personnes souffrant de maladies (diab\u00e8te, cancer, etc.), le trouble d\u00e9pressif alt\u00e8re n\u00e9gativement le pronostic des patients.<\/p>\n\n\n\n<p class=\"wp-block-paragraph\">Enfin, l\u2019une des cons\u00e9quences tout aussi graves est l\u2019un des risques les plus redout\u00e9s dans une maladie d\u00e9pressive&nbsp;:&nbsp;<strong>le suicide<\/strong>.<\/p>\n\n\n\n<h2 class=\"wp-block-heading\">La cure pour lutter contre la d\u00e9pression \u00e0 Clinic Les Alpes<\/h2>\n\n\n\n<p class=\"wp-block-paragraph\">Si vous souffrez ou pensez souffrir de d\u00e9pression, nous comprenons que vous traversez des moments tr\u00e8s compliqu\u00e9s. Le fait de vous renseigner sur les soins possibles et d\u2019envisager une cure est <strong>le symbole de beaucoup de courage et de force<\/strong>. Nous sommes l\u00e0 pour vous aider.<\/p>\n\n\n\n<h3 class=\"wp-block-heading\">Une cure dans un centre de soin de renomm\u00e9e internationale<\/h3>\n\n\n\n<p class=\"wp-block-paragraph\">Clinic Les Alpes est un centre d\u2019addictologie de renomm\u00e9e internationale. Nous sommes sp\u00e9cialis\u00e9s dans la prise en charge <a href=\"https:\/\/cliniclesalpes.com\/fr\/nous-traitons\/sante-mentale\/approfondissez-votre-connaissance\/\" target=\"_blank\" rel=\"noreferrer noopener\">des troubles de la sant\u00e9 mentale<\/a> et <a href=\"https:\/\/cliniclesalpes.com\/fr\/nous-traitons\/dependances\/\" target=\"_blank\" rel=\"noreferrer noopener\">des addictions<\/a> mettant en avant une approche holistique et un service haut de gamme pour recouvrer pleinement l&rsquo;\u00e9quilibre \u00e9motionnel.<\/p>\n\n\n\n<p class=\"wp-block-paragraph\">Situ\u00e9e dans un cadre alpin serein, loin du stress, la clinique offre <a href=\"https:\/\/cliniclesalpes.com\/fr\/la-clinique\/situation\/\" target=\"_blank\" rel=\"noreferrer noopener\">un environnement propice \u00e0 la gu\u00e9rison<\/a>. Avec une \u00e9quipe m\u00e9dicale (m\u00e9decin, psychologue, psychiatre et infirmier) et th\u00e9rapeutique (th\u00e9rapeute, nutritionniste, coach sportif) hautement qualifi\u00e9e, nous consacrons toutes nos ressources \u00e0 fournir des soins individualis\u00e9s et complets.<\/p>\n\n\n\n<h3 class=\"wp-block-heading\">Le parcours de soins<\/h3>\n\n\n\n<p class=\"wp-block-paragraph\">La premi\u00e8re \u00e9tape de la cure contre la d\u00e9pression \u00e0 Clinic Les Alpes est <strong>une \u00e9valuation approfondie<\/strong>. Cette phase permet de comprendre en d\u00e9tail la situation de chaque patient, en tenant compte de son histoire personnelle, de ses sympt\u00f4mes, et de ses ant\u00e9c\u00e9dents m\u00e9dicaux.<\/p>\n\n\n\n<p class=\"wp-block-paragraph\">Gr\u00e2ce \u00e0 plusieurs <strong>\u00e9changes honn\u00eates et bienveillants <\/strong>entre l\u2019\u00e9quipe m\u00e9dicale et th\u00e9rapeutique, et le patient, nous \u00e9tablissons un plan de traitement personnalis\u00e9 qui sera le fil conducteur tout au long du processus de gu\u00e9rison.<\/p>\n\n\n\n<p class=\"wp-block-paragraph\">La seconde \u00e9tape est la phase de traitement du trouble d\u00e9pressif. Durant plusieurs semaines, nous adoptons une m\u00e9thodologie qui combine <strong>la m\u00e9decine occidentale conventionnelle et des th\u00e9rapies compl\u00e9mentaires<\/strong> pour tirer les bienfaits d\u2019une approche compl\u00e8te.<\/p>\n\n\n\n<p class=\"wp-block-paragraph\">En effet, si le traitement m\u00e9dicamenteux permet de stabiliser l&rsquo;humeur et de r\u00e9duire les sympt\u00f4mes d\u00e9pressifs, les th\u00e9rapies nourrissent quant \u00e0 elles les dimensions \u00e9motionnelles, mentales et spirituelles du patient.<\/p>\n\n\n\n<p class=\"wp-block-paragraph\">Clinic Les Alpes propose <a href=\"https:\/\/cliniclesalpes.com\/fr\/traitement-et-therapies\/therapies-de-retablissement\/\" target=\"_blank\" rel=\"noreferrer noopener\">de nombreuses th\u00e9rapies<\/a> qui ont un double objectif\u00a0:\u00a0traiter les sympt\u00f4mes de la d\u00e9pression et mettre en lumi\u00e8re les d\u00e9clencheurs pour une gu\u00e9rison durable. Chaque th\u00e9rapie est choisie pour r\u00e9pondre aux besoins sp\u00e9cifiques de la personne\u00a0:\u00a0psychoth\u00e9rapie NARM, art-th\u00e9rapie, th\u00e9rapie \u00e9quine, m\u00e9decine ayurv\u00e9dique\u2026<\/p>\n\n\n\n<p class=\"wp-block-paragraph\">Dans le cadre des troubles d\u00e9pressifs, la phase d\u2019\u00e9valuation peut soulever d\u2019autres troubles de sant\u00e9 mentale ou des comportements addictifs (alcool, drogues, m\u00e9dicaments, etc.). On parle de <a href=\"https:\/\/cliniclesalpes.com\/fr\/nous-traitons\/sante-mentale\/troubles-co-existants\/\" target=\"_blank\" rel=\"noreferrer noopener\">troubles coexistants<\/a>. Il est alors crucial que le parcours de soin fasse appel \u00e0 tous les sp\u00e9cialistes n\u00e9cessaires pour r\u00e9tablir le bien-\u00eatre g\u00e9n\u00e9ral du patient.<\/p>\n\n\n\n<p class=\"wp-block-paragraph\">Le m\u00e9decin et toute l\u2019\u00e9quipe m\u00e9dicale sont particuli\u00e8rement vigilants aux affections psychosomatiques qui peuvent tout autant \u00eatre des causes que des cons\u00e9quences de la d\u00e9pression. Elles doivent \u00eatre parfaitement prises en compte dans le programme de soins et trait\u00e9es pendant la cure.<\/p>\n\n\n\n<p class=\"wp-block-paragraph\">Enfin, la derni\u00e8re \u00e9tape est l\u2019accompagnement vers la sortie du centre. Le suivi post-cure est une \u00e9tape incontournable pour <strong>garantir le succ\u00e8s \u00e0 long terme du traitement<\/strong>. Nos th\u00e9rapeutes pr\u00e9parent les patients sur tous les aspects critiques pour le retour \u00e0 la vie quotidienne.<\/p>\n\n\n\n<p class=\"wp-block-paragraph\">Des conseils pratiques pour adopter un mode de vie sain (sommeil, r\u00e9gime alimentaire, condition physique, etc.) aux ateliers \u00e9ducatifs sur la sant\u00e9 mentale, en passant par les s\u00e9ances de yoga et m\u00e9ditation, tout est mis en place pour que le patient soit <strong>arm\u00e9 face aux risques de rechute<\/strong> une fois sorti de cure.<\/p>\n\n\n\n<h3 class=\"wp-block-heading\">Pourquoi choisir Clinic Les Alpes&nbsp;?<\/h3>\n\n\n\n<p class=\"wp-block-paragraph\">Ce qui distingue Clinic Les Alpes, c\u2019est sa philosophie unique&nbsp;et notamment&nbsp;:<\/p>\n\n\n\n<ul class=\"wp-block-list\">\n<li><strong>Le cadre id\u00e9al<\/strong>\u00a0:\u00a0Clinic Les Alpes est nich\u00e9 dans un environnement paisible et propice \u00e0 la s\u00e9r\u00e9nit\u00e9, point de d\u00e9part d\u2019une th\u00e9rapie par la nature.<\/li>\n\n\n\n<li><strong>L\u2019approche holistique<\/strong>\u00a0:\u00a0la prise en compte de toutes les dimensions de l&rsquo;\u00eatre humain est au c\u0153ur de notre philosophie, favorisant une gu\u00e9rison durable.<\/li>\n\n\n\n<li><strong>Le traitement individualis\u00e9<\/strong>\u00a0:\u00a0convaincus que chaque patient est unique, nous mettons l&rsquo;accent sur une approche personnalis\u00e9e qui r\u00e9pond aux besoins sp\u00e9cifiques de chaque individu.<\/li>\n\n\n\n<li><strong>L\u2019\u00e9quipe attentive et bienveillante<\/strong>\u00a0:\u00a0les patients b\u00e9n\u00e9ficient d&rsquo;une attention constante et d&rsquo;un soutien ind\u00e9fectible de la part d&rsquo;une \u00e9quipe pluridisciplinaire qui travaille main dans la main avec eux.<\/li>\n<\/ul>\n\n\n\n<h2 class=\"wp-block-heading\">Conclusion<\/h2>\n\n\n\n<p class=\"wp-block-paragraph\">Reconna\u00eetre la d\u00e9pression est la premi\u00e8re \u00e9tape vers la gu\u00e9rison. Ne surtout pas succomber aux id\u00e9es re\u00e7ues d\u2019une saute d\u2019humeur passag\u00e8re li\u00e9e \u00e0 l\u2019anxi\u00e9t\u00e9, au stress ou au burn-out.<\/p>\n\n\n\n<p class=\"wp-block-paragraph\">La d\u00e9pression est une maladie redoutable, mais <strong>elle n&rsquo;est pas une sentence \u00e0 vie<\/strong>. Si vous souffrez, demandez de l\u2019aide et envisagez sereinement une cure.<\/p>\n\n\n\n<p class=\"wp-block-paragraph\">Gr\u00e2ce \u00e0 votre volont\u00e9 d\u2019en sortir et \u00e0 l\u2019aide de sp\u00e9cialistes comme Clinic Les Alpes, vous serez <strong>capable de r\u00e9tablir les d\u00e9s\u00e9quilibres dans votre vie<\/strong> et d\u2019insuffler une nouvelle dynamique.<\/p>\n","protected":false},"excerpt":{"rendered":"<p>La d\u00e9pression est une maladie silencieuse mais d\u00e9vastatrice qui touche des millions de personnes \u00e0 travers le monde, sapant leur \u00e9nergie, leur motivation et leur joie de vivre. Cet article vise \u00e0 d\u00e9mystifier ce qu\u2019est la d\u00e9pression et \u00e0 encourager toute personne en souffrance \u00e0 chercher du soutien. D\u00e9couvrez comment une cure, comme celle propos\u00e9e [&hellip;]<\/p>\n","protected":false},"author":1,"featured_media":48207,"comment_status":"closed","ping_status":"closed","sticky":false,"template":"","format":"standard","meta":{"_acf_changed":false,"footnotes":""},"categories":[117],"tags":[],"class_list":["post-48016","post","type-post","status-publish","format-standard","has-post-thumbnail","hentry","category-sante-mentale-et-bien-etre"],"acf":[],"_links":{"self":[{"href":"https:\/\/cliniclesalpes.com\/fr\/wp-json\/wp\/v2\/posts\/48016","targetHints":{"allow":["GET"]}}],"collection":[{"href":"https:\/\/cliniclesalpes.com\/fr\/wp-json\/wp\/v2\/posts"}],"about":[{"href":"https:\/\/cliniclesalpes.com\/fr\/wp-json\/wp\/v2\/types\/post"}],"author":[{"embeddable":true,"href":"https:\/\/cliniclesalpes.com\/fr\/wp-json\/wp\/v2\/users\/1"}],"replies":[{"embeddable":true,"href":"https:\/\/cliniclesalpes.com\/fr\/wp-json\/wp\/v2\/comments?post=48016"}],"version-history":[{"count":1,"href":"https:\/\/cliniclesalpes.com\/fr\/wp-json\/wp\/v2\/posts\/48016\/revisions"}],"predecessor-version":[{"id":113958,"href":"https:\/\/cliniclesalpes.com\/fr\/wp-json\/wp\/v2\/posts\/48016\/revisions\/113958"}],"wp:featuredmedia":[{"embeddable":true,"href":"https:\/\/cliniclesalpes.com\/fr\/wp-json\/wp\/v2\/media\/48207"}],"wp:attachment":[{"href":"https:\/\/cliniclesalpes.com\/fr\/wp-json\/wp\/v2\/media?parent=48016"}],"wp:term":[{"taxonomy":"category","embeddable":true,"href":"https:\/\/cliniclesalpes.com\/fr\/wp-json\/wp\/v2\/categories?post=48016"},{"taxonomy":"post_tag","embeddable":true,"href":"https:\/\/cliniclesalpes.com\/fr\/wp-json\/wp\/v2\/tags?post=48016"}],"curies":[{"name":"wp","href":"https:\/\/api.w.org\/{rel}","templated":true}]}}