{"id":74244,"date":"2026-08-19T15:38:13","date_gmt":"2026-08-19T15:38:13","guid":{"rendered":"https:\/\/cliniclesalpes.com\/?p=74244"},"modified":"2026-08-19T17:30:24","modified_gmt":"2026-08-19T17:30:24","slug":"education-sur-les-dangers-des-substances-psychoactives","status":"publish","type":"post","link":"https:\/\/cliniclesalpes.com\/fr\/blog\/2026\/08\/19\/education-sur-les-dangers-des-substances-psychoactives\/","title":{"rendered":"\u00c9ducation sur les dangers des substances psychoactives"},"content":{"rendered":"\r\n<p class=\"wp-block-paragraph\">Les substances psychoactives d\u00e9truisent des vies chaque jour en France. De l&rsquo;alcool aux drogues dures, en passant par le tabac et le cannabis, ces produits exercent leur emprise sur des millions de personnes. La consommation d\u00e9bute souvent d\u00e8s l&rsquo;adolescence, lors des premi\u00e8res exp\u00e9rimentations en milieu scolaire. Sans \u00e9ducation ni pr\u00e9vention adapt\u00e9e, le risque de d\u00e9pendance augmente drastiquement.<\/p>\r\n\r\n\r\n\r\n<p class=\"wp-block-paragraph\">Face \u00e0 cette r\u00e9alit\u00e9, Clinic Les Alpes mobilise son expertise pour accompagner les personnes touch\u00e9es par l&rsquo;addiction. Notre \u00e9tablissement d\u00e9veloppe des programmes de prise en charge personnalis\u00e9s, bas\u00e9s sur les derni\u00e8res avanc\u00e9es en mati\u00e8re de sant\u00e9. Notre \u00e9quipe de professionnels ma\u00eetrise les techniques les plus efficaces pour traiter la d\u00e9pendance aux substances psychoactives et pr\u00e9venir les rechutes.<\/p>\r\n\r\n\r\n\r\n<p class=\"wp-block-paragraph\">Mais d\u2019abord, examinons le d\u00e9veloppement d\u2019une substance addictive au niveau du cerveau.<\/p>\r\n\r\n\r\n\r\n<figure class=\"wp-block-image size-full\"><img decoding=\"async\" class=\"wp-image-74246\" src=\"https:\/\/cliniclesalpes.com\/wp-content\/uploads\/2025\/03\/education-substances-psychoactives.webp\" alt=\"\" \/><\/figure>\r\n\r\n\r\n\r\n<h2 class=\"wp-block-heading\">Les m\u00e9canismes des substances psychoactives sur le cerveau<\/h2>\r\n\r\n\r\n\r\n<p class=\"wp-block-paragraph\"><strong>Le cerveau humain r\u00e9agit de mani\u00e8re complexe aux substances psychoactives<\/strong>. Ces produits modifient profond\u00e9ment l&rsquo;\u00e9quilibre chimique c\u00e9r\u00e9bral d\u00e8s la premi\u00e8re consommation. La pr\u00e9cocit\u00e9 de la consommation, particuli\u00e8rement chez les adolescents et jeunes adultes, augmente la vuln\u00e9rabilit\u00e9 du cerveau face aux alt\u00e9rations neurologiques.<\/p>\r\n\r\n\r\n\r\n<h3 class=\"wp-block-heading\">Les modifications du syst\u00e8me de r\u00e9compense<\/h3>\r\n\r\n\r\n\r\n<p class=\"wp-block-paragraph\"><strong>Les substances psychoactives ciblent directement le circuit de la r\u00e9compense dans le cerveau<\/strong>. Cette zone neurologique, situ\u00e9e dans le syst\u00e8me limbique, lib\u00e8re naturellement de la dopamine lors d&rsquo;exp\u00e9riences agr\u00e9ables (repas, activit\u00e9 physique, relations sociales\u2026). Les drogues provoquent une lib\u00e9ration massive et artificielle de ce neurotransmetteur.<\/p>\r\n\r\n\r\n\r\n<figure class=\"wp-block-image size-full\"><img decoding=\"async\" class=\"wp-image-74247\" src=\"https:\/\/cliniclesalpes.com\/wp-content\/uploads\/2025\/03\/image.png\" alt=\"\" \/><\/figure>\r\n\r\n\r\n\r\n<p class=\"wp-block-paragraph\">Le cerveau s&rsquo;adapte \u00e0 ces pics de dopamine en r\u00e9duisant sa production naturelle. Cette adaptation cr\u00e9e un d\u00e9s\u00e9quilibre\u00a0: seule la substance r\u00e9ussit \u00e0 g\u00e9n\u00e9rer du plaisir. La personne perd sa sensibilit\u00e9 aux r\u00e9compenses naturelles et <strong>d\u00e9veloppe une consommation probl\u00e9matique<\/strong>.<\/p>\r\n\r\n\r\n\r\n<p class=\"wp-block-paragraph\">Les adolescents pr\u00e9sentent une sensibilit\u00e9 accrue \u00e0 ces modifications. Leur cerveau, <strong>encore en formation jusqu&rsquo;\u00e0 l&rsquo;\u00e2ge adulte<\/strong>, d\u00e9veloppe plus rapidement une d\u00e9pendance physique. Cette vuln\u00e9rabilit\u00e9 n\u00e9cessite une pr\u00e9vention adapt\u00e9e en milieu scolaire, de l&rsquo;\u00e9cole \u00e0 l&rsquo;enseignement sup\u00e9rieur.<\/p>\r\n\r\n\r\n\r\n<h3 class=\"wp-block-heading\">Les alt\u00e9rations cognitives et comportementales<\/h3>\r\n\r\n\r\n\r\n<p class=\"wp-block-paragraph\"><strong>Les substances psychoactives alt\u00e8rent les capacit\u00e9s cognitives <\/strong>essentielles \u00e0 la r\u00e9ussite scolaire et professionnelle\u00a0:<\/p>\r\n\r\n\r\n\r\n<ul class=\"wp-block-list\">\r\n<li>La m\u00e9moire \u00e0 court terme diminue<\/li>\r\n\r\n\r\n\r\n<li>La concentration devient difficile<\/li>\r\n\r\n\r\n\r\n<li>Les capacit\u00e9s d&rsquo;apprentissage baissent<\/li>\r\n\r\n\r\n\r\n<li>Le jugement et la prise de d\u00e9cision se d\u00e9gradent<\/li>\r\n<\/ul>\r\n\r\n\r\n\r\n<p class=\"wp-block-paragraph\">Ces troubles cognitifs affectent directement les r\u00e9sultats scolaires des \u00e9l\u00e8ves et lyc\u00e9ens consommateurs. Dans le cadre professionnel, la baisse de productivit\u00e9 et les accidents du travail augmentent chez les salari\u00e9s sous l&#8217;emprise de substances.<\/p>\r\n\r\n\r\n\r\n<p class=\"wp-block-paragraph\"><strong>Les changements comportementaux fragilisent aussi l&rsquo;environnement social<\/strong>. L&rsquo;irritabilit\u00e9, l&rsquo;agressivit\u00e9 et l&rsquo;isolement deviennent la norme. Les liens avec la famille et les amis se d\u00e9t\u00e9riorent. Le consommateur s&rsquo;\u00e9loigne de ses activit\u00e9s habituelles au profit de sa consommation.<\/p>\r\n\r\n\r\n\r\n<p class=\"wp-block-paragraph\">La sensibilisation aux m\u00e9canismes c\u00e9r\u00e9braux des addictions constitue un facteur de protection. Les acteurs de l&rsquo;\u00e9ducation nationale, en partenariat avec des professionnels de sant\u00e9, m\u00e8nent des actions de pr\u00e9vention d\u00e8s le plus jeune \u00e2ge. <strong>Cette \u00e9ducation \u00e0 la sant\u00e9 aide les jeunes \u00e0 comprendre les risques<\/strong> et \u00e0 d\u00e9velopper leur esprit critique face aux substances psychoactives.<\/p>\r\n\r\n\r\n\r\n<figure class=\"wp-block-image size-full\"><img decoding=\"async\" class=\"wp-image-74248\" src=\"https:\/\/cliniclesalpes.com\/wp-content\/uploads\/2025\/03\/image-1.png\" alt=\"\" \/><\/figure>\r\n\r\n\r\n\r\n<h2 class=\"wp-block-heading\">Les dangers physiques et psychologiques<\/h2>\r\n\r\n\r\n\r\n<p class=\"wp-block-paragraph\">L&rsquo;usage r\u00e9gulier de substances psychoactives d\u00e9clenche de multiples atteintes \u00e0 la sant\u00e9. La pr\u00e9vention des m\u00e9faits li\u00e9s \u00e0 ces consommations demande une connaissance pr\u00e9cise des risques sanitaires. <strong>De nombreuses \u00e9tudes en mati\u00e8re de sant\u00e9 publique documentent ces effets d\u00e9l\u00e9t\u00e8res<\/strong>.<\/p>\r\n\r\n\r\n\r\n<h3 class=\"wp-block-heading\">Les atteintes \u00e0 la sant\u00e9 physique<\/h3>\r\n\r\n\r\n\r\n<p class=\"wp-block-paragraph\">Les substances psychoactives fragilisent l&rsquo;organisme \u00e0 plusieurs niveaux. <strong>Chaque produit g\u00e9n\u00e8re des dommages sp\u00e9cifiques\u00a0<\/strong>:<\/p>\r\n\r\n\r\n\r\n<ul class=\"wp-block-list\">\r\n<li><a href=\"https:\/\/cliniclesalpes.com\/fr\/blog\/le-meilleur-traitement-pour-vaincre-lalcoolisme-et-se-reconstruire\/\" target=\"_blank\" rel=\"noreferrer noopener\">L&rsquo;alcool<\/a> attaque le foie, le syst\u00e8me cardiovasculaire et le cerveau<\/li>\r\n\r\n\r\n\r\n<li>Le tabac d\u00e9t\u00e9riore les poumons, la circulation sanguine et augmente les risques de cancers<\/li>\r\n\r\n\r\n\r\n<li><a href=\"https:\/\/cliniclesalpes.com\/fr\/blog\/choisir-clinic-les-alpes-pour-votre-cure-de-desintoxication-du-cannabis\/\" target=\"_blank\" rel=\"noreferrer noopener\">Le cannabis<\/a> affecte le syst\u00e8me respiratoire et les fonctions cognitives<\/li>\r\n\r\n\r\n\r\n<li>La coca\u00efne d\u00e9grade le syst\u00e8me cardiovasculaire et le tissu c\u00e9r\u00e9bral<\/li>\r\n\r\n\r\n\r\n<li>Les opio\u00efdes alt\u00e8rent le syst\u00e8me nerveux central et les fonctions respiratoires<\/li>\r\n\r\n\r\n\r\n<li>Les amph\u00e9tamines \u00e9puisent le syst\u00e8me nerveux et cardiovasculaire<\/li>\r\n\r\n\r\n\r\n<li><a href=\"https:\/\/cliniclesalpes.com\/fr\/blog\/un-centre-de-traitement-en-cas-de-dependance-a-lecstasy\/\" target=\"_blank\" rel=\"noreferrer noopener\">L&rsquo;ecstasy<\/a> (MDMA) endommage le cerveau et le syst\u00e8me cardiaque<\/li>\r\n<\/ul>\r\n\r\n\r\n\r\n<p class=\"wp-block-paragraph\">Voici un tableau r\u00e9capitulatif des principaux effets par substance :<\/p>\r\n\r\n\r\n\r\n<table class=\"redac-table\">\r\n<thead>\r\n<tr>\r\n<th>Substance<\/th>\r\n<th>Effets \u00e0 court terme<\/th>\r\n<th>Effets \u00e0 long terme<\/th>\r\n<\/tr>\r\n<\/thead>\r\n<tbody>\r\n<tr>\r\n<td>Alcool<\/td>\r\n<td>Coordination r\u00e9duite, naus\u00e9es<\/td>\r\n<td>Cirrhose, troubles cardiaques<\/td>\r\n<\/tr>\r\n<tr>\r\n<td>Tabac<\/td>\r\n<td>Toux, essoufflement<\/td>\r\n<td>Cancer, maladies pulmonaires<\/td>\r\n<\/tr>\r\n<tr>\r\n<td>Cannabis<\/td>\r\n<td>M\u00e9moire alt\u00e9r\u00e9e, anxi\u00e9t\u00e9<\/td>\r\n<td>D\u00e9pression, troubles cognitifs<\/td>\r\n<\/tr>\r\n<tr>\r\n<td>Coca\u00efne<\/td>\r\n<td>Euphorie, tachycardie<\/td>\r\n<td>L\u00e9sions cardiaques, psychose<\/td>\r\n<\/tr>\r\n<tr>\r\n<td>Opio\u00efdes<\/td>\r\n<td>Somnolence, ralentissement respiratoire<\/td>\r\n<td>D\u00e9pendance s\u00e9v\u00e8re, risque d\u2019overdose<\/td>\r\n<\/tr>\r\n<tr>\r\n<td>Amph\u00e9tamines<\/td>\r\n<td>Excitation, insomnie<\/td>\r\n<td>Troubles psychotiques, cardiopathies<\/td>\r\n<\/tr>\r\n<tr>\r\n<td>Ecstasy<\/td>\r\n<td>D\u00e9shydratation, hyperthermie<\/td>\r\n<td>Dommages c\u00e9r\u00e9braux, d\u00e9pression<\/td>\r\n<\/tr>\r\n<\/tbody>\r\n<\/table>\r\n\r\n\r\n\r\n<h3 class=\"wp-block-heading\">Les troubles psychiques associ\u00e9s<\/h3>\r\n\r\n\r\n\r\n<p class=\"wp-block-paragraph\">La consommation de substances modifie l&rsquo;\u00e9quilibre psychique des usagers. <strong>Les personnes sous l&#8217;emprise de ces produits d\u00e9veloppent\u00a0<\/strong>:<\/p>\r\n\r\n\r\n\r\n<ul class=\"wp-block-list\">\r\n<li>Des phases d&rsquo;anxi\u00e9t\u00e9 intense<\/li>\r\n\r\n\r\n\r\n<li>Des \u00e9pisodes d\u00e9pressifs r\u00e9currents<\/li>\r\n\r\n\r\n\r\n<li>Des troubles du sommeil persistants<\/li>\r\n\r\n\r\n\r\n<li><strong>Une perte d&rsquo;estime de soi<\/strong><\/li>\r\n<\/ul>\r\n\r\n\r\n\r\n<p class=\"wp-block-paragraph\">L&rsquo;intervention pr\u00e9coce en mati\u00e8re de pr\u00e9vention r\u00e9duit ces risques psychologiques. <a href=\"https:\/\/www.drogues.gouv.fr\/\" target=\"_blank\" rel=\"noreferrer noopener\">La Mission interminist\u00e9rielle de lutte contre les drogues et les conduites addictives<\/a> recommande un accompagnement psychosocial adapt\u00e9 d\u00e8s les premiers signes.<\/p>\r\n\r\n\r\n\r\n<h3 class=\"wp-block-heading\">La d\u00e9pendance et le syndrome de sevrage<\/h3>\r\n\r\n\r\n\r\n<p class=\"wp-block-paragraph\">La consommation r\u00e9guli\u00e8re m\u00e8ne \u00e0 une d\u00e9pendance physique et psychologique. Le corps s&rsquo;habitue \u00e0 la pr\u00e9sence de la substance et r\u00e9clame des doses croissantes. <strong>L&rsquo;arr\u00eat brutal provoque alors un syndrome de sevrage<\/strong> avec des sympt\u00f4mes variables\u00a0:<\/p>\r\n\r\n\r\n\r\n<ul class=\"wp-block-list\">\r\n<li>Sueurs et tremblements<\/li>\r\n\r\n\r\n\r\n<li>Anxi\u00e9t\u00e9 et irritabilit\u00e9<\/li>\r\n\r\n\r\n\r\n<li>Troubles digestifs<\/li>\r\n\r\n\r\n\r\n<li>Douleurs musculaires<\/li>\r\n<\/ul>\r\n\r\n\r\n\r\n<p class=\"wp-block-paragraph\"><strong>Chaque substance implique une modalit\u00e9 de sevrage unique<\/strong>. Un accompagnement m\u00e9dical adapt\u00e9 pr\u00e9vient les complications et favorise le succ\u00e8s du traitement. La r\u00e9duction des m\u00e9faits passe par une prise en charge globale de la sant\u00e9 du patient.<\/p>\r\n\r\n\r\n\r\n<h2 class=\"wp-block-heading\">Les impacts sociaux et professionnels<\/h2>\r\n\r\n\r\n\r\n<p class=\"wp-block-paragraph\"><strong>La consommation de substances psychoactives bouleverse tous les aspects de la vie sociale<\/strong>.<\/p>\r\n\r\n\r\n\r\n<h3 class=\"wp-block-heading\">La d\u00e9t\u00e9rioration des relations familiales<\/h3>\r\n\r\n\r\n\r\n<p class=\"wp-block-paragraph\"><strong>L&rsquo;addiction modifie profond\u00e9ment la dynamique familiale<\/strong>. Les parents, conjoints et enfants subissent les cons\u00e9quences directes des changements de comportement li\u00e9s \u00e0 l&rsquo;usage de substances. Le quotidien devient impr\u00e9visible, marqu\u00e9 par\u00a0:<\/p>\r\n\r\n\r\n\r\n<ul class=\"wp-block-list\">\r\n<li>Des sautes d&rsquo;humeur incontr\u00f4l\u00e9es<\/li>\r\n\r\n\r\n\r\n<li>Une communication d\u00e9faillante<\/li>\r\n\r\n\r\n\r\n<li>Un d\u00e9sengagement des responsabilit\u00e9s familiales<\/li>\r\n\r\n\r\n\r\n<li>Une perte de confiance mutuelle<\/li>\r\n<\/ul>\r\n\r\n\r\n\r\n<p class=\"wp-block-paragraph\">Les adolescents et coll\u00e9giens exp\u00e9rimentateurs mettent \u00e0 l&rsquo;\u00e9preuve les liens familiaux. <strong>Leurs conduites \u00e0 risque cr\u00e9ent des tensions avec les parents<\/strong>, inquiets face \u00e0 cette situation. La pr\u00e9vention en amont, \u00e0 travers l&rsquo;\u00e9ducation pour la sant\u00e9, renforce la capacit\u00e9 des familles \u00e0 faire face \u00e0 ces d\u00e9fis.<\/p>\r\n\r\n\r\n\r\n<h3 class=\"wp-block-heading\">Les difficult\u00e9s professionnelles<\/h3>\r\n\r\n\r\n\r\n<p class=\"wp-block-paragraph\"><strong>L&rsquo;environnement professionnel subit aussi les cons\u00e9quences de l&rsquo;addiction<\/strong>. Les probl\u00e8mes de sant\u00e9 mentale li\u00e9s \u00e0 l&rsquo;usage de substances affectent directement les performances au travail\u00a0:<\/p>\r\n\r\n\r\n\r\n<ul class=\"wp-block-list\">\r\n<li>Absent\u00e9isme accru<\/li>\r\n\r\n\r\n\r\n<li>Accidents professionnels<\/li>\r\n\r\n\r\n\r\n<li>Baisse de productivit\u00e9<\/li>\r\n\r\n\r\n\r\n<li>Conflits avec les coll\u00e8gues<\/li>\r\n<\/ul>\r\n\r\n\r\n\r\n<p class=\"wp-block-paragraph\">En France, de nombreuses entreprises mettent en \u0153uvre des programmes de pr\u00e9vention des conduites addictives. Ces actions de sensibilisation, men\u00e9es en partenariat avec des sp\u00e9cialistes, visent \u00e0 <strong>pr\u00e9venir les risques de d\u00e9pendance en milieu professionnel<\/strong>.<\/p>\r\n\r\n\r\n\r\n<figure class=\"wp-block-image size-full\"><img decoding=\"async\" class=\"wp-image-74249\" src=\"https:\/\/cliniclesalpes.com\/wp-content\/uploads\/2025\/03\/image-2.png\" alt=\"\" \/><\/figure>\r\n\r\n\r\n\r\n<h2 class=\"wp-block-heading\">Les solutions th\u00e9rapeutiques personnalis\u00e9es<\/h2>\r\n\r\n\r\n\r\n<p class=\"wp-block-paragraph\"><strong>Clinic Les Alpes d\u00e9veloppe une pratique th\u00e9rapeutique adapt\u00e9e \u00e0 chaque personne<\/strong>. Notre expertise dans le traitement des substances psychoactives repose sur une prise en charge globale, ajust\u00e9e aux besoins de chaque usager.<\/p>\r\n\r\n\r\n\r\n<h3 class=\"wp-block-heading\">Le diagnostic et l&rsquo;\u00e9valuation initiale<\/h3>\r\n\r\n\r\n\r\n<p class=\"wp-block-paragraph\"><strong>Le parcours de soin d\u00e9bute par une \u00e9valuation m\u00e9dicale compl\u00e8te<\/strong>. Notre \u00e9quipe pluridisciplinaire analyse le contexte de consommation et les facteurs de risque associ\u00e9s. Cette d\u00e9marche int\u00e8gre\u00a0:<\/p>\r\n\r\n\r\n\r\n<ul class=\"wp-block-list\">\r\n<li>Un bilan m\u00e9dical approfondi<\/li>\r\n\r\n\r\n\r\n<li>Une \u00e9valuation psychologique d\u00e9taill\u00e9e<\/li>\r\n\r\n\r\n\r\n<li>Un point sur l&rsquo;environnement social et familial<\/li>\r\n\r\n\r\n\r\n<li>Une mesure du niveau de d\u00e9pendance<\/li>\r\n<\/ul>\r\n\r\n\r\n\r\n<p class=\"wp-block-paragraph\">Les consultations initiales \u00e9tablissent un profil pr\u00e9cis du patient. Ce travail pr\u00e9liminaire guide la mise en \u0153uvre du programme th\u00e9rapeutique.<\/p>\r\n\r\n\r\n\r\n<h3 class=\"wp-block-heading\">Les programmes de sevrage adapt\u00e9s<\/h3>\r\n\r\n\r\n\r\n<p class=\"wp-block-paragraph\">Nos programmes th\u00e9rapeutiques s&rsquo;adaptent aux particularit\u00e9s de chaque situation. L&rsquo;accompagnement inclut des s\u00e9ances individuelles quotidiennes et <strong>un travail de groupe encadr\u00e9<\/strong>. Les patients b\u00e9n\u00e9ficient notamment de\u00a0:<\/p>\r\n\r\n\r\n\r\n<ul class=\"wp-block-list\">\r\n<li>Th\u00e9rapies cognitivo-comportementales<\/li>\r\n\r\n\r\n\r\n<li>Art-th\u00e9rapie<\/li>\r\n\r\n\r\n\r\n<li>M\u00e9ditation et techniques de relaxation<\/li>\r\n\r\n\r\n\r\n<li>Activit\u00e9s physiques adapt\u00e9es<\/li>\r\n<\/ul>\r\n\r\n\r\n\r\n<p class=\"wp-block-paragraph\"><strong>La r\u00e9duction des risques guide chaque \u00e9tape du sevrage<\/strong>. L&rsquo;\u00e9quipe m\u00e9dicale assure une surveillance continue et ajuste le traitement selon les r\u00e9sultats observ\u00e9s.<\/p>\r\n\r\n\r\n\r\n<h3 class=\"wp-block-heading\">Le suivi post-traitement<\/h3>\r\n\r\n\r\n\r\n<p class=\"wp-block-paragraph\"><strong>La p\u00e9riode apr\u00e8s le s\u00e9jour exige un soutien r\u00e9gulier<\/strong>. Notre protocole post-traitement pr\u00e9vient les rechutes par\u00a0:<\/p>\r\n\r\n\r\n\r\n<ul class=\"wp-block-list\">\r\n<li>Des rendez-vous r\u00e9guliers avec l&rsquo;\u00e9quipe soignante<\/li>\r\n\r\n\r\n\r\n<li>Des s\u00e9ances de th\u00e9rapie \u00e0 distance<\/li>\r\n\r\n\r\n\r\n<li>Un accompagnement de l&rsquo;entourage<\/li>\r\n\r\n\r\n\r\n<li>Des outils d&rsquo;auto-\u00e9valuation<\/li>\r\n<\/ul>\r\n\r\n\r\n\r\n<p class=\"wp-block-paragraph\"><strong>Le maintien d&rsquo;un lien th\u00e9rapeutique fort renforce l&rsquo;efficacit\u00e9 du traitement<\/strong>. Les anciens patients t\u00e9moignent des b\u00e9n\u00e9fices d&rsquo;un suivi \u00e0 long terme dans leur nouvelle vie quotidienne.<\/p>\r\n\r\n\r\n\r\n<figure class=\"wp-block-image size-full\"><img decoding=\"async\" class=\"wp-image-74250\" src=\"https:\/\/cliniclesalpes.com\/wp-content\/uploads\/2025\/03\/image-3.png\" alt=\"\" \/><\/figure>\r\n\r\n\r\n\r\n<h2 class=\"wp-block-heading\">La conclusion sur les dangers des substances psychoactives<\/h2>\r\n\r\n\r\n\r\n<p class=\"wp-block-paragraph\">Votre sant\u00e9 et celle de vos proches exigent une action rapide face aux substances psychoactives. L&rsquo;\u00e9ducation et la pr\u00e9vention restent vos meilleurs alli\u00e9s contre les risques de d\u00e9pendance. Les comp\u00e9tences d\u00e9velopp\u00e9es gr\u00e2ce \u00e0 une information pr\u00e9cise vous arment efficacement face aux tentations et aux pressions sociales.<\/p>\r\n\r\n\r\n\r\n<p class=\"wp-block-paragraph\">Clinic Les Alpes accueille chaque ann\u00e9e des dizaines de patients au sein de son \u00e9tablissement. Notre \u00e9quipe professionnelle ma\u00eetrise les derni\u00e8res strat\u00e9gies th\u00e9rapeutiques pour pr\u00e9venir et traiter les addictions aux substances psychoactives. Nous vous accompagnons dans votre parcours vers la libert\u00e9, avec un programme personnalis\u00e9 et un suivi \u00e0 long terme.\u00a0<\/p>\r\n\r\n\r\n\r\n<p class=\"wp-block-paragraph\"><a href=\"https:\/\/cliniclesalpes.com\/fr\/contactez-nous\/\" target=\"_blank\" rel=\"noreferrer noopener\">Contactez-nous d\u00e8s aujourd&rsquo;hui<\/a> pour une consultation initiale dans notre cadre alpin ressour\u00e7ant.<\/p>\r\n","protected":false},"excerpt":{"rendered":"<p>Les substances psychoactives d\u00e9truisent des vies chaque jour en France. De l&rsquo;alcool aux drogues dures, en passant par le tabac et le cannabis, ces produits exercent leur emprise sur des millions de personnes. La consommation d\u00e9bute souvent d\u00e8s l&rsquo;adolescence, lors des premi\u00e8res exp\u00e9rimentations en milieu scolaire. Sans \u00e9ducation ni pr\u00e9vention adapt\u00e9e, le risque de d\u00e9pendance [&hellip;]<\/p>\n","protected":false},"author":1,"featured_media":114235,"comment_status":"closed","ping_status":"closed","sticky":false,"template":"","format":"standard","meta":{"_acf_changed":false,"footnotes":""},"categories":[115],"tags":[],"class_list":["post-74244","post","type-post","status-publish","format-standard","has-post-thumbnail","hentry","category-addictions-aux-substances"],"acf":[],"_links":{"self":[{"href":"https:\/\/cliniclesalpes.com\/fr\/wp-json\/wp\/v2\/posts\/74244","targetHints":{"allow":["GET"]}}],"collection":[{"href":"https:\/\/cliniclesalpes.com\/fr\/wp-json\/wp\/v2\/posts"}],"about":[{"href":"https:\/\/cliniclesalpes.com\/fr\/wp-json\/wp\/v2\/types\/post"}],"author":[{"embeddable":true,"href":"https:\/\/cliniclesalpes.com\/fr\/wp-json\/wp\/v2\/users\/1"}],"replies":[{"embeddable":true,"href":"https:\/\/cliniclesalpes.com\/fr\/wp-json\/wp\/v2\/comments?post=74244"}],"version-history":[{"count":2,"href":"https:\/\/cliniclesalpes.com\/fr\/wp-json\/wp\/v2\/posts\/74244\/revisions"}],"predecessor-version":[{"id":114239,"href":"https:\/\/cliniclesalpes.com\/fr\/wp-json\/wp\/v2\/posts\/74244\/revisions\/114239"}],"wp:featuredmedia":[{"embeddable":true,"href":"https:\/\/cliniclesalpes.com\/fr\/wp-json\/wp\/v2\/media\/114235"}],"wp:attachment":[{"href":"https:\/\/cliniclesalpes.com\/fr\/wp-json\/wp\/v2\/media?parent=74244"}],"wp:term":[{"taxonomy":"category","embeddable":true,"href":"https:\/\/cliniclesalpes.com\/fr\/wp-json\/wp\/v2\/categories?post=74244"},{"taxonomy":"post_tag","embeddable":true,"href":"https:\/\/cliniclesalpes.com\/fr\/wp-json\/wp\/v2\/tags?post=74244"}],"curies":[{"name":"wp","href":"https:\/\/api.w.org\/{rel}","templated":true}]}}