{"id":86469,"date":"2026-08-19T15:38:08","date_gmt":"2026-08-19T15:38:08","guid":{"rendered":"https:\/\/cliniclesalpes.com\/?p=86469"},"modified":"2026-08-19T17:27:04","modified_gmt":"2026-08-19T17:27:04","slug":"manger-ses-emotions-comprendre-et-surmonter-cette-reaction","status":"publish","type":"post","link":"https:\/\/cliniclesalpes.com\/fr\/blog\/2026\/08\/19\/manger-ses-emotions-comprendre-et-surmonter-cette-reaction\/","title":{"rendered":"Manger ses \u00e9motions : comprendre et surmonter cette r\u00e9action"},"content":{"rendered":"\r\n<p class=\"wp-block-paragraph\">La main dans le paquet de biscuits apr\u00e8s une journ\u00e9e \u00e9prouvante. La tablette de chocolat d\u00e9vor\u00e9e suite \u00e0 une mauvaise nouvelle. Le r\u00e9frig\u00e9rateur pill\u00e9 en pleine nuit pendant une crise d&rsquo;angoisse. <strong>Ces moments o\u00f9 la nourriture devient un refuge \u00e9motionnel vous parlent\u00a0?<\/strong>\u00a0<\/p>\r\n\r\n\r\n\r\n<p class=\"wp-block-paragraph\">Le plaisir imm\u00e9diat procur\u00e9 par ces aliments masque temporairement la tristesse, l&rsquo;anxi\u00e9t\u00e9 ou l&rsquo;ennui, avant de c\u00e9der la place \u00e0 la culpabilit\u00e9. Ce comportement r\u00e9pond \u00e0 un besoin \u00e9motionnel et non physiologique\u00a0: <strong>votre corps n&rsquo;a pas faim, c&rsquo;est votre c\u0153ur qui souffre<\/strong>.\u00a0<\/p>\r\n\r\n\r\n\r\n<p class=\"wp-block-paragraph\">Comprendre les signaux qui d\u00e9clenchent cette alimentation \u00e9motionnelle est la premi\u00e8re \u00e9tape vers la lib\u00e9ration. Suivez-nous dans cette exploration des m\u00e9canismes qui vous poussent \u00e0 manger vos \u00e9motions, et d\u00e9couvrez comment transformer votre relation avec la nourriture pour retrouver s\u00e9r\u00e9nit\u00e9 et contr\u00f4le.<\/p>\r\n\r\n\r\n\r\n<figure class=\"wp-block-image size-full\"><img decoding=\"async\" class=\"wp-image-86470\" src=\"https:\/\/cliniclesalpes.com\/wp-content\/uploads\/2025\/04\/image-9.jpeg\" alt=\"manger ses \u00e9motions\" \/><\/figure>\r\n\r\n\r\n\r\n<h2 class=\"wp-block-heading\">Les m\u00e9canismes de l&rsquo;alimentation \u00e9motionnelle<\/h2>\r\n\r\n\r\n\r\n<p class=\"wp-block-paragraph\">Manger ses \u00e9motions correspond \u00e0 <strong>une consommation de nourriture en r\u00e9ponse \u00e0 des sentiments plut\u00f4t qu&rsquo;\u00e0 une faim physiologique<\/strong>. Ce comportement alimentaire survient quand nous utilisons la nourriture pour g\u00e9rer des \u00e9motions d\u00e9sagr\u00e9ables ou intenses. Notre cerveau associe certains aliments \u00e0 une sensation de bien-\u00eatre temporaire, cr\u00e9ant un circuit de r\u00e9compense qui nous pousse \u00e0 r\u00e9p\u00e9ter ce sch\u00e9ma.<\/p>\r\n\r\n\r\n\r\n<p class=\"wp-block-paragraph\">L&rsquo;alimentation \u00e9motionnelle s&rsquo;inscrit dans <strong>une recherche de confort imm\u00e9diat<\/strong>. Face \u00e0 une contrari\u00e9t\u00e9, une tristesse ou un stress, nous nous tournons vers la nourriture, et particuli\u00e8rement vers des aliments riches en graisses et en sucres car ils activent les zones de plaisir dans notre cerveau. Cette r\u00e9action s\u2019automatise progressivement, une sorte de r\u00e9flexe conditionn\u00e9 face aux difficult\u00e9s de la vie quotidienne.<\/p>\r\n\r\n\r\n\r\n<p class=\"wp-block-paragraph\">Cette fa\u00e7on de manger diff\u00e8re fondamentalement d&rsquo;une alimentation r\u00e9fl\u00e9chie, guid\u00e9e par les besoins nutritionnels du corps. Elle place la personne dans un cycle o\u00f9 <strong>la nourriture est un outil pour r\u00e9guler les \u00e9motions<\/strong>, au d\u00e9triment d&rsquo;une conscience claire des sensations corporelles.<\/p>\r\n\r\n\r\n\r\n<h2 class=\"wp-block-heading\">Les causes profondes de l&rsquo;alimentation \u00e9motionnelle<\/h2>\r\n\r\n\r\n\r\n<p class=\"wp-block-paragraph\">Penchons-nous maintenant sur les facteurs qui favorisent ce comportement. <strong>Manger ses \u00e9motions ne survient pas par hasard<\/strong> mais r\u00e9sulte de causes psychologiques et sociales profondes.<\/p>\r\n\r\n\r\n\r\n<h3 class=\"wp-block-heading\">Les habitudes familiales et culturelles<\/h3>\r\n\r\n\r\n\r\n<p class=\"wp-block-paragraph\"><strong>Nos premi\u00e8res exp\u00e9riences avec la nourriture se d\u00e9roulent au sein de la famille<\/strong>. Les repas partag\u00e9s, les recettes transmises, les occasions sp\u00e9ciales autour de la table\u00a0: tous ces moments cr\u00e9ent des associations durables entre alimentation et \u00e9motions.<\/p>\r\n\r\n\r\n\r\n<p class=\"wp-block-paragraph\">Dans de nombreuses familles, la nourriture sert de r\u00e9compense ou de consolation. \u00ab\u00a0<strong>Si tu es sage, tu auras un bonbon<\/strong>\u00ab\u00a0, \u00ab\u00a0Un chocolat chaud pour oublier cette mauvaise journ\u00e9e\u00a0\u00bb&#8230; Ces phrases entendues durant l&rsquo;enfance \u00e9tablissent un lien entre nourriture et r\u00e9confort \u00e9motionnel. L&rsquo;enfant apprend ainsi \u00e0 chercher dans les aliments une solution \u00e0 ses probl\u00e8mes \u00e9motionnels.<\/p>\r\n\r\n\r\n\r\n<p class=\"wp-block-paragraph\">Les traditions culturelles renforcent cette association. Dans plusieurs cultures, l&rsquo;amour s&rsquo;exprime \u00e0 travers la pr\u00e9paration de repas copieux. <strong>Refuser de manger \u00e9quivaut parfois \u00e0 rejeter l&rsquo;affection de l&rsquo;autre<\/strong>. Ces dynamiques familiales cr\u00e9ent une confusion entre nourrir le corps et nourrir l&rsquo;\u00e2me.<\/p>\r\n\r\n\r\n\r\n<p class=\"wp-block-paragraph\"><strong>La structure des repas familiaux <\/strong>joue \u00e9galement un r\u00f4le. Des horaires irr\u00e9guliers, des repas pris devant la t\u00e9l\u00e9vision ou des tensions \u00e0 table favorisent une relation dysfonctionnelle avec la nourriture. L&rsquo;enfant n&rsquo;apprend pas \u00e0 \u00e9couter ses signaux de faim et de sati\u00e9t\u00e9, mais mange en r\u00e9action au contexte \u00e9motionnel.<\/p>\r\n\r\n\r\n\r\n<div class=\"snippet-bait\">\r\n<p>\ud83d\udca1 Conseil pratique\u00a0: Observez les mod\u00e8les alimentaires familiaux pour identifier les sch\u00e9mas h\u00e9rit\u00e9s.\u00a0Prenez conscience des phrases associant nourriture et \u00e9motions dans votre famille.<\/p>\r\n<\/div>\r\n\r\n\r\n\r\n<h3 class=\"wp-block-heading\">Les m\u00e9canismes neurobiologiques en jeu<\/h3>\r\n\r\n\r\n\r\n<p class=\"wp-block-paragraph\">Au niveau c\u00e9r\u00e9bral, <strong>manger ses \u00e9motions active des circuits neurologiques pr\u00e9cis<\/strong>. Les aliments riches en sucre et en gras stimulent la lib\u00e9ration de dopamine, un neurotransmetteur associ\u00e9 au plaisir et \u00e0 la r\u00e9compense. Cette r\u00e9action chimique explique pourquoi nous nous tournons plus volontiers vers une p\u00e2tisserie qu&rsquo;une pomme en p\u00e9riode de stress.<\/p>\r\n\r\n\r\n\r\n<p class=\"wp-block-paragraph\"><strong>Le cerveau m\u00e9morise cette sensation de plaisir et l&rsquo;associe \u00e0 certains aliments<\/strong>. Il \u00e9tablit un circuit neuronal qui nous pousse \u00e0 r\u00e9p\u00e9ter ce comportement. Apr\u00e8s plusieurs exp\u00e9riences, la simple vue d&rsquo;un aliment r\u00e9confortant d\u00e9clenche une r\u00e9action anticipatoire\u00a0: notre cerveau lib\u00e8re de la dopamine avant m\u00eame la premi\u00e8re bouch\u00e9e.<\/p>\r\n\r\n\r\n\r\n<h3 class=\"wp-block-heading\">L&rsquo;impact du stress sur les choix alimentaires<\/h3>\r\n\r\n\r\n\r\n<p class=\"wp-block-paragraph\"><strong>Le stress chronique modifie profond\u00e9ment notre relation \u00e0 la nourriture<\/strong>. Face \u00e0 une menace, r\u00e9elle ou per\u00e7ue, notre corps lib\u00e8re du cortisol, une hormone qui augmente notre app\u00e9tit et particuli\u00e8rement notre attirance pour les aliments gras et sucr\u00e9s.<\/p>\r\n\r\n\r\n\r\n<p class=\"wp-block-paragraph\">\u00c0 court terme, cette r\u00e9action servait \u00e0 nos anc\u00eatres \u00e0 faire des r\u00e9serves d&rsquo;\u00e9nergie pour affronter le danger. Dans notre soci\u00e9t\u00e9 moderne, o\u00f9 le stress devient chronique, ce m\u00e9canisme se retourne contre nous. Nous mangeons davantage sans d\u00e9penser l&rsquo;\u00e9nergie correspondante, ce qui favorise la prise de poids et les troubles m\u00e9taboliques.<\/p>\r\n\r\n\r\n\r\n<p class=\"wp-block-paragraph\">Le cortisol perturbe les hormones de r\u00e9gulation de l&rsquo;app\u00e9tit comme la leptine et la ghr\u00e9line. Ces d\u00e9s\u00e9quilibres hormonaux brouillent les signaux de faim et de sati\u00e9t\u00e9, nous poussant \u00e0 manger en exc\u00e8s. Le stress r\u00e9duit en outre notre contr\u00f4le cognitif, rendant plus difficile la r\u00e9sistance aux tentations alimentaires.<\/p>\r\n\r\n\r\n\r\n<h3 class=\"wp-block-heading\">Les \u00e9motions d\u00e9clencheuses les plus courantes<\/h3>\r\n\r\n\r\n\r\n<p class=\"wp-block-paragraph\"><strong>Chaque \u00e9tat \u00e9motionnel provoque une r\u00e9action sp\u00e9cifique face \u00e0 la nourriture <\/strong>et g\u00e9n\u00e8re des types de compulsions alimentaires diff\u00e9rents. Voici les principales \u00e9motions qui d\u00e9clenchent l&rsquo;envie de manger et leurs manifestations caract\u00e9ristiques\u00a0:<\/p>\r\n\r\n\r\n\r\n<table class=\"redac-table\">\r\n<thead>\r\n<tr>\r\n<th>\u00c9motion<\/th>\r\n<th>Type d&rsquo;alimentation<\/th>\r\n<th>Effets sur le syst\u00e8me nerveux<\/th>\r\n<\/tr>\r\n<\/thead>\r\n<tbody>\r\n<tr>\r\n<td><strong>Stress<\/strong><\/td>\r\n<td>Grignotages rapides, recherche de sucre et de gras<\/td>\r\n<td>Lib\u00e9ration de cortisol, acc\u00e9l\u00e9ration du rythme cardiaque, diminution du contr\u00f4le cognitif<\/td>\r\n<\/tr>\r\n<tr>\r\n<td><strong>Tristesse<\/strong><\/td>\r\n<td>Aliments r\u00e9confortants (chocolat, f\u00e9culents), grande quantit\u00e9<\/td>\r\n<td>Baisse d\u2019\u00e9nergie, ralentissement g\u00e9n\u00e9ral, recherche de s\u00e9rotonine<\/td>\r\n<\/tr>\r\n<tr>\r\n<td><strong>Ennui<\/strong><\/td>\r\n<td>Alimentation m\u00e9canique, sans plaisir r\u00e9el<\/td>\r\n<td>Besoin de stimulation sensorielle, faible activation du syst\u00e8me nerveux<\/td>\r\n<\/tr>\r\n<tr>\r\n<td><strong>Col\u00e8re<\/strong><\/td>\r\n<td>Consommation rapide et excessive, mouvements brusques<\/td>\r\n<td>Tension musculaire, adr\u00e9naline \u00e9lev\u00e9e, sentiment de perte de contr\u00f4le<\/td>\r\n<\/tr>\r\n<tr>\r\n<td><strong>Anxi\u00e9t\u00e9<\/strong><\/td>\r\n<td>Aliments faciles \u00e0 m\u00e2cher (chips, biscuits), consommation r\u00e9p\u00e9titive<\/td>\r\n<td>Hypervigilance, syst\u00e8me nerveux activ\u00e9, signaux de faim perturb\u00e9s<\/td>\r\n<\/tr>\r\n<tr>\r\n<td><strong>Solitude<\/strong><\/td>\r\n<td>Repas riches et prolong\u00e9s, substitut de lien social<\/td>\r\n<td>Besoin de r\u00e9confort, compensation d\u2019un vide relationnel<\/td>\r\n<\/tr>\r\n<\/tbody>\r\n<\/table>\r\n\r\n\r\n\r\n<div class=\"snippet-bait\">\r\n<p>\u26a0\ufe0f Point d&rsquo;attention\u00a0: Lorsque ces \u00e9motions d\u00e9clencheuses deviennent chroniques, le risque de d\u00e9velopper un trouble alimentaire grave comme l&rsquo;hyperphagie boulimique augmente consid\u00e9rablement.<\/p>\r\n<\/div>\r\n\r\n\r\n\r\n<h2 class=\"wp-block-heading\">L&rsquo;accompagnement professionnel pour cesser de manger ses \u00e9motions<\/h2>\r\n\r\n\r\n\r\n<p class=\"wp-block-paragraph\">Face aux compulsions alimentaires r\u00e9currentes, <strong>consulter un sp\u00e9cialiste n&rsquo;indique pas une faiblesse<\/strong>, mais une volont\u00e9 r\u00e9elle de prendre soin de soi. Les experts en troubles du comportement alimentaire disposent d&rsquo;outils et de techniques \u00e9prouv\u00e9s pour briser ce cercle vicieux. Leur regard ext\u00e9rieur et bienveillant permet d\u2019identifier les causes profondes de ce comportement et \u00e0 mettre en place des strat\u00e9gies efficaces.<\/p>\r\n\r\n\r\n\r\n<h3 class=\"wp-block-heading\">Le r\u00f4le du psychologue ou du psychoth\u00e9rapeute<\/h3>\r\n\r\n\r\n\r\n<p class=\"wp-block-paragraph\">Le psychologue aide \u00e0 comprendre les m\u00e9canismes \u00e9motionnels qui d\u00e9clenchent l&rsquo;envie de manger. Par un travail d&rsquo;analyse personnalis\u00e9, il d\u00e9voile les causes cach\u00e9es derri\u00e8re ce comportement\u00a0: <strong>stress chronique, anxi\u00e9t\u00e9, traumatismes pass\u00e9s ou probl\u00e8mes d&rsquo;estime de soi<\/strong>.<\/p>\r\n\r\n\r\n\r\n<p class=\"wp-block-paragraph\">Le th\u00e9rapeute enseigne des techniques de r\u00e9gulation \u00e9motionnelle adapt\u00e9es \u00e0 chaque profil. Apprendre \u00e0 g\u00e9rer l&rsquo;anxi\u00e9t\u00e9, la tristesse ou la col\u00e8re sans recourir \u00e0 la nourriture constitue un objectif central de la th\u00e9rapie. <strong>Diverses m\u00e9thodes pratiques s&rsquo;offrent aux patients\u00a0<\/strong>:<\/p>\r\n\r\n\r\n\r\n<ul class=\"wp-block-list\">\r\n<li>La th\u00e9rapie cognitivo-comportementale (TCC)<\/li>\r\n\r\n\r\n\r\n<li>La pleine conscience pour reconna\u00eetre ses \u00e9motions sans jugement<\/li>\r\n\r\n\r\n\r\n<li>Les exercices de respiration profonde pour apaiser le syst\u00e8me nerveux<\/li>\r\n\r\n\r\n\r\n<li>Les techniques de distraction pour surmonter les envies fugaces<\/li>\r\n\r\n\r\n\r\n<li>La tenue d&rsquo;un journal \u00e9motionnel pour rep\u00e9rer les d\u00e9clencheurs<\/li>\r\n<\/ul>\r\n\r\n\r\n\r\n<div class=\"snippet-bait\">\r\n<p>\ud83d\udca1 Astuce pratique\u00a0: Entre deux s\u00e9ances de th\u00e9rapie, notez dans un carnet vos \u00e9motions avant, pendant et apr\u00e8s un \u00e9pisode de faim \u00e9motionnelle. Ces observations aideront votre th\u00e9rapeute \u00e0 affiner son accompagnement.<\/p>\r\n<\/div>\r\n\r\n\r\n\r\n<h3 class=\"wp-block-heading\">L&rsquo;apport de la nutritionniste dans le traitement<\/h3>\r\n\r\n\r\n\r\n<p class=\"wp-block-paragraph\">Le di\u00e9t\u00e9tiste-nutritionniste aborde l&rsquo;aspect physique et nutritionnel du probl\u00e8me. Contrairement aux id\u00e9es re\u00e7ues, <strong>son but n&rsquo;est pas d&rsquo;imposer un r\u00e9gime restrictif<\/strong>, mais de restaurer une relation apais\u00e9e avec la nourriture.<\/p>\r\n\r\n\r\n\r\n<p class=\"wp-block-paragraph\">Ce professionnel \u00e9value d&rsquo;abord les habitudes alimentaires actuelles et l&rsquo;historique du patient. <strong>Il d\u00e9c\u00e8le les sch\u00e9mas probl\u00e9matiques\u00a0<\/strong>: repas saut\u00e9s, restrictions excessives, grignotages compulsifs. De cette analyse d\u00e9coule un plan personnalis\u00e9 qui respecte les pr\u00e9f\u00e9rences et le mode de vie de chacun.<\/p>\r\n\r\n\r\n\r\n<p class=\"wp-block-paragraph\">Le plan nutritionnel inclut g\u00e9n\u00e9ralement\u00a0:<\/p>\r\n\r\n\r\n\r\n<ul class=\"wp-block-list\">\r\n<li>Des repas r\u00e9guliers et \u00e9quilibr\u00e9s pour stabiliser la glyc\u00e9mie<\/li>\r\n\r\n\r\n\r\n<li>Une hydratation suffisante, la soif \u00e9tant parfois confondue avec la faim<\/li>\r\n\r\n\r\n\r\n<li>Des alternatives saines aux aliments r\u00e9confortants habituels<\/li>\r\n\r\n\r\n\r\n<li>Des strat\u00e9gies pour g\u00e9rer les situations sociales autour de la nourriture<\/li>\r\n<\/ul>\r\n\r\n\r\n\r\n<div class=\"snippet-bait\">\r\n<p>\u26a0\ufe0f Attention\u00a0: Les r\u00e9gimes draconiens aggravent souvent l&rsquo;alimentation \u00e9motionnelle. La restriction excessive cr\u00e9e un sentiment de privation qui renforce le besoin de r\u00e9confort dans la nourriture.<\/p>\r\n<\/div>\r\n\r\n\r\n\r\n<h3 class=\"wp-block-heading\">Les programmes sp\u00e9cialis\u00e9s \u00e0 Clinic Les Alpes<\/h3>\r\n\r\n\r\n\r\n<p class=\"wp-block-paragraph\">Clinic Les Alpes propose des programmes th\u00e9rapeutiques sp\u00e9cifiquement con\u00e7us pour <strong>traiter l&rsquo;alimentation \u00e9motionnelle et les troubles associ\u00e9s<\/strong>. Situ\u00e9e dans un cadre alpin serein, loin des facteurs de stress quotidiens, notre clinique adopte une philosophie holistique qui traite simultan\u00e9ment le corps et l&rsquo;esprit.<\/p>\r\n\r\n\r\n\r\n<p class=\"wp-block-paragraph\"><a href=\"https:\/\/cliniclesalpes.com\/fr\/equipe\/\" target=\"_blank\" rel=\"noreferrer noopener\">Les \u00e9quipes pluridisciplinaires de Clinic Les Alpes<\/a> comprennent des m\u00e9decins, psychologues, nutritionnistes et coachs en activit\u00e9 physique. Cette collaboration \u00e9troite assure une prise en charge compl\u00e8te et coh\u00e9rente. Chaque aspect du trouble alimentaire re\u00e7oit l&rsquo;attention d&rsquo;un sp\u00e9cialiste, dans une d\u00e9marche coordonn\u00e9e.<\/p>\r\n\r\n\r\n\r\n<p class=\"wp-block-paragraph\"><a href=\"https:\/\/cliniclesalpes.com\/fr\/traitement-et-therapies\/\" target=\"_blank\" rel=\"noreferrer noopener\">Le programme th\u00e9rapeutique s&rsquo;articule autour de plusieurs axes<\/a> et notamment\u00a0:<\/p>\r\n\r\n\r\n\r\n<ul class=\"wp-block-list\">\r\n<li>Des s\u00e9ances individuelles quotidiennes avec un psychoth\u00e9rapeute d\u00e9di\u00e9<\/li>\r\n\r\n\r\n\r\n<li>Des consultations r\u00e9guli\u00e8res avec un di\u00e9t\u00e9tiste-nutritionniste<\/li>\r\n\r\n\r\n\r\n<li>Des ateliers de groupe sur la gestion des \u00e9motions et la pleine conscience<\/li>\r\n\r\n\r\n\r\n<li>Des activit\u00e9s physiques adapt\u00e9es pour reconnecter au corps<\/li>\r\n\r\n\r\n\r\n<li>Des s\u00e9ances d&rsquo;art-th\u00e9rapie pour exprimer les \u00e9motions autrement que par la nourriture<\/li>\r\n<\/ul>\r\n\r\n\r\n\r\n<p class=\"wp-block-paragraph\"><a href=\"https:\/\/cliniclesalpes.com\/fr\/la-clinique\/\" target=\"_blank\" rel=\"noreferrer noopener\">L&rsquo;environnement r\u00e9sidentiel de la clinique<\/a> facilite une immersion th\u00e9rapeutique totale. Ce cadre prot\u00e9g\u00e9, loin des tentations et des d\u00e9clencheurs habituels, cr\u00e9e les conditions id\u00e9ales pour modifier en profondeur ses habitudes alimentaires. Les patients b\u00e9n\u00e9ficient d&rsquo;un suivi constant, avec des ajustements quotidiens de leur programme selon leurs progr\u00e8s.<\/p>\r\n\r\n\r\n\r\n<p class=\"wp-block-paragraph\">\u00c0 la sortie, <strong>un plan de suivi personnalis\u00e9 assure la continuit\u00e9 des soins<\/strong>. Des rendez-vous r\u00e9guliers avec l&rsquo;\u00e9quipe th\u00e9rapeutique, en pr\u00e9sentiel ou \u00e0 distance, soutiennent les acquis et pr\u00e9viennent les rechutes. Cette transition progressive vers l&rsquo;autonomie augmente consid\u00e9rablement les chances de succ\u00e8s \u00e0 long terme.<\/p>\r\n\r\n\r\n\r\n<figure class=\"wp-block-image size-full\"><img decoding=\"async\" class=\"wp-image-86471\" src=\"https:\/\/cliniclesalpes.com\/wp-content\/uploads\/2025\/04\/image-10.jpeg\" alt=\"Clinic les Alpes, manger ses \u00e9motions\" \/><\/figure>\r\n\r\n\r\n\r\n<h2 class=\"wp-block-heading\">Manger ses \u00e9motions &#8211; Questions fr\u00e9quentes<\/h2>\r\n\r\n\r\n\r\n<div class=\"faq-accordion\">\r\n<div class=\"faq-item\"><button class=\"faq-question\" type=\"button\" aria-expanded=\"false\" aria-controls=\"faq-answer-0\"><\/button><button class=\"faq-question\" type=\"button\" aria-expanded=\"false\" aria-controls=\"faq-answer-0\"><span class=\"faq-chevron\" aria-hidden=\"true\">\u25bc<\/span><\/button>\r\n<h3>Quel lien existe-t-il entre le sommeil et l&rsquo;alimentation \u00e9motionnelle\u00a0?<\/h3>\r\n<div id=\"faq-answer-0\" class=\"faq-answer\" role=\"region\" aria-labelledby=\"faq-question-0\">\r\n<p>Un sommeil de qualit\u00e9 insuffisant perturbe les hormones r\u00e9gulatrices de l&rsquo;app\u00e9tit et augmente l&rsquo;envie de manger \u00e9motionnelle. Pour r\u00e9duire ces effets, \u00e9tablissez une routine de sommeil r\u00e9guli\u00e8re et visez 7-8 heures par nuit.<\/p>\r\n<\/div>\r\n<\/div>\r\n<div class=\"faq-item\"><button class=\"faq-question\" type=\"button\" aria-expanded=\"false\" aria-controls=\"faq-answer-1\"><\/button><button class=\"faq-question\" type=\"button\" aria-expanded=\"false\" aria-controls=\"faq-answer-1\"><span class=\"faq-chevron\" aria-hidden=\"true\">\u25bc<\/span><\/button>\r\n<h3>Comment les r\u00e9seaux sociaux influencent-ils notre tendance \u00e0 manger nos \u00e9motions\u00a0?<\/h3>\r\n<div id=\"faq-answer-1\" class=\"faq-answer\" role=\"region\" aria-labelledby=\"faq-question-1\">\r\n<p>Les r\u00e9seaux sociaux cr\u00e9ent un environnement propice \u00e0 la comparaison sociale et aux fluctuations d&rsquo;humeur, deux d\u00e9clencheurs majeurs de l&rsquo;alimentation \u00e9motionnelle. L&rsquo;exposition constante \u00e0 des images id\u00e9alis\u00e9es de corps ou de nourriture renforce le sentiment de culpabilit\u00e9 et l&rsquo;insatisfaction. Une solution adapt\u00e9e consiste \u00e0 faire r\u00e9guli\u00e8rement des pauses num\u00e9riques et \u00e0 suivre des comptes promouvant une psychologie positive et une alimentation saine.<\/p>\r\n<\/div>\r\n<\/div>\r\n<div class=\"faq-item\"><button class=\"faq-question\" type=\"button\" aria-expanded=\"false\" aria-controls=\"faq-answer-2\"><\/button><button class=\"faq-question\" type=\"button\" aria-expanded=\"false\" aria-controls=\"faq-answer-2\"><span class=\"faq-chevron\" aria-hidden=\"true\">\u25bc<\/span><\/button>\r\n<h3>Existe-t-il une diff\u00e9rence entre l&rsquo;alimentation \u00e9motionnelle et les troubles du comportement alimentaire\u00a0?<\/h3>\r\n<div id=\"faq-answer-2\" class=\"faq-answer\" role=\"region\" aria-labelledby=\"faq-question-2\">\r\n<p>L&rsquo;alimentation \u00e9motionnelle et les troubles du comportement alimentaire diff\u00e8rent par leur intensit\u00e9 et leur impact sur la vie sociale. L&rsquo;anorexie et la boulimie sont des pathologies de sant\u00e9 mentale qui n\u00e9cessitent une prise en charge sp\u00e9cialis\u00e9e. Le premier signe d&rsquo;alerte survient lorsque les pens\u00e9es li\u00e9es \u00e0 la nourriture occupent plusieurs heures par jour.<\/p>\r\n<\/div>\r\n<\/div>\r\n{\u00ab\u00a0@context\u00a0\u00bb:\u00a0\u00bbhttps:\/\/schema.org\u00a0\u00bb,\u00a0\u00bb@type\u00a0\u00bb:\u00a0\u00bbFAQPage\u00a0\u00bb,\u00a0\u00bbmainEntity\u00a0\u00bb:[{\u00ab\u00a0@type\u00a0\u00bb:\u00a0\u00bbQuestion\u00a0\u00bb,\u00a0\u00bbname\u00a0\u00bb:\u00a0\u00bbQuel lien existe-t-il entre le sommeil et l&rsquo;alimentation \u00e9motionnelle\u00a0?\u00a0\u00bb,\u00a0\u00bbacceptedAnswer\u00a0\u00bb:{\u00ab\u00a0@type\u00a0\u00bb:\u00a0\u00bbAnswer\u00a0\u00bb,\u00a0\u00bbtext\u00a0\u00bb:\u00a0\u00bbUn sommeil de qualit\u00e9 insuffisant perturbe les hormones r\u00e9gulatrices de l&rsquo;app\u00e9tit et augmente l&rsquo;envie de manger \u00e9motionnelle. Pour r\u00e9duire ces effets, \u00e9tablissez une routine de sommeil r\u00e9guli\u00e8re et visez 7-8 heures par nuit.\u00a0\u00bb}},{\u00ab\u00a0@type\u00a0\u00bb:\u00a0\u00bbQuestion\u00a0\u00bb,\u00a0\u00bbname\u00a0\u00bb:\u00a0\u00bbComment les r\u00e9seaux sociaux influencent-ils notre tendance \u00e0 manger nos \u00e9motions\u00a0?\u00a0\u00bb,\u00a0\u00bbacceptedAnswer\u00a0\u00bb:{\u00ab\u00a0@type\u00a0\u00bb:\u00a0\u00bbAnswer\u00a0\u00bb,\u00a0\u00bbtext\u00a0\u00bb:\u00a0\u00bbLes r\u00e9seaux sociaux cr\u00e9ent un environnement propice \u00e0 la comparaison sociale et aux fluctuations d&rsquo;humeur, deux d\u00e9clencheurs majeurs de l&rsquo;alimentation \u00e9motionnelle. L&rsquo;exposition constante \u00e0 des images id\u00e9alis\u00e9es de corps ou de nourriture renforce le sentiment de culpabilit\u00e9 et l&rsquo;insatisfaction. Une solution adapt\u00e9e consiste \u00e0 faire r\u00e9guli\u00e8rement des pauses num\u00e9riques et \u00e0 suivre des comptes promouvant une psychologie positive et une alimentation saine.\u00a0\u00bb}},{\u00ab\u00a0@type\u00a0\u00bb:\u00a0\u00bbQuestion\u00a0\u00bb,\u00a0\u00bbname\u00a0\u00bb:\u00a0\u00bbExiste-t-il une diff\u00e9rence entre l&rsquo;alimentation \u00e9motionnelle et les troubles du comportement alimentaire\u00a0?\u00a0\u00bb,\u00a0\u00bbacceptedAnswer\u00a0\u00bb:{\u00ab\u00a0@type\u00a0\u00bb:\u00a0\u00bbAnswer\u00a0\u00bb,\u00a0\u00bbtext\u00a0\u00bb:\u00a0\u00bbL&rsquo;alimentation \u00e9motionnelle et les troubles du comportement alimentaire diff\u00e8rent par leur intensit\u00e9 et leur impact sur la vie sociale. L&rsquo;anorexie et la boulimie sont des pathologies de sant\u00e9 mentale qui n\u00e9cessitent une prise en charge sp\u00e9cialis\u00e9e. Le premier signe d&rsquo;alerte survient lorsque les pens\u00e9es li\u00e9es \u00e0 la nourriture occupent plusieurs heures par jour.\u00a0\u00bb}}]}<\/div>\r\n","protected":false},"excerpt":{"rendered":"<p>La main dans le paquet de biscuits apr\u00e8s une journ\u00e9e \u00e9prouvante. La tablette de chocolat d\u00e9vor\u00e9e suite \u00e0 une mauvaise nouvelle. Le r\u00e9frig\u00e9rateur pill\u00e9 en pleine nuit pendant une crise d&rsquo;angoisse. Ces moments o\u00f9 la nourriture devient un refuge \u00e9motionnel vous parlent\u00a0?\u00a0 Le plaisir imm\u00e9diat procur\u00e9 par ces aliments masque temporairement la tristesse, l&rsquo;anxi\u00e9t\u00e9 ou [&hellip;]<\/p>\n","protected":false},"author":1,"featured_media":114205,"comment_status":"closed","ping_status":"closed","sticky":false,"template":"","format":"standard","meta":{"_acf_changed":false,"footnotes":""},"categories":[117],"tags":[],"class_list":["post-86469","post","type-post","status-publish","format-standard","has-post-thumbnail","hentry","category-sante-mentale-et-bien-etre"],"acf":[],"_links":{"self":[{"href":"https:\/\/cliniclesalpes.com\/fr\/wp-json\/wp\/v2\/posts\/86469","targetHints":{"allow":["GET"]}}],"collection":[{"href":"https:\/\/cliniclesalpes.com\/fr\/wp-json\/wp\/v2\/posts"}],"about":[{"href":"https:\/\/cliniclesalpes.com\/fr\/wp-json\/wp\/v2\/types\/post"}],"author":[{"embeddable":true,"href":"https:\/\/cliniclesalpes.com\/fr\/wp-json\/wp\/v2\/users\/1"}],"replies":[{"embeddable":true,"href":"https:\/\/cliniclesalpes.com\/fr\/wp-json\/wp\/v2\/comments?post=86469"}],"version-history":[{"count":2,"href":"https:\/\/cliniclesalpes.com\/fr\/wp-json\/wp\/v2\/posts\/86469\/revisions"}],"predecessor-version":[{"id":114209,"href":"https:\/\/cliniclesalpes.com\/fr\/wp-json\/wp\/v2\/posts\/86469\/revisions\/114209"}],"wp:featuredmedia":[{"embeddable":true,"href":"https:\/\/cliniclesalpes.com\/fr\/wp-json\/wp\/v2\/media\/114205"}],"wp:attachment":[{"href":"https:\/\/cliniclesalpes.com\/fr\/wp-json\/wp\/v2\/media?parent=86469"}],"wp:term":[{"taxonomy":"category","embeddable":true,"href":"https:\/\/cliniclesalpes.com\/fr\/wp-json\/wp\/v2\/categories?post=86469"},{"taxonomy":"post_tag","embeddable":true,"href":"https:\/\/cliniclesalpes.com\/fr\/wp-json\/wp\/v2\/tags?post=86469"}],"curies":[{"name":"wp","href":"https:\/\/api.w.org\/{rel}","templated":true}]}}