{"id":96119,"date":"2026-08-19T15:38:02","date_gmt":"2026-08-19T15:38:02","guid":{"rendered":"https:\/\/cliniclesalpes.com\/?p=96119"},"modified":"2026-08-19T17:27:11","modified_gmt":"2026-08-19T17:27:11","slug":"comment-guerir-traumatisme-enfance","status":"publish","type":"post","link":"https:\/\/cliniclesalpes.com\/fr\/blog\/2026\/08\/19\/comment-guerir-traumatisme-enfance\/","title":{"rendered":"Comment gu\u00e9rir d&rsquo;un traumatisme de l&rsquo;enfance\u00a0?"},"content":{"rendered":"\r\n<p class=\"wp-block-paragraph\"><strong>Votre enfance vous poursuit encore aujourd&rsquo;hui<\/strong>. Relations bris\u00e9es, anxi\u00e9t\u00e9 permanente, difficult\u00e9s \u00e0 faire confiance\u00a0: ces sympt\u00f4mes cachent souvent un traumatisme psychologique non r\u00e9solu.\u00a0<\/p>\r\n\r\n\r\n\r\n<p class=\"wp-block-paragraph\"><strong>Comment gu\u00e9rir d&rsquo;un traumatisme de l&rsquo;enfance \u00e0 l&rsquo;\u00e2ge adulte\u00a0?<\/strong> Cette question hante de nombreux adultes prisonniers de leur pass\u00e9.\u00a0<\/p>\r\n\r\n\r\n\r\n<p class=\"wp-block-paragraph\">L&rsquo;\u00e9v\u00e9nement traumatique v\u00e9cu autrefois continue de fa\u00e7onner votre vie \u00e9motionnelle, cr\u00e9ant des blocages que vous ne comprenez pas toujours. Chaque souvenir douloureux agit comme un fant\u00f4me qui influence vos choix et vos comportements actuels.\u00a0<\/p>\r\n\r\n\r\n\r\n<p class=\"wp-block-paragraph\">Heureusement, des solutions th\u00e9rapeutiques existent pour <strong>vous lib\u00e9rer de ces blessures anciennes<\/strong>. Laissez-nous vous guider vers la reconstruction et la paix int\u00e9rieure que vous m\u00e9ritez.<\/p>\r\n\r\n\r\n\r\n<h2 class=\"wp-block-heading\">Comprendre les traumatismes de l&rsquo;enfance et leurs r\u00e9percussions<\/h2>\r\n\r\n\r\n\r\n<p class=\"wp-block-paragraph\">Un traumatisme de l&rsquo;enfance na\u00eet d&rsquo;un \u00e9v\u00e9nement traumatisant qui d\u00e9passe les capacit\u00e9s d&rsquo;adaptation d&rsquo;une personne jeune. Ces exp\u00e9riences douloureuses marquent profond\u00e9ment le d\u00e9veloppement psychologique et laissent des s\u00e9quelles durables dans la m\u00e9moire traumatique. Le cerveau d&rsquo;un enfant, encore en formation, r\u00e9agit diff\u00e9remment face \u00e0 ces situations de d\u00e9tresse.<\/p>\r\n\r\n\r\n\r\n<p class=\"wp-block-paragraph\">L&rsquo;Organisation mondiale de la sant\u00e9 reconna\u00eet plusieurs formes de traumatismes\u00a0<a href=\"https:\/\/iris.who.int\/bitstream\/handle\/10665\/161367\/1\/9789241508018_fre.pdf\" target=\"_blank\" rel=\"noopener\"><sup>1<\/sup><\/a>\u00a0:\u00a0<\/p>\r\n\r\n\r\n\r\n<ul class=\"wp-block-list\">\r\n<li>l&rsquo;abus sexuel,\u00a0<\/li>\r\n\r\n\r\n\r\n<li>la violence physique ou psychologique,\u00a0<\/li>\r\n\r\n\r\n\r\n<li>la n\u00e9gligence grave,\u00a0<\/li>\r\n\r\n\r\n\r\n<li>ou encore la perte brutale d&rsquo;un parent.\u00a0<\/li>\r\n<\/ul>\r\n\r\n\r\n\r\n<p class=\"wp-block-paragraph\">Chaque enfant qui a subi un traumatisme d\u00e9veloppe des m\u00e9canismes de survie uniques. Son syst\u00e8me nerveux s&rsquo;adapte \u00e0 cette r\u00e9alit\u00e9 douloureuse, cr\u00e9ant parfois une amn\u00e9sie traumatique ou des troubles de stress post-traumatique.<\/p>\r\n\r\n\r\n\r\n<p class=\"wp-block-paragraph\"><strong>Ces blessures de l&rsquo;enfance fa\u00e7onnent la personnalit\u00e9 adulte <\/strong>de mani\u00e8re complexe. L&rsquo;enfant confront\u00e9 \u00e0 la souffrance int\u00e8gre ces exp\u00e9riences comme une r\u00e9alit\u00e9 \u00ab\u00a0normale\u00a0\u00bb, ce qui influence ses relations futures et sa sant\u00e9 mentale.<\/p>\r\n\r\n\r\n\r\n<figure class=\"wp-block-image size-full\"><img decoding=\"async\" class=\"wp-image-96120\" src=\"https:\/\/cliniclesalpes.com\/wp-content\/uploads\/2025\/06\/image-5.png\" alt=\"\" \/><\/figure>\r\n\r\n\r\n\r\n<h2 class=\"wp-block-heading\">Quels sont les sympt\u00f4mes des traumatismes d&rsquo;enfance\u00a0?<\/h2>\r\n\r\n\r\n\r\n<p class=\"wp-block-paragraph\">Ces blessures de l&rsquo;enfance ne disparaissent pas avec le temps. Elles se manifestent chez l&rsquo;adulte \u00e0 travers des sympt\u00f4mes vari\u00e9s, parfois non identifi\u00e9s pendant des ann\u00e9es. Ces troubles cr\u00e9ent des cons\u00e9quences durables sur la sant\u00e9 psychique, les relations et les comportements quotidiens.<\/p>\r\n\r\n\r\n\r\n<h3 class=\"wp-block-heading\">Les manifestations psychologiques et \u00e9motionnelles<\/h3>\r\n\r\n\r\n\r\n<p class=\"wp-block-paragraph\"><a href=\"https:\/\/cliniclesalpes.com\/fr\/blog\/une-clinique-contre-les-troubles-de-lanxiete\/\" target=\"_blank\" rel=\"noreferrer noopener\">L&rsquo;anxi\u00e9t\u00e9<\/a> frappe souvent les adultes victimes de traumatismes d&rsquo;enfance. Cette d\u00e9tresse \u00e9motionnelle surgit sans raison apparente\u00a0:<\/p>\r\n\r\n\r\n\r\n<ul class=\"wp-block-list\">\r\n<li>crises de panique,\u00a0<\/li>\r\n\r\n\r\n\r\n<li>troubles du sommeil,\u00a0<\/li>\r\n\r\n\r\n\r\n<li>hypervigilance constante.\u00a0<\/li>\r\n<\/ul>\r\n\r\n\r\n\r\n<p class=\"wp-block-paragraph\">La d\u00e9pression s&rsquo;installe \u00e9galement, cr\u00e9ant <a href=\"https:\/\/cliniclesalpes.com\/fr\/blog\/comprendre-le-mal-etre-et-comment-clinic-les-alpes-peut-vous-aider\/\" target=\"_blank\" rel=\"noreferrer noopener\">un mal-\u00eatre<\/a> profond qui ronge l&rsquo;estime de soi. Ces personnes vivent une souffrance psychique intense, marqu\u00e9e par des \u00e9pisodes de col\u00e8re inexpliqu\u00e9e ou des p\u00e9riodes de vide \u00e9motionnel.<\/p>\r\n\r\n\r\n\r\n<p class=\"wp-block-paragraph\"><a href=\"https:\/\/cliniclesalpes.com\/fr\/blog\/comprendre-le-trouble-de-stress-post-traumatique-et-ses-traitements-possibles\/\" target=\"_blank\" rel=\"noreferrer noopener\">Le trouble de stress post-traumatique<\/a> se d\u00e9veloppe chez certains adultes. Ils revivent leur pass\u00e9 \u00e0 travers des flashbacks, des cauchemars r\u00e9currents ou des r\u00e9actions de peur face \u00e0 des stimulations qui rappellent leur histoire. Cette d\u00e9tresse psychologique n\u00e9cessite l&rsquo;intervention d&rsquo;un psychoth\u00e9rapeute sp\u00e9cialis\u00e9 pour aider la personne \u00e0 surmonter ces \u00e9preuves.<\/p>\r\n\r\n\r\n\r\n<h3 class=\"wp-block-heading\">Les r\u00e9percussions sur les relations et la vie sociale<\/h3>\r\n\r\n\r\n\r\n<p class=\"wp-block-paragraph\"><strong>Les traumatismes d&rsquo;enfance d\u00e9truisent la capacit\u00e9 \u00e0 faire confiance<\/strong>. Les relations amoureuses deviennent compliqu\u00e9es, marqu\u00e9es par la peur de l&rsquo;abandon ou l&rsquo;attachement excessif. Beaucoup d&rsquo;adultes traversent<a href=\"https:\/\/cliniclesalpes.com\/fr\/blog\/les-7-phases-de-la-rupture-de-la-douleur-a-la-reconstruction\/\" target=\"_blank\" rel=\"noreferrer noopener\"> les 7 phases de la rupture<\/a> de mani\u00e8re plus douloureuse, leur pass\u00e9 amplifiant chaque s\u00e9paration.<\/p>\r\n\r\n\r\n\r\n<p class=\"wp-block-paragraph\">Le soutien social s&rsquo;effrite progressivement. Ces personnes s&rsquo;isolent de leur famille et de leurs proches, incapables de maintenir des liens sains. Elles reproduisent inconsciemment les sch\u00e9mas dysfonctionnels v\u00e9cus dans l&rsquo;enfance.<\/p>\r\n\r\n\r\n\r\n<h3 class=\"wp-block-heading\">Les troubles du comportement et les addictions<\/h3>\r\n\r\n\r\n\r\n<p class=\"wp-block-paragraph\"><strong>Le corps garde la m\u00e9moire de ces blessures<\/strong>.\u00a0<\/p>\r\n\r\n\r\n\r\n<p class=\"wp-block-paragraph\">Beaucoup d\u00e9veloppent des addictions pour \u00e9chapper \u00e0 leur souffrance\u00a0:<a href=\"https:\/\/cliniclesalpes.com\/fr\/blog\/derriere-le-champagne-et-les-cocktails-comprendre-lalcoolisme-mondain\/\">\u00a0<\/a><\/p>\r\n\r\n\r\n\r\n<ul class=\"wp-block-list\">\r\n<li><a href=\"https:\/\/cliniclesalpes.com\/fr\/blog\/derriere-le-champagne-et-les-cocktails-comprendre-lalcoolisme-mondain\/\" target=\"_blank\" rel=\"noreferrer noopener\">alcoolisme mondain<\/a>,<a href=\"https:\/\/cliniclesalpes.com\/fr\/blog\/comment-arreter-le-porno-et-reprendre-le-controle-de-votre-vie\/\">\u00a0<\/a><\/li>\r\n\r\n\r\n\r\n<li><a href=\"https:\/\/cliniclesalpes.com\/fr\/blog\/comment-arreter-le-porno-et-reprendre-le-controle-de-votre-vie\/\" target=\"_blank\" rel=\"noreferrer noopener\">d\u00e9pendance \u00e0 la pornographie<\/a>,\u00a0<\/li>\r\n\r\n\r\n\r\n<li>ou consommation de substances comme la coca\u00efne.\u00a0<\/li>\r\n<\/ul>\r\n\r\n\r\n\r\n<p class=\"wp-block-paragraph\">Ces comportements \u00e0 risque masquent temporairement la d\u00e9tresse, mais aggravent les probl\u00e8mes \u00e0 long terme.<\/p>\r\n\r\n\r\n\r\n<figure class=\"wp-block-image size-full\"><img decoding=\"async\" class=\"wp-image-96121\" src=\"https:\/\/cliniclesalpes.com\/wp-content\/uploads\/2025\/06\/image-6.png\" alt=\"\" \/><\/figure>\r\n\r\n\r\n\r\n<h2 class=\"wp-block-heading\">Les \u00e9tapes de la gu\u00e9rison d&rsquo;un traumatisme d&rsquo;enfance<\/h2>\r\n\r\n\r\n\r\n<p class=\"wp-block-paragraph\">Face aux sympt\u00f4mes identifi\u00e9s, la gu\u00e9rison devient un processus structur\u00e9 qui demande du temps et de la patience. Chaque personne progresse \u00e0 son rythme, mais certaines \u00e9tapes universelles jalonnent ce chemin vers la lib\u00e9ration\u00a0:<\/p>\r\n\r\n\r\n\r\n<ol class=\"wp-block-list\">\r\n<li><strong>Reconna\u00eetre et accepter le traumatisme<\/strong> : la personne prend conscience de l&rsquo;effet de son pass\u00e9 sur sa vie actuelle, sans minimiser les cons\u00e9quences subies.<\/li>\r\n\r\n\r\n\r\n<li><strong>Consulter un psychologue sp\u00e9cialis\u00e9<\/strong> : cette consultation marque le d\u00e9but d&rsquo;un travail th\u00e9rapeutique adapt\u00e9 aux besoins de chaque histoire personnelle.<\/li>\r\n\r\n\r\n\r\n<li><strong>Explorer les \u00e9motions enfouies<\/strong> : le th\u00e9rapeute identifie les sentiments associ\u00e9s au choc initial, qu&rsquo;il s&rsquo;agisse de col\u00e8re, de tristesse ou de peur.<\/li>\r\n\r\n\r\n\r\n<li><strong>D\u00e9velopper de nouvelles habitudes<\/strong> : remplacer les m\u00e9canismes de d\u00e9fense destructeurs par des techniques saines de gestion \u00e9motionnelle.<\/li>\r\n\r\n\r\n\r\n<li><strong>Reconstruire l&rsquo;estime de soi<\/strong> : retrouver confiance en ses capacit\u00e9s et changer sa relation \u00e0 soi-m\u00eame.<\/li>\r\n<\/ol>\r\n\r\n\r\n\r\n<p class=\"wp-block-paragraph\">Cette d\u00e9marche progressive lib\u00e8re la personne des cha\u00eenes invisibles de son enfance. Chaque jour apporte son lot de changements, m\u00eame minimes, vers une existence plus apais\u00e9e.<\/p>\r\n\r\n\r\n\r\n<h2 class=\"wp-block-heading\">Quelles th\u00e9rapies pour les traumatismes d&rsquo;enfance\u00a0?<\/h2>\r\n\r\n\r\n\r\n<p class=\"wp-block-paragraph\">Une fois les \u00e9tapes identifi\u00e9es, plusieurs th\u00e9rapies sp\u00e9cialis\u00e9es aident \u00e0 <strong>surmonter les blessures de l&rsquo;enfance<\/strong>. Ces techniques th\u00e9rapeutiques modernes ciblent diff\u00e9rents aspects du traumatisme psychique et s&rsquo;adaptent aux besoins de chaque personne.<\/p>\r\n\r\n\r\n\r\n<h3 class=\"wp-block-heading\">La th\u00e9rapie EMDR : retraiter les souvenirs traumatiques<\/h3>\r\n\r\n\r\n\r\n<p class=\"wp-block-paragraph\"><strong>L&rsquo;EMDR <\/strong>(Eye Movement Desensitization and Reprocessing) r\u00e9volutionne le traitement des traumatismes. Cette th\u00e9rapie EMDR utilise la stimulation bilat\u00e9rale des yeux pour retraiter les souvenirs douloureux. Le th\u00e9rapeute guide des mouvements oculaires pendant que le patient revit mentalement l&rsquo;\u00e9v\u00e9nement traumatique.<\/p>\r\n\r\n\r\n\r\n<p class=\"wp-block-paragraph\">Cette technique lib\u00e8re la m\u00e9moire bloqu\u00e9e et diminue l&rsquo;intensit\u00e9 \u00e9motionnelle li\u00e9e au choc initial. <strong>Chaque s\u00e9ance d&rsquo;EMDR transforme progressivement la perception du v\u00e9cu<\/strong>, particuli\u00e8rement efficace suite \u00e0 des exp\u00e9riences de violence ou d&rsquo;abus. Les r\u00e9sultats se manifestent rapidement, souvent d\u00e8s les premi\u00e8res consultations.<\/p>\r\n\r\n\r\n\r\n<h3 class=\"wp-block-heading\">Les th\u00e9rapies cognitivo-comportementales adapt\u00e9es au trauma<\/h3>\r\n\r\n\r\n\r\n<p class=\"wp-block-paragraph\"><a href=\"https:\/\/cliniclesalpes.com\/fr\/blog\/les-addictions-traitees-par-la-therapie-cognitivo-comportementale\/\" target=\"_blank\" rel=\"noreferrer noopener\">La TCC<\/a> (th\u00e9rapie cognitivo-comportementale) identifie les pens\u00e9es n\u00e9gatives li\u00e9es au pass\u00e9 traumatique. Cette technique comportementale modifie les sch\u00e9mas mentaux dysfonctionnels d\u00e9velopp\u00e9s dans l&rsquo;enfance. Le psychologue accompagne le patient dans la reconnaissance de ses automatismes de pens\u00e9e.<\/p>\r\n\r\n\r\n\r\n<p class=\"wp-block-paragraph\"><strong>Ces s\u00e9ances r\u00e9v\u00e8lent les liens entre pens\u00e9es, \u00e9motions et comportements<\/strong>. La personne apprend \u00e0 remplacer ses r\u00e9flexes destructeurs par des r\u00e9actions plus saines face aux difficult\u00e9s quotidiennes.<\/p>\r\n\r\n\r\n\r\n<figure class=\"wp-block-image size-full\"><img decoding=\"async\" class=\"wp-image-96122\" src=\"https:\/\/cliniclesalpes.com\/wp-content\/uploads\/2025\/06\/image-7.png\" alt=\"\" \/><\/figure>\r\n\r\n\r\n\r\n<h3 class=\"wp-block-heading\">Les approches corporelles et la r\u00e9gulation \u00e9motionnelle<\/h3>\r\n\r\n\r\n\r\n<p class=\"wp-block-paragraph\"><strong>Le corps garde la trace des traumatismes<\/strong>. Les th\u00e9rapies corporelles aident \u00e0 ressentir \u00e0 nouveau ses sensations physiques en s\u00e9curit\u00e9. Ces techniques travaillent sur la r\u00e9gulation \u00e9motionnelle par\u00a0:<\/p>\r\n\r\n\r\n\r\n<ul class=\"wp-block-list\">\r\n<li>la respiration,\u00a0<\/li>\r\n\r\n\r\n\r\n<li>le mouvement\u00a0<\/li>\r\n\r\n\r\n\r\n<li>et la conscience corporelle.<\/li>\r\n<\/ul>\r\n\r\n\r\n\r\n<h3 class=\"wp-block-heading\">Comment pratiquer la pleine conscience pour gu\u00e9rir ?<\/h3>\r\n\r\n\r\n\r\n<p class=\"wp-block-paragraph\"><strong>La m\u00e9ditation de pleine conscience ancre la personne dans l&rsquo;instant pr\u00e9sent<\/strong>. Cette technique d\u00e9veloppe une conscience apais\u00e9e de ses pens\u00e9es et \u00e9motions sans jugement. L&rsquo;\u00e9tat de pleine conscience aide \u00e0 sortir des ruminations li\u00e9es au pass\u00e9 et \u00e0 construire une nouvelle relation avec soi-m\u00eame.<\/p>\r\n\r\n\r\n\r\n<h2 class=\"wp-block-heading\">L&rsquo;accompagnement sp\u00e9cialis\u00e9 \u00e0 Clinic Les Alpes<\/h2>\r\n\r\n\r\n\r\n<p class=\"wp-block-paragraph\">Ces diff\u00e9rentes th\u00e9rapies trouvent leur pleine efficacit\u00e9 dans un cadre adapt\u00e9. <strong>Clinic Les Alpes d\u00e9veloppe une expertise reconnue dans le traitement des traumatismes de l&rsquo;enfance<\/strong>, combinant plusieurs techniques th\u00e9rapeutiques au sein d&rsquo;un environnement s\u00e9curisant et bienveillant.<\/p>\r\n\r\n\r\n\r\n<h3 class=\"wp-block-heading\">Une prise en charge individualis\u00e9e et multidisciplinaire<\/h3>\r\n\r\n\r\n\r\n<p class=\"wp-block-paragraph\"><strong>Chaque patient b\u00e9n\u00e9ficie d&rsquo;un accompagnement sur mesure<\/strong>, adapt\u00e9 \u00e0 son histoire personnelle et \u00e0 ses traumatismes sp\u00e9cifiques. L&rsquo;\u00e9quipe multidisciplinaire r\u00e9unit psychoth\u00e9rapeutes, psychiatres et th\u00e9rapeutes corporels autour d&rsquo;un projet de soin commun. Cette prise en charge globale consid\u00e8re tous les aspects du traumatisme\u00a0:\u00a0<\/p>\r\n\r\n\r\n\r\n<ul class=\"wp-block-list\">\r\n<li>les blessures \u00e9motionnelles li\u00e9es \u00e0 la relation avec la m\u00e8re ou le parent d\u00e9faillant,\u00a0<\/li>\r\n\r\n\r\n\r\n<li>les cons\u00e9quences sur l&rsquo;estime de soi,\u00a0<\/li>\r\n\r\n\r\n\r\n<li>et l&rsquo;\u00e9tat de stress post-traumatique.<\/li>\r\n<\/ul>\r\n\r\n\r\n\r\n<p class=\"wp-block-paragraph\">Deux consultations individuelles quotidiennes rythment le s\u00e9jour, alternant psychoth\u00e9rapie traditionnelle et techniques innovantes. Ce soutien intensif aide chaque personne \u00e0 lib\u00e9rer sa parole et \u00e0 soigner ses blessures les plus profondes.<\/p>\r\n\r\n\r\n\r\n<h3 class=\"wp-block-heading\">Les th\u00e9rapies innovantes et l&rsquo;environnement th\u00e9rapeutique<\/h3>\r\n\r\n\r\n\r\n<p class=\"wp-block-paragraph\"><strong>La clinique int\u00e8gre l&rsquo;EMDR, l&rsquo;art-th\u00e9rapie et les th\u00e9rapies corporelles <\/strong>dans un cadre alpin apaisant qui favorise la gu\u00e9rison. Cet environnement s\u00e9curis\u00e9, loin des d\u00e9clencheurs du quotidien, cr\u00e9e les conditions id\u00e9ales pour un travail th\u00e9rapeutique en profondeur. Le lieu lui-m\u00eame participe au processus de gu\u00e9rison\u00a0: chaque espace respire la s\u00e9r\u00e9nit\u00e9 et la confidentialit\u00e9.<\/p>\r\n\r\n\r\n\r\n<h3 class=\"wp-block-heading\">Le suivi \u00e0 long terme et la pr\u00e9vention des rechutes<\/h3>\r\n\r\n\r\n\r\n<p class=\"wp-block-paragraph\"><strong>L&rsquo;accompagnement ne s&rsquo;arr\u00eate pas \u00e0 la fin du s\u00e9jour<\/strong>. Un suivi personnalis\u00e9 s&rsquo;\u00e9tend sur plusieurs mois, avec des consultations r\u00e9guli\u00e8res et un soutien \u00e0 distance. Cette continuit\u00e9 dans le temps consolide les acquis th\u00e9rapeutiques et accompagne la construction d&rsquo;une nouvelle existence.\u00a0<\/p>\r\n\r\n\r\n\r\n<p class=\"wp-block-paragraph\">Chaque personne repart avec des outils concrets et un r\u00e9seau de soutien solide pour agir face aux difficult\u00e9s futures.<\/p>\r\n\r\n\r\n\r\n<figure class=\"wp-block-image size-full\"><img decoding=\"async\" class=\"wp-image-96123\" src=\"https:\/\/cliniclesalpes.com\/wp-content\/uploads\/2025\/06\/image-8.png\" alt=\"\" \/><\/figure>\r\n","protected":false},"excerpt":{"rendered":"<p>Votre enfance vous poursuit encore aujourd&rsquo;hui. Relations bris\u00e9es, anxi\u00e9t\u00e9 permanente, difficult\u00e9s \u00e0 faire confiance\u00a0: ces sympt\u00f4mes cachent souvent un traumatisme psychologique non r\u00e9solu.\u00a0 Comment gu\u00e9rir d&rsquo;un traumatisme de l&rsquo;enfance \u00e0 l&rsquo;\u00e2ge adulte\u00a0? Cette question hante de nombreux adultes prisonniers de leur pass\u00e9.\u00a0 L&rsquo;\u00e9v\u00e9nement traumatique v\u00e9cu autrefois continue de fa\u00e7onner votre vie \u00e9motionnelle, cr\u00e9ant des blocages [&hellip;]<\/p>\n","protected":false},"author":1,"featured_media":114160,"comment_status":"closed","ping_status":"closed","sticky":false,"template":"","format":"standard","meta":{"_acf_changed":false,"footnotes":""},"categories":[117],"tags":[],"class_list":["post-96119","post","type-post","status-publish","format-standard","has-post-thumbnail","hentry","category-sante-mentale-et-bien-etre"],"acf":[],"_links":{"self":[{"href":"https:\/\/cliniclesalpes.com\/fr\/wp-json\/wp\/v2\/posts\/96119","targetHints":{"allow":["GET"]}}],"collection":[{"href":"https:\/\/cliniclesalpes.com\/fr\/wp-json\/wp\/v2\/posts"}],"about":[{"href":"https:\/\/cliniclesalpes.com\/fr\/wp-json\/wp\/v2\/types\/post"}],"author":[{"embeddable":true,"href":"https:\/\/cliniclesalpes.com\/fr\/wp-json\/wp\/v2\/users\/1"}],"replies":[{"embeddable":true,"href":"https:\/\/cliniclesalpes.com\/fr\/wp-json\/wp\/v2\/comments?post=96119"}],"version-history":[{"count":2,"href":"https:\/\/cliniclesalpes.com\/fr\/wp-json\/wp\/v2\/posts\/96119\/revisions"}],"predecessor-version":[{"id":114164,"href":"https:\/\/cliniclesalpes.com\/fr\/wp-json\/wp\/v2\/posts\/96119\/revisions\/114164"}],"wp:featuredmedia":[{"embeddable":true,"href":"https:\/\/cliniclesalpes.com\/fr\/wp-json\/wp\/v2\/media\/114160"}],"wp:attachment":[{"href":"https:\/\/cliniclesalpes.com\/fr\/wp-json\/wp\/v2\/media?parent=96119"}],"wp:term":[{"taxonomy":"category","embeddable":true,"href":"https:\/\/cliniclesalpes.com\/fr\/wp-json\/wp\/v2\/categories?post=96119"},{"taxonomy":"post_tag","embeddable":true,"href":"https:\/\/cliniclesalpes.com\/fr\/wp-json\/wp\/v2\/tags?post=96119"}],"curies":[{"name":"wp","href":"https:\/\/api.w.org\/{rel}","templated":true}]}}