{"id":96126,"date":"2026-08-19T15:38:01","date_gmt":"2026-08-19T15:38:01","guid":{"rendered":"https:\/\/cliniclesalpes.com\/?p=96126"},"modified":"2026-08-19T17:27:12","modified_gmt":"2026-08-19T17:27:12","slug":"perte-de-sens","status":"publish","type":"post","link":"https:\/\/cliniclesalpes.com\/fr\/blog\/2026\/08\/19\/perte-de-sens\/","title":{"rendered":"Quand la perte de sens envahit votre quotidien : comprendre et agir pour retrouver l&rsquo;\u00e9quilibre"},"content":{"rendered":"\r\n<p class=\"wp-block-paragraph\">Le r\u00e9veil sonne, mais votre corps reste lourd dans le lit. \u00ab\u00a0<strong>\u00c0 quoi bon me lever\u00a0?<\/strong>\u00a0\u00bb Cette question lancinante hante vos matins depuis des semaines. Chaque geste du quotidien semble d\u00e9nu\u00e9 de finalit\u00e9, chaque t\u00e2che professionnelle r\u00e9sonne comme une absurdit\u00e9.\u00a0<\/p>\r\n\r\n\r\n\r\n<p class=\"wp-block-paragraph\">Cette sensation de vide int\u00e9rieur, <strong>cette perte de sens qui envahit progressivement votre existence<\/strong>, vous n&rsquo;\u00eates pas seul \u00e0 la ressentir.<\/p>\r\n\r\n\r\n\r\n<p class=\"wp-block-paragraph\">Cette crise existentielle touche des millions de personnes, mais elle n&rsquo;est pas une fatalit\u00e9. Des solutions concr\u00e8tes existent pour retrouver votre \u00e9lan vital et redonner du sens \u00e0 votre vie. D\u00e9couvrez dans cet article les m\u00e9canismes de cette souffrance et les chemins vers votre renaissance personnelle.<\/p>\r\n\r\n\r\n\r\n<h2 class=\"wp-block-heading\">Les manifestations de la perte de sens dans votre existence<\/h2>\r\n\r\n\r\n\r\n<p class=\"wp-block-paragraph\"><strong>La perte de sens se d\u00e9finit comme une crise existentielle profonde <\/strong>o\u00f9 votre existence semble d\u00e9nu\u00e9e de finalit\u00e9 et d&rsquo;utilit\u00e9. Cette sensation de vide int\u00e9rieur touche simultan\u00e9ment plusieurs sph\u00e8res de votre vie, cr\u00e9ant un sentiment d&rsquo;isolement et de d\u00e9valorisation g\u00e9n\u00e9ralis\u00e9.<\/p>\r\n\r\n\r\n\r\n<p class=\"wp-block-paragraph\"><strong>Dans votre vie professionnelle<\/strong>, cette crise se manifeste le plus souvent par\u00a0:<\/p>\r\n\r\n\r\n\r\n<ul class=\"wp-block-list\">\r\n<li>l&rsquo;absurdit\u00e9 du travail quotidien,\u00a0<\/li>\r\n\r\n\r\n\r\n<li>un manque de motivation chronique\u00a0<\/li>\r\n\r\n\r\n\r\n<li>et une d\u00e9motivation collective.\u00a0<\/li>\r\n<\/ul>\r\n\r\n\r\n\r\n<p class=\"wp-block-paragraph\">Le brown out s&rsquo;installe alors\u00a0: vous continuez \u00e0 travailler m\u00e9caniquement, mais l&rsquo;engagement et la satisfaction professionnelle disparaissent. L&rsquo;\u00e9puisement professionnel guette, accompagn\u00e9 de sympt\u00f4mes de stress et d&rsquo;un sentiment d&rsquo;inutilit\u00e9 face \u00e0 vos t\u00e2ches.<\/p>\r\n\r\n\r\n\r\n<p class=\"wp-block-paragraph\"><strong>Votre sph\u00e8re personnelle n&rsquo;\u00e9chappe pas \u00e0 cette d\u00e9tresse<\/strong>\u00a0:<\/p>\r\n\r\n\r\n\r\n<ul class=\"wp-block-list\">\r\n<li>Les relations familiales se d\u00e9gradent<\/li>\r\n\r\n\r\n\r\n<li>L&rsquo;envie de s&rsquo;impliquer s&rsquo;amenuise<\/li>\r\n\r\n\r\n\r\n<li>La d\u00e9personnalisation s&rsquo;installe progressivement.\u00a0<\/li>\r\n<\/ul>\r\n\r\n\r\n\r\n<p class=\"wp-block-paragraph\">Vous traversez des \u00e9pisodes de <a href=\"https:\/\/cliniclesalpes.com\/fr\/blog\/une-clinique-contre-les-troubles-de-lanxiete\/\" target=\"_blank\" rel=\"noreferrer noopener\">troubles anxieux<\/a> et ressentez une impression de confusion face aux choix \u00e0 faire.<\/p>\r\n\r\n\r\n\r\n<p class=\"wp-block-paragraph\">Cette crise existentielle g\u00e9n\u00e8re <a href=\"https:\/\/cliniclesalpes.com\/fr\/blog\/comprendre-le-mal-etre-et-comment-clinic-les-alpes-peut-vous-aider\/\" target=\"_blank\" rel=\"noreferrer noopener\">un \u00e9tat de mal-\u00eatre global<\/a>\u00a0:\u00a0<\/p>\r\n\r\n\r\n\r\n<ul class=\"wp-block-list\">\r\n<li>Fatigue chronique,\u00a0<\/li>\r\n\r\n\r\n\r\n<li>Tristesse inexpliqu\u00e9e<\/li>\r\n\r\n\r\n\r\n<li>Doutes constants sur votre direction de vie.\u00a0<\/li>\r\n<\/ul>\r\n\r\n\r\n\r\n<p class=\"wp-block-paragraph\">Votre sant\u00e9 mentale se fragilise, et l&rsquo;angoisse grandit face \u00e0 l&rsquo;absence de but clair dans votre quotidien.<\/p>\r\n\r\n\r\n\r\n<figure class=\"wp-block-image size-full\"><img decoding=\"async\" class=\"wp-image-96127\" src=\"https:\/\/cliniclesalpes.com\/wp-content\/uploads\/2025\/06\/image-9.png\" alt=\"\" \/><\/figure>\r\n\r\n\r\n\r\n<h2 class=\"wp-block-heading\">Les causes profondes de cette crise existentielle<\/h2>\r\n\r\n\r\n\r\n<p class=\"wp-block-paragraph\">Face \u00e0 ces manifestations douloureuses, identifier les origines de votre perte de motivation vous permet de mieux cibler les actions concr\u00e8tes \u00e0 mettre en place. Cette introspection salutaire \u00e9claire les m\u00e9canismes \u00e0 l&rsquo;\u0153uvre et ouvre le chemin vers des solutions durables.<\/p>\r\n\r\n\r\n\r\n<h3 class=\"wp-block-heading\">Les facteurs personnels et introspectifs<\/h3>\r\n\r\n\r\n\r\n<p class=\"wp-block-paragraph\">Votre qu\u00eate de sens personnel r\u00e9v\u00e8le <strong>un d\u00e9calage profond entre vos valeurs authentiques et votre r\u00e9alit\u00e9 quotidienne<\/strong>. Cette r\u00e9sistance \u00e0 la motivation na\u00eet de l&rsquo;absence d&rsquo;objectifs clairs align\u00e9s sur votre vision personnelle. Vous fonctionnez sans direction pr\u00e9cise, ce qui g\u00e9n\u00e8re un sentiment d&rsquo;absurdit\u00e9 face \u00e0 vos efforts.<\/p>\r\n\r\n\r\n\r\n<p class=\"wp-block-paragraph\"><strong>Une insuffisante introspection aggrave cette situation\u00a0<\/strong>: vous traversez votre existence sans prendre le temps de vous poser les bonnes questions sur votre identit\u00e9 profonde. Cette m\u00e9connaissance de soi amplifie le sentiment de vide et la difficult\u00e9 \u00e0 redonner du sens \u00e0 vos actions.<\/p>\r\n\r\n\r\n\r\n<h3 class=\"wp-block-heading\">L&rsquo;environnement professionnel et l&rsquo;organisation du travail<\/h3>\r\n\r\n\r\n\r\n<p class=\"wp-block-paragraph\">L&rsquo;\u00e9volution moderne de l&rsquo;entreprise g\u00e9n\u00e8re une crise d&rsquo;engagement des employ\u00e9s sans pr\u00e9c\u00e9dent. L&rsquo;organisation du travail actuelle d\u00e9connecte le salari\u00e9 de l&rsquo;utilit\u00e9 de sa fonction, cr\u00e9ant un impact social n\u00e9gatif sur la satisfaction au travail. L&rsquo;absence de reconnaissance et la d\u00e9gradation du moral collectif accentuent ces r\u00e9percussions sur la vie professionnelle.<\/p>\r\n\r\n\r\n\r\n<p class=\"wp-block-paragraph\"><strong>Le burn out guette chaque personne prise dans cet engrenage<\/strong>, tandis que l&rsquo;absent\u00e9isme augmente. Cette situation pose la question fondamentale de l&rsquo;activit\u00e9 professionnelle\u00a0: comment s&rsquo;impliquer dans un contexte qui ne valorise ni vos comp\u00e9tences ni votre contribution\u00a0?<\/p>\r\n\r\n\r\n\r\n<figure class=\"wp-block-image size-full\"><img decoding=\"async\" class=\"wp-image-96128\" src=\"https:\/\/cliniclesalpes.com\/wp-content\/uploads\/2025\/06\/image-10.png\" alt=\"\" \/><\/figure>\r\n\r\n\r\n\r\n<h3 class=\"wp-block-heading\">Les \u00e9v\u00e9nements de vie et les transitions difficiles<\/h3>\r\n\r\n\r\n\r\n<p class=\"wp-block-paragraph\">Certaines \u00e9preuves personnelles d\u00e9clenchent brutalement une remise en question existentielle. <a href=\"https:\/\/cliniclesalpes.com\/fr\/blog\/les-7-phases-de-la-rupture-de-la-douleur-a-la-reconstruction\/\" target=\"_blank\" rel=\"noreferrer noopener\">Une rupture familiale<\/a>, un deuil ou une reconversion professionnelle forc\u00e9e vous confronte \u00e0 votre fragilit\u00e9. Ces \u00e9v\u00e9nements r\u00e9v\u00e8lent le caract\u00e8re pr\u00e9caire de vos certitudes et questionnent vos priorit\u00e9s.<\/p>\r\n\r\n\r\n\r\n<p class=\"wp-block-paragraph\">Ces transitions difficiles \u00e0 g\u00e9rer g\u00e9n\u00e8rent anxi\u00e9t\u00e9 et souffrance, mais elles ouvrent aussi la possibilit\u00e9 d&rsquo;explorer de nouvelles opportunit\u00e9s. Votre point de vue sur l&rsquo;existence change, vous amenant \u00e0 reconsid\u00e9rer ce qui compte vraiment dans votre parcours.<\/p>\r\n\r\n\r\n\r\n<h2 class=\"wp-block-heading\">Comment retrouver du sens : des actions concr\u00e8tes pour rebondir<\/h2>\r\n\r\n\r\n\r\n<p class=\"wp-block-paragraph\">Une fois les origines de votre crise identifi\u00e9es, l&rsquo;\u00e9tape suivante consiste \u00e0 agir avec bienveillance envers vous-m\u00eame. Chaque petit changement dans votre quotidien g\u00e9n\u00e8re un impact positif sur votre \u00e9lan vital et votre vision de l&rsquo;existence.<\/p>\r\n\r\n\r\n\r\n<p class=\"wp-block-paragraph\">Voici des cl\u00e9s pour surmonter progressivement ce sentiment de perte de sens\u00a0:<\/p>\r\n\r\n\r\n\r\n<ul class=\"wp-block-list\">\r\n<li><strong>Cultiver la gratitude quotidienne<\/strong> : notez chaque soir trois \u00e9l\u00e9ments positifs de votre journ\u00e9e, m\u00eame minimes, pour reconnecter avec vos ressources int\u00e9rieures<\/li>\r\n\r\n\r\n\r\n<li><strong>Identifier vos valeurs fondamentales<\/strong> : listez ce qui compte vraiment dans votre vie et \u00e9valuez l&rsquo;alignement avec vos choix actuels<\/li>\r\n\r\n\r\n\r\n<li><strong>Cr\u00e9er des micro-projets stimulants<\/strong> : lancez-vous dans une activit\u00e9 nouvelle qui vous passionne, qu\u2019elle soit cr\u00e9ative, sportive ou sociale<\/li>\r\n\r\n\r\n\r\n<li><strong>Renouer avec votre r\u00e9seau familial et amical<\/strong> : intensifiez les contacts authentiques qui nourrissent votre sentiment d&rsquo;appartenance<\/li>\r\n\r\n\r\n\r\n<li><strong>D\u00e9finir une nouvelle vision personnelle<\/strong> : imaginez concr\u00e8tement la personne que vous souhaitez devenir dans cinq ans<\/li>\r\n\r\n\r\n\r\n<li><strong>S&rsquo;impliquer dans une cause qui vous d\u00e9passe<\/strong> : trouvez un moyen de contribuer positivement \u00e0 la soci\u00e9t\u00e9 selon vos comp\u00e9tences<\/li>\r\n<\/ul>\r\n\r\n\r\n\r\n<p class=\"wp-block-paragraph\">Ces conseils pour retrouver du sens d\u00e9clenchent un cercle vertueux qui combat naturellement la d\u00e9pression et redonne une finalit\u00e9 \u00e0 vos actions.<\/p>\r\n\r\n\r\n\r\n<figure class=\"wp-block-image size-full\"><img decoding=\"async\" class=\"wp-image-96129\" src=\"https:\/\/cliniclesalpes.com\/wp-content\/uploads\/2025\/06\/image-11.png\" alt=\"\" \/><\/figure>\r\n\r\n\r\n\r\n<h2 class=\"wp-block-heading\">L&rsquo;accompagnement th\u00e9rapeutique pour surmonter la perte de sens<\/h2>\r\n\r\n\r\n\r\n<p class=\"wp-block-paragraph\">Malgr\u00e9 ces actions personnelles, certaines difficult\u00e9s n\u00e9cessitent un soutien professionnel sp\u00e9cialis\u00e9.<\/p>\r\n\r\n\r\n\r\n<h3 class=\"wp-block-heading\">Le r\u00f4le du psychologue dans la qu\u00eate de sens<\/h3>\r\n\r\n\r\n\r\n<p class=\"wp-block-paragraph\">Le professionnel de la sant\u00e9 mentale d\u00e9construit m\u00e9thodiquement vos sch\u00e9mas n\u00e9gatifs et identifie les blocages inconscients qui freinent votre \u00e9panouissement. Cette d\u00e9marche th\u00e9rapeutique r\u00e9v\u00e8le les liens entre votre sentiment de d\u00e9valorisation actuel et vos exp\u00e9riences pass\u00e9es.<\/p>\r\n\r\n\r\n\r\n<p class=\"wp-block-paragraph\">Diff\u00e9rentes approches th\u00e9rapeutiques s&rsquo;adaptent \u00e0 votre situation particuli\u00e8re\u00a0:<\/p>\r\n\r\n\r\n\r\n<ul class=\"wp-block-list\">\r\n<li><a href=\"https:\/\/cliniclesalpes.com\/fr\/blog\/les-addictions-traitees-par-la-therapie-cognitivo-comportementale\/\" target=\"_blank\" rel=\"noreferrer noopener\">La th\u00e9rapie cognitivo-comportementale<\/a> modifie vos pens\u00e9es automatiques n\u00e9gatives<\/li>\r\n\r\n\r\n\r\n<li>L&rsquo;EMDR traite les traumatismes qui bloquent votre \u00e9lan vital<\/li>\r\n\r\n\r\n\r\n<li>La th\u00e9rapie syst\u00e9mique examine l&rsquo;impact des dynamiques familiales sur votre qu\u00eate personnelle<\/li>\r\n<\/ul>\r\n\r\n\r\n\r\n<h3 class=\"wp-block-heading\">L&rsquo;approche holistique de Clinic Les Alpes<\/h3>\r\n\r\n\r\n\r\n<p class=\"wp-block-paragraph\"><a href=\"https:\/\/cliniclesalpes.com\/fr\/equipe\/\" target=\"_blank\" rel=\"noreferrer noopener\">L&rsquo;\u00e9quipe pluridisciplinaire de Clinic Les Alpes<\/a> d\u00e9veloppe une prise en charge globale corps-esprit qui traite tous les aspects de votre souffrance. Nos th\u00e9rapies individuelles approfondissent votre introspection personnelle, tandis que<a href=\"https:\/\/cliniclesalpes.com\/fr\/blog\/le-retablissement-en-groupe-pour-les-addictions-comportementales-une-approche-humaine-et-efficace\/\" target=\"_blank\" rel=\"noreferrer noopener\"> les s\u00e9ances de groupe<\/a> cr\u00e9ent des liens authentiques avec d&rsquo;autres personnes qui partagent des questionnements similaires.<\/p>\r\n\r\n\r\n\r\n<p class=\"wp-block-paragraph\">L&rsquo;environnement alpin favorise naturellement le changement et la reconnexion avec vos \u00e9motions profondes. Cette immersion dans la nature, loin des pressions du monde ext\u00e9rieur, facilite une transformation durable de votre rapport \u00e0 l&rsquo;existence.<\/p>\r\n\r\n\r\n\r\n<figure class=\"wp-block-image size-full\"><img decoding=\"async\" class=\"wp-image-96130\" src=\"https:\/\/cliniclesalpes.com\/wp-content\/uploads\/2025\/06\/image-12.png\" alt=\"\" \/><\/figure>\r\n","protected":false},"excerpt":{"rendered":"<p>Le r\u00e9veil sonne, mais votre corps reste lourd dans le lit. \u00ab\u00a0\u00c0 quoi bon me lever\u00a0?\u00a0\u00bb Cette question lancinante hante vos matins depuis des semaines. Chaque geste du quotidien semble d\u00e9nu\u00e9 de finalit\u00e9, chaque t\u00e2che professionnelle r\u00e9sonne comme une absurdit\u00e9.\u00a0 Cette sensation de vide int\u00e9rieur, cette perte de sens qui envahit progressivement votre existence, vous [&hellip;]<\/p>\n","protected":false},"author":1,"featured_media":114155,"comment_status":"closed","ping_status":"closed","sticky":false,"template":"","format":"standard","meta":{"_acf_changed":false,"footnotes":""},"categories":[117],"tags":[],"class_list":["post-96126","post","type-post","status-publish","format-standard","has-post-thumbnail","hentry","category-sante-mentale-et-bien-etre"],"acf":[],"_links":{"self":[{"href":"https:\/\/cliniclesalpes.com\/fr\/wp-json\/wp\/v2\/posts\/96126","targetHints":{"allow":["GET"]}}],"collection":[{"href":"https:\/\/cliniclesalpes.com\/fr\/wp-json\/wp\/v2\/posts"}],"about":[{"href":"https:\/\/cliniclesalpes.com\/fr\/wp-json\/wp\/v2\/types\/post"}],"author":[{"embeddable":true,"href":"https:\/\/cliniclesalpes.com\/fr\/wp-json\/wp\/v2\/users\/1"}],"replies":[{"embeddable":true,"href":"https:\/\/cliniclesalpes.com\/fr\/wp-json\/wp\/v2\/comments?post=96126"}],"version-history":[{"count":2,"href":"https:\/\/cliniclesalpes.com\/fr\/wp-json\/wp\/v2\/posts\/96126\/revisions"}],"predecessor-version":[{"id":114159,"href":"https:\/\/cliniclesalpes.com\/fr\/wp-json\/wp\/v2\/posts\/96126\/revisions\/114159"}],"wp:featuredmedia":[{"embeddable":true,"href":"https:\/\/cliniclesalpes.com\/fr\/wp-json\/wp\/v2\/media\/114155"}],"wp:attachment":[{"href":"https:\/\/cliniclesalpes.com\/fr\/wp-json\/wp\/v2\/media?parent=96126"}],"wp:term":[{"taxonomy":"category","embeddable":true,"href":"https:\/\/cliniclesalpes.com\/fr\/wp-json\/wp\/v2\/categories?post=96126"},{"taxonomy":"post_tag","embeddable":true,"href":"https:\/\/cliniclesalpes.com\/fr\/wp-json\/wp\/v2\/tags?post=96126"}],"curies":[{"name":"wp","href":"https:\/\/api.w.org\/{rel}","templated":true}]}}