{"id":96139,"date":"2026-08-19T15:38:00","date_gmt":"2026-08-19T15:38:00","guid":{"rendered":"https:\/\/cliniclesalpes.com\/?p=96139"},"modified":"2026-08-19T17:27:13","modified_gmt":"2026-08-19T17:27:13","slug":"tdah-depression","status":"publish","type":"post","link":"https:\/\/cliniclesalpes.com\/fr\/blog\/2026\/08\/19\/tdah-depression\/","title":{"rendered":"Quand TDAH et d\u00e9pression s&rsquo;entrem\u00ealent : d\u00e9cryptage d&rsquo;un double d\u00e9fi"},"content":{"rendered":"\r\n<p class=\"wp-block-paragraph\">Trois heures pour accomplir une t\u00e2che de vingt minutes. <strong>Votre attention fuit constamment, puis la culpabilit\u00e9 vous submerge<\/strong>. Cette r\u00e9alit\u00e9 \u00e9puisante touche les personnes qui vivent avec un TDAH et une d\u00e9pression simultan\u00e9ment. Chaque difficult\u00e9 de concentration alimente un sentiment de d\u00e9valorisation. Chaque \u00e9pisode d\u00e9pressif aggrave vos troubles de l&rsquo;attention.<\/p>\r\n\r\n\r\n\r\n<p class=\"wp-block-paragraph\"><strong>Ce double trouble mental affecte votre travail, vos relations et votre sommeil.\u00a0<\/strong><\/p>\r\n\r\n\r\n\r\n<p class=\"wp-block-paragraph\"><strong>Comprendre cette comorbidit\u00e9 ouvre la voie vers des solutions concr\u00e8tes et efficaces<\/strong>. Explorons donc ensemble les m\u00e9canismes de cette association complexe et les moyens de la surmonter.<\/p>\r\n\r\n\r\n\r\n<h2 class=\"wp-block-heading\">Le TDAH et la d\u00e9pression : une comorbidit\u00e9 fr\u00e9quente mais m\u00e9connue<\/h2>\r\n\r\n\r\n\r\n<p class=\"wp-block-paragraph\">Cette association entre TDAH et d\u00e9pression touche un nombre consid\u00e9rable d&rsquo;adultes. Selon <a href=\"https:\/\/www.tdah-france.fr\/Comorbidites-du-TDAH-de-l-adulte.html\" target=\"_blank\" rel=\"noreferrer noopener\">TDAH France<\/a>, entre 35\u00a0et\u00a050\u00a0% des personnes atteintes de TDAH (Trouble D\u00e9ficit de l\u2019Attention avec ou sans Hyperactivit\u00e9) d\u00e9veloppent un \u00e9pisode d\u00e9pressif au cours de leur vie, contre seulement 15\u00a0% dans la population g\u00e9n\u00e9rale. Ce taux \u00e9lev\u00e9 d\u00e9montre la vuln\u00e9rabilit\u00e9 particuli\u00e8re des adultes diagnostiqu\u00e9s avec ce trouble de l&rsquo;attention.<\/p>\r\n\r\n\r\n\r\n<p class=\"wp-block-paragraph\"><strong>Cette comorbidit\u00e9 s&rsquo;explique par plusieurs m\u00e9canismes interconnect\u00e9s<\/strong>. D&rsquo;abord, les difficult\u00e9s chroniques li\u00e9es au TDAH (probl\u00e8mes de concentration, oublis r\u00e9p\u00e9t\u00e9s, difficult\u00e9s relationnelles) g\u00e9n\u00e8rent un sentiment d&rsquo;\u00e9chec persistant. Cette accumulation de frustrations alimente progressivement un \u00e9tat d\u00e9pressif. Inversement, la d\u00e9pression aggrave les sympt\u00f4mes du TDAH, cr\u00e9ant un cercle vicieux difficile \u00e0 briser.<\/p>\r\n\r\n\r\n\r\n<p class=\"wp-block-paragraph\">Le cerveau partage \u00e9galement des circuits neurologiques communs dans ces deux troubles mentaux. Les neurotransmetteurs comme la dopamine et la noradr\u00e9naline jouent un double r\u00f4le dans la r\u00e9gulation de l&rsquo;attention et de l&rsquo;humeur. Cette interconnexion neurobiologique explique pourquoi TDAH et d\u00e9pression se pr\u00e9sentent fr\u00e9quemment ensemble chez le m\u00eame patient.<\/p>\r\n\r\n\r\n\r\n<figure class=\"wp-block-image size-full\"><img decoding=\"async\" class=\"wp-image-96140\" src=\"https:\/\/cliniclesalpes.com\/wp-content\/uploads\/2025\/06\/image-16.png\" alt=\"\" \/><\/figure>\r\n\r\n\r\n\r\n<h2 class=\"wp-block-heading\">Comment reconna\u00eetre les sympt\u00f4mes de cette double atteinte<\/h2>\r\n\r\n\r\n\r\n<p class=\"wp-block-paragraph\"><strong>Identifier TDAH et d\u00e9pression simultan\u00e9ment complexifie le diagnostic<\/strong>. Cette superposition rend l&rsquo;\u00e9valuation psychiatrique d\u00e9licate, particuli\u00e8rement chez l&rsquo;adulte o\u00f9 les signes s&rsquo;entrem\u00ealent depuis des ann\u00e9es.<\/p>\r\n\r\n\r\n\r\n<h3 class=\"wp-block-heading\">Les manifestations du TDAH masqu\u00e9es par la d\u00e9pression<\/h3>\r\n\r\n\r\n\r\n<p class=\"wp-block-paragraph\"><a href=\"https:\/\/cliniclesalpes.com\/fr\/blog\/une-cure-pour-guerir-de-la-depression\/\" target=\"_blank\" rel=\"noreferrer noopener\">La d\u00e9pression<\/a> cr\u00e9e un voile sur les sympt\u00f4mes classiques du TDAH. Quand l&rsquo;humeur d\u00e9pressive domine, les professionnels de sant\u00e9 focalisent leur attention sur cet aspect, laissant le trouble d\u00e9ficitaire dans l&rsquo;ombre. Cette situation retarde fr\u00e9quemment le diagnostic complet.<\/p>\r\n\r\n\r\n\r\n<p class=\"wp-block-paragraph\">Les signes du TDAH se camouflent derri\u00e8re la symptomatologie d\u00e9pressive\u00a0:\u00a0<\/p>\r\n\r\n\r\n\r\n<ul class=\"wp-block-list\">\r\n<li>l&rsquo;inattention ressemble \u00e0 la concentration alt\u00e9r\u00e9e par la tristesse,\u00a0<\/li>\r\n\r\n\r\n\r\n<li>l&rsquo;hyperactivit\u00e9 dispara\u00eet sous l&rsquo;\u00e9puisement \u00e9motionnel,\u00a0<\/li>\r\n\r\n\r\n\r\n<li>l&rsquo;impulsivit\u00e9 se confond avec l&rsquo;irritabilit\u00e9 d\u00e9pressive.\u00a0<\/li>\r\n<\/ul>\r\n\r\n\r\n\r\n<p class=\"wp-block-paragraph\"><a href=\"https:\/\/cliniclesalpes.com\/fr\/blog\/faut-il-laisser-dormir-un-depressif-ou-lencourager-a-rester-actif\/\" target=\"_blank\" rel=\"noreferrer noopener\">Le manque de motivation d\u00e9pressif<\/a> masque \u00e9galement les difficult\u00e9s d&rsquo;organisation propres au TDAH. Cette confusion explique pourquoi certains adultes d\u00e9couvrent leur TDAH seulement apr\u00e8s des ann\u00e9es de traitement antid\u00e9presseur insuffisant.<\/p>\r\n\r\n\r\n\r\n<h3 class=\"wp-block-heading\">Les signes d\u00e9pressifs amplifi\u00e9s par le TDAH<\/h3>\r\n\r\n\r\n\r\n<p class=\"wp-block-paragraph\">Inversement, <strong>le TDAH intensifie la s\u00e9v\u00e9rit\u00e9 des \u00e9pisodes d\u00e9pressifs<\/strong>. Les \u00e9checs r\u00e9p\u00e9t\u00e9s dus aux difficult\u00e9s d&rsquo;attention nourrissent un sentiment de d\u00e9valorisation profond. Cette spirale n\u00e9gative transforme des moments de d\u00e9couragement en v\u00e9ritables \u00e9pisodes d\u00e9pressifs majeurs.<\/p>\r\n\r\n\r\n\r\n<p class=\"wp-block-paragraph\"><strong>Les relations sociales se d\u00e9t\u00e9riorent sous l&rsquo;effet combin\u00e9 des deux troubles<\/strong>. Le rejet social, fr\u00e9quent chez les personnes avec TDAH, aggrave la tendance \u00e0 l&rsquo;isolement d\u00e9pressif. Enfin, la fatigue \u00e9motionnelle s&rsquo;accumule plus rapidement, cr\u00e9ant un \u00e9puisement chronique difficile \u00e0 surmonter seul.<\/p>\r\n\r\n\r\n\r\n<h3 class=\"wp-block-heading\">L&rsquo;impact sur la qualit\u00e9 de vie quotidienne<\/h3>\r\n\r\n\r\n\r\n<p class=\"wp-block-paragraph\">Ce <a href=\"https:\/\/cliniclesalpes.com\/fr\/blog\/comprendre-le-mal-etre-et-comment-clinic-les-alpes-peut-vous-aider\/\" target=\"_blank\" rel=\"noreferrer noopener\">mal-\u00eatre<\/a> double envahit tous les domaines de l&rsquo;existence\u00a0:<\/p>\r\n\r\n\r\n\r\n<ul class=\"wp-block-list\">\r\n<li>Au travail, la gestion des t\u00e2ches est un d\u00e9fi quotidien et l&rsquo;\u00e9nergie s&rsquo;\u00e9puise rapidement face aux exigences professionnelles.<\/li>\r\n\r\n\r\n\r\n<li>L&rsquo;impact du stress chronique sur le sommeil g\u00e9n\u00e8re un \u00e9puisement sans fin.\u00a0<\/li>\r\n\r\n\r\n\r\n<li>Les liens sociaux s&rsquo;amenuisent, privant la personne du soutien n\u00e9cessaire \u00e0 son r\u00e9tablissement.<\/li>\r\n<\/ul>\r\n\r\n\r\n\r\n<figure class=\"wp-block-image size-full\"><img decoding=\"async\" class=\"wp-image-96141\" src=\"https:\/\/cliniclesalpes.com\/wp-content\/uploads\/2025\/06\/image-17.png\" alt=\"\" \/><\/figure>\r\n\r\n\r\n\r\n<h2 class=\"wp-block-heading\">Vivre au quotidien avec TDAH et d\u00e9pression : conseils pratiques<\/h2>\r\n\r\n\r\n\r\n<p class=\"wp-block-paragraph\">Face \u00e0 cette double probl\u00e9matique, adopter des strat\u00e9gies concr\u00e8tes am\u00e9liore significativement votre quotidien. Ces techniques pratiques vous aident \u00e0 reprendre progressivement le contr\u00f4le sur votre vie personnelle et professionnelle.<\/p>\r\n\r\n\r\n\r\n<h3 class=\"wp-block-heading\">L&rsquo;organisation du temps et des t\u00e2ches<\/h3>\r\n\r\n\r\n\r\n<p class=\"wp-block-paragraph\">La gestion du temps est moins difficile avec des outils adapt\u00e9s. <strong>Fragmenter vos journ\u00e9es en blocs d&rsquo;une heure maximum<\/strong> \u00e9vite la sensation d&rsquo;\u00e9puisement. Cette m\u00e9thode simple combat l&rsquo;impulsivit\u00e9 du TDAH et pr\u00e9serve votre \u00e9nergie mentale limit\u00e9e par la d\u00e9pression.<\/p>\r\n\r\n\r\n\r\n<ul class=\"wp-block-list\">\r\n<li>Utilisez des alarmes pour structurer chaque activit\u00e9 quotidienne<\/li>\r\n\r\n\r\n\r\n<li>Cr\u00e9ez des listes courtes avec peu de t\u00e2ches par jour<\/li>\r\n\r\n\r\n\r\n<li>Planifiez les activit\u00e9s importantes aux moments o\u00f9 votre concentration atteint son pic<\/li>\r\n\r\n\r\n\r\n<li>Accordez-vous des pauses entre chaque bloc de travail<\/li>\r\n<\/ul>\r\n\r\n\r\n\r\n<p class=\"wp-block-paragraph\">Cet exemple d\u2019organisation progressive d\u00e9veloppe un sentiment de ma\u00eetrise, facteur cl\u00e9 dans la lutte contre les troubles de l&rsquo;humeur.<\/p>\r\n\r\n\r\n\r\n<h3 class=\"wp-block-heading\">La gestion des \u00e9motions et du stress<\/h3>\r\n\r\n\r\n\r\n<p class=\"wp-block-paragraph\">R\u00e9guler votre humeur demande des techniques sp\u00e9cifiques adapt\u00e9es \u00e0 votre double diagnostic.\u00a0<\/p>\r\n\r\n\r\n\r\n<ul class=\"wp-block-list\">\r\n<li>L&rsquo;anxi\u00e9t\u00e9 et la d\u00e9pression amplifient mutuellement leurs effets\u00a0: g\u00e9rer l&rsquo;une r\u00e9duit l&rsquo;autre.\u00a0<\/li>\r\n\r\n\r\n\r\n<li>Les exercices de respiration profonde, pratiqu\u00e9s cinq minutes par jour, calment votre syst\u00e8me nerveux central hyperactiv\u00e9.<\/li>\r\n\r\n\r\n\r\n<li>L&rsquo;activit\u00e9 physique r\u00e9guli\u00e8re, m\u00eame mod\u00e9r\u00e9e, stimule la production de neurotransmetteurs d\u00e9ficitaires dans ces deux troubles mentaux.<\/li>\r\n<\/ul>\r\n\r\n\r\n\r\n<h3 class=\"wp-block-heading\">L&rsquo;importance du soutien social et familial<\/h3>\r\n\r\n\r\n\r\n<p class=\"wp-block-paragraph\">Votre entourage joue un r\u00f4le d\u00e9terminant dans votre r\u00e9tablissement.\u00a0<\/p>\r\n\r\n\r\n\r\n<p class=\"wp-block-paragraph\">Expliquer votre condition \u00e0 vos proches d\u00e9mystifie vos comportements et renforce leur soutien. Les amis et la famille qui comprennent votre situation deviennent des alli\u00e9s pr\u00e9cieux. Leur pr\u00e9sence r\u00e9guli\u00e8re maintient le lien social, facteur protecteur contre l&rsquo;isolement d\u00e9pressif.\u00a0<\/p>\r\n\r\n\r\n\r\n<p class=\"wp-block-paragraph\"><strong>N&rsquo;h\u00e9sitez pas \u00e0 solliciter leur aide pour les t\u00e2ches quotidiennes\u00a0<\/strong>: cette strat\u00e9gie r\u00e9duit votre charge mentale excessive.<\/p>\r\n\r\n\r\n\r\n<p class=\"wp-block-paragraph\">Quels traitements pour TDAH et d\u00e9pression ?<br \/>La prise en charge d&rsquo;un traitement du TDAH et d\u00e9pression implique g\u00e9n\u00e9ralement une approche th\u00e9rapeutique psychologique et un m\u00e9dicament antid\u00e9presseur. Le traitement diminue le risque de d\u00e9pression majeure et l&rsquo;anxi\u00e9t\u00e9, favorisant un meilleur sommeil et une meilleure sant\u00e9 mentale.<\/p>\r\n\r\n\r\n\r\n<h2 class=\"wp-block-heading\">Les strat\u00e9gies th\u00e9rapeutiques adapt\u00e9es \u00e0 cette double probl\u00e9matique<\/h2>\r\n\r\n\r\n\r\n<p class=\"wp-block-paragraph\">Pourtant, m\u00eame si ces conseils pratiques apportent un soulagement, ils atteignent parfois leurs limites face \u00e0 la complexit\u00e9 de cette <a href=\"https:\/\/cliniclesalpes.com\/fr\/blog\/un-centre-de-traitement-pour-troubles-concomitants\/\" target=\"_blank\" rel=\"noreferrer noopener\">comorbidit\u00e9<\/a>. C&rsquo;est pourquoi <strong>une prise en charge professionnelle devient indispensable lorsque TDAH et d\u00e9pression s&rsquo;entrem\u00ealent profond\u00e9ment<\/strong>.<\/p>\r\n\r\n\r\n\r\n<p class=\"wp-block-paragraph\">L&rsquo;approche th\u00e9rapeutique efficace traite simultan\u00e9ment les deux troubles mentaux. En revanche, une strat\u00e9gie fragment\u00e9e qui s&rsquo;attaque uniquement \u00e0 l&rsquo;un des troubles laisse l&rsquo;autre probl\u00e8me alimenter la rechute. Les professionnels sp\u00e9cialis\u00e9s d\u00e9veloppent donc des protocoles int\u00e9gr\u00e9s, adapt\u00e9s \u00e0 chaque patient selon sa personnalit\u00e9 et son histoire personnelle.<\/p>\r\n\r\n\r\n\r\n<p class=\"wp-block-paragraph\">Cette prise en charge globale combine plusieurs th\u00e9rapies compl\u00e9mentaires\u00a0:\u00a0<\/p>\r\n\r\n\r\n\r\n<ul class=\"wp-block-list\">\r\n<li><strong>La psychoth\u00e9rapie<\/strong> explore les causes profondes et les liens entre les deux troubles<\/li>\r\n\r\n\r\n\r\n<li><strong>Les soins personnalis\u00e9s<\/strong> permettent de g\u00e9rer les pens\u00e9es n\u00e9gatives et les comportements inadapt\u00e9s<\/li>\r\n\r\n\r\n\r\n<li><strong>Les traitements m\u00e9dicamenteux<\/strong> stabilisent l&rsquo;humeur et am\u00e9liorent la concentration, m\u00eame si leur dur\u00e9e d&rsquo;action varie selon chaque cas.<\/li>\r\n<\/ul>\r\n\r\n\r\n\r\n<p class=\"wp-block-paragraph\"><a href=\"https:\/\/cliniclesalpes.com\/fr\/equipe\/\" target=\"_blank\" rel=\"noreferrer noopener\">L&rsquo;\u00e9quipe multidisciplinaire de Clinic Les Alpes<\/a> analyse chaque situation avec pr\u00e9cision, \u00e9vitant les diagnostics erron\u00e9s fr\u00e9quents dans ce domaine. L&rsquo;environnement th\u00e9rapeutique alpin favorise la d\u00e9tente et r\u00e9duit l&rsquo;anxi\u00e9t\u00e9, facteurs aggravants de ces troubles. Cette approche personnalis\u00e9e tient compte de votre rythme de gu\u00e9rison, sans pr\u00e9cipitation ni pression temporelle.\u00a0<\/p>\r\n\r\n\r\n\r\n<p class=\"wp-block-paragraph\"><strong>Le soutien continu de notre clinique <\/strong>aide \u00e0 retrouver progressivement une qualit\u00e9 de vie satisfaisante, loin des difficult\u00e9s qui semblaient insurmontables.<\/p>\r\n\r\n\r\n\r\n<figure class=\"wp-block-image size-full\"><img decoding=\"async\" class=\"wp-image-96142\" src=\"https:\/\/cliniclesalpes.com\/wp-content\/uploads\/2025\/06\/image-18.png\" alt=\"\" \/><\/figure>\r\n\r\n\r\n\r\n<p class=\"wp-block-paragraph\">Vous reconnaissez ces sympt\u00f4mes chez vous ou chez un proche\u00a0? Ne laissez plus le TDAH et la d\u00e9pression contr\u00f4ler votre existence.<a href=\"https:\/\/cliniclesalpes.com\/fr\/contactez-nous\/\" target=\"_blank\" rel=\"noreferrer noopener\"> Contactez d\u00e8s aujourd&rsquo;hui notre \u00e9quipe sp\u00e9cialis\u00e9e<\/a> pour une consultation confidentielle. Votre chemin vers l&rsquo;\u00e9quilibre commence par ce premier pas courageux.<\/p>\r\n","protected":false},"excerpt":{"rendered":"<p>Trois heures pour accomplir une t\u00e2che de vingt minutes. Votre attention fuit constamment, puis la culpabilit\u00e9 vous submerge. Cette r\u00e9alit\u00e9 \u00e9puisante touche les personnes qui vivent avec un TDAH et une d\u00e9pression simultan\u00e9ment. Chaque difficult\u00e9 de concentration alimente un sentiment de d\u00e9valorisation. Chaque \u00e9pisode d\u00e9pressif aggrave vos troubles de l&rsquo;attention. Ce double trouble mental affecte [&hellip;]<\/p>\n","protected":false},"author":1,"featured_media":114150,"comment_status":"closed","ping_status":"closed","sticky":false,"template":"","format":"standard","meta":{"_acf_changed":false,"footnotes":""},"categories":[117],"tags":[],"class_list":["post-96139","post","type-post","status-publish","format-standard","has-post-thumbnail","hentry","category-sante-mentale-et-bien-etre"],"acf":[],"_links":{"self":[{"href":"https:\/\/cliniclesalpes.com\/fr\/wp-json\/wp\/v2\/posts\/96139","targetHints":{"allow":["GET"]}}],"collection":[{"href":"https:\/\/cliniclesalpes.com\/fr\/wp-json\/wp\/v2\/posts"}],"about":[{"href":"https:\/\/cliniclesalpes.com\/fr\/wp-json\/wp\/v2\/types\/post"}],"author":[{"embeddable":true,"href":"https:\/\/cliniclesalpes.com\/fr\/wp-json\/wp\/v2\/users\/1"}],"replies":[{"embeddable":true,"href":"https:\/\/cliniclesalpes.com\/fr\/wp-json\/wp\/v2\/comments?post=96139"}],"version-history":[{"count":2,"href":"https:\/\/cliniclesalpes.com\/fr\/wp-json\/wp\/v2\/posts\/96139\/revisions"}],"predecessor-version":[{"id":114154,"href":"https:\/\/cliniclesalpes.com\/fr\/wp-json\/wp\/v2\/posts\/96139\/revisions\/114154"}],"wp:featuredmedia":[{"embeddable":true,"href":"https:\/\/cliniclesalpes.com\/fr\/wp-json\/wp\/v2\/media\/114150"}],"wp:attachment":[{"href":"https:\/\/cliniclesalpes.com\/fr\/wp-json\/wp\/v2\/media?parent=96139"}],"wp:term":[{"taxonomy":"category","embeddable":true,"href":"https:\/\/cliniclesalpes.com\/fr\/wp-json\/wp\/v2\/categories?post=96139"},{"taxonomy":"post_tag","embeddable":true,"href":"https:\/\/cliniclesalpes.com\/fr\/wp-json\/wp\/v2\/tags?post=96139"}],"curies":[{"name":"wp","href":"https:\/\/api.w.org\/{rel}","templated":true}]}}