{"id":98328,"date":"2026-08-19T15:37:59","date_gmt":"2026-08-19T15:37:59","guid":{"rendered":"https:\/\/cliniclesalpes.com\/?p=98328"},"modified":"2026-08-19T17:27:15","modified_gmt":"2026-08-19T17:27:15","slug":"syndrome-amotivationnel","status":"publish","type":"post","link":"https:\/\/cliniclesalpes.com\/fr\/blog\/2026\/08\/19\/syndrome-amotivationnel\/","title":{"rendered":"Le syndrome amotivationnel\u00a0: quand l&rsquo;apathie envahit votre quotidien"},"content":{"rendered":"\r\n<p class=\"wp-block-paragraph\">Votre entourage note des changements inqui\u00e9tants dans votre comportement, humeur ou rapports\u00a0: une perte d&rsquo;int\u00e9r\u00eat pour les activit\u00e9s quotidiennes, une difficult\u00e9 de concentration au travail, l\u2019indiff\u00e9rence affective progressive.\u00a0<\/p>\r\n\r\n\r\n\r\n<p class=\"wp-block-paragraph\">Ces sympt\u00f4mes caract\u00e9risent le syndrome amotivationnel, affection psychologique li\u00e9e \u00e0 l&rsquo;usage chronique de certaines substances.\u00a0<\/p>\r\n\r\n\r\n\r\n<p class=\"wp-block-paragraph\">Le cannabis, substance particuli\u00e8rement riche en THC, alt\u00e8re progressivement le syst\u00e8me nerveux central et favorise cette apathie g\u00e9n\u00e9ralis\u00e9e. Cette probl\u00e9matique touche de nombreux consommateurs sans qu&rsquo;ils en comprennent les m\u00e9canismes et cons\u00e9quences.\u00a0<\/p>\r\n\r\n\r\n\r\n<p class=\"wp-block-paragraph\">Heureusement, il existe des traitements pour restaurer votre motivation et votre fonctionnement cognitif. Cette condition cache des m\u00e9canismes pr\u00e9cis, mais des solutions existent.<\/p>\r\n\r\n\r\n\r\n<h2 class=\"wp-block-heading\">Comprendre le syndrome amotivationnel et ses manifestations<\/h2>\r\n\r\n\r\n\r\n<p class=\"wp-block-paragraph\">Le syndrome amotivationnel se d\u00e9finit comme un \u00e9tat de d\u00e9sinvestissement g\u00e9n\u00e9ralis\u00e9 caract\u00e9ris\u00e9 par une apathie persistante et une indiff\u00e9rence affective profonde.<\/p>\r\n\r\n\r\n\r\n<p class=\"wp-block-paragraph\">Ce trouble psychique affecte le fonctionnement cognitif et social de l&rsquo;individu, cr\u00e9ant une grande perte d&rsquo;int\u00e9r\u00eat.\u00a0<\/p>\r\n\r\n\r\n\r\n<figure class=\"wp-block-image size-full\"><img decoding=\"async\" class=\"wp-image-98330\" src=\"https:\/\/cliniclesalpes.com\/wp-content\/uploads\/2025\/07\/image-1.png\" alt=\"\" \/><\/figure>\r\n\r\n\r\n\r\n<div class=\"snippet-bait\">\r\n<p>Contrairement \u00e0 la d\u00e9pression classique, l&rsquo;absence de tristesse observable distingue le syndrome amotivationnel.<\/p>\r\n<\/div>\r\n\r\n\r\n\r\n<h3 class=\"wp-block-heading\">Les sympt\u00f4mes caract\u00e9ristiques de ce trouble<\/h3>\r\n\r\n\r\n\r\n<p class=\"wp-block-paragraph\">Ces manifestations touchent diff\u00e9rents domaines du fonctionnement psychologique et comportemental.\u00a0<\/p>\r\n\r\n\r\n\r\n<p class=\"wp-block-paragraph\">Le tableau suivant illustre les principaux sympt\u00f4mes observables chez la personne affect\u00e9e.<\/p>\r\n\r\n\r\n\r\n<table class=\"redac-table\">\r\n<thead>\r\n<tr>\r\n<th>Troubles cognitifs<\/th>\r\n<th>Changements comportementaux<\/th>\r\n<th>Impact relationnel<\/th>\r\n<\/tr>\r\n<\/thead>\r\n<tbody>\r\n<tr>\r\n<td>Difficult\u00e9s de concentration<\/td>\r\n<td data-label=\"Changements comportementaux\">Perte d&rsquo;initiative au travail<\/td>\r\n<td data-label=\"Impact relationnel\">Retrait social progressif<\/td>\r\n<\/tr>\r\n<tr>\r\n<td>Alt\u00e9ration de la m\u00e9moire \u00e0 court terme<\/td>\r\n<td data-label=\"Changements comportementaux\">Procrastination excessive<\/td>\r\n<td data-label=\"Impact relationnel\">Indiff\u00e9rence affective<\/td>\r\n<\/tr>\r\n<tr>\r\n<td>R\u00e9duction de l&rsquo;attention soutenue<\/td>\r\n<td data-label=\"Changements comportementaux\">Diminution des activit\u00e9s physiques<\/td>\r\n<td data-label=\"Impact relationnel\">D\u00e9t\u00e9rioration des relations<\/td>\r\n<\/tr>\r\n<tr>\r\n<td>Troubles de la perception temporelle<\/td>\r\n<td data-label=\"Changements comportementaux\">N\u00e9gligence des responsabilit\u00e9s<\/td>\r\n<td data-label=\"Impact relationnel\">Isolement familial<\/td>\r\n<\/tr>\r\n<tr>\r\n<td>D\u00e9ficit de la fonction ex\u00e9cutive<\/td>\r\n<td data-label=\"Changements comportementaux\">Manque de motivation quotidienne<\/td>\r\n<td data-label=\"Impact relationnel\">D\u00e9sint\u00e9r\u00eat pour les interactions<\/td>\r\n<\/tr>\r\n<\/tbody>\r\n<\/table>\r\n\r\n\r\n\r\n<h3 class=\"wp-block-heading\">La diff\u00e9rence avec les troubles de l&rsquo;humeur<\/h3>\r\n\r\n\r\n\r\n<p class=\"wp-block-paragraph\">Le syndrome amotivationnel et la d\u00e9pression pr\u00e9sentent des nuances importantes dans leur expression clinique.\u00a0<\/p>\r\n\r\n\r\n\r\n<p class=\"wp-block-paragraph\">L&rsquo;indiff\u00e9rence affective remplace ici la souffrance psychique caract\u00e9ristique des troubles de l&rsquo;humeur classiques\u00a0:<\/p>\r\n\r\n\r\n\r\n<ul class=\"wp-block-list\">\r\n<li>Le syndrome amotivationnel se caract\u00e9rise par un d\u00e9tachement \u00e9motionnel sans tristesse marqu\u00e9e<\/li>\r\n\r\n\r\n\r\n<li>La d\u00e9pression s&rsquo;accompagne g\u00e9n\u00e9ralement d&rsquo;une humeur sombre et de sentiments n\u00e9gatifs intenses<\/li>\r\n\r\n\r\n\r\n<li>L&rsquo;apathie g\u00e9n\u00e9ralis\u00e9e domine dans le syndrome, tandis que <a href=\"https:\/\/cliniclesalpes.com\/fr\/blog\/faut-il-laisser-dormir-un-depressif-ou-lencourager-a-rester-actif\/\" target=\"_blank\" rel=\"noreferrer noopener\">l&rsquo;\u00e9tat d\u00e9pressif<\/a> g\u00e9n\u00e8re une souffrance active<\/li>\r\n\r\n\r\n\r\n<li>Les troubles cognitifs diff\u00e8rent\u00a0: ralentissement mental dans la d\u00e9pression versus d\u00e9sint\u00e9r\u00eat cognitif dans le syndrome<\/li>\r\n\r\n\r\n\r\n<li>La sant\u00e9 mentale se d\u00e9grade diff\u00e9remment selon le type d&rsquo;affection psychologique<\/li>\r\n\r\n\r\n\r\n<li><a href=\"https:\/\/cliniclesalpes.com\/fr\/blog\/perte-de-sens\/\" target=\"_blank\" rel=\"noreferrer noopener\">La perte de sens existentiel<\/a> accompagne fr\u00e9quemment ces deux conditions mais avec des m\u00e9canismes distincts<\/li>\r\n<\/ul>\r\n\r\n\r\n\r\n<h2 class=\"wp-block-heading\">Le lien entre cannabis et syndrome amotivationnel<\/h2>\r\n\r\n\r\n\r\n<p class=\"wp-block-paragraph\"><a href=\"https:\/\/pubmed.ncbi.nlm.nih.gov\/28620722\/\" target=\"_blank\" rel=\"noreferrer noopener\">Selon une \u00e9tude men\u00e9e en 2018<\/a> aupr\u00e8s de 505 \u00e9tudiants universitaires, il existe un lien de causalit\u00e9 direct entre l\u2019usage chronique de cannabis et le syndrome amotivationnel (Lac &amp;\u202fLuk, 2018).<\/p>\r\n\r\n\r\n\r\n<p class=\"wp-block-paragraph\">Le THC, substance psychoactive principale de la marijuana, agit sur les r\u00e9cepteurs cannabino\u00efdes du cerveau, particuli\u00e8rement dans les zones responsables de la motivation et du syst\u00e8me de r\u00e9compense.\u00a0<\/p>\r\n\r\n\r\n\r\n<p class=\"wp-block-paragraph\">Cette consommation r\u00e9guli\u00e8re de drogues modifie progressivement le fonctionnement du syst\u00e8me nerveux central, cr\u00e9ant un effet sur la motivation observable d\u00e8s les premi\u00e8res semaines d&rsquo;usage prolong\u00e9.<\/p>\r\n\r\n\r\n\r\n<figure class=\"wp-block-image size-full\"><img decoding=\"async\" class=\"wp-image-98331\" src=\"https:\/\/cliniclesalpes.com\/wp-content\/uploads\/2025\/07\/image-2.png\" alt=\"\" \/><\/figure>\r\n\r\n\r\n\r\n<h3 class=\"wp-block-heading\">Les facteurs de risque li\u00e9s \u00e0 la consommation<\/h3>\r\n\r\n\r\n\r\n<p class=\"wp-block-paragraph\">Plusieurs \u00e9l\u00e9ments augmentent consid\u00e9rablement le risque de d\u00e9velopper ce syndrome chez le consommateur.\u00a0<\/p>\r\n\r\n\r\n\r\n<p class=\"wp-block-paragraph\">L&rsquo;\u00e2ge de d\u00e9but et la fr\u00e9quence d&rsquo;utilisation jouent un effet d\u00e9terminant dans l&rsquo;apparition des sympt\u00f4mes.<\/p>\r\n\r\n\r\n\r\n<ul class=\"wp-block-list\">\r\n<li><strong>L&rsquo;\u00e2ge de d\u00e9but de consommation<\/strong>\u00a0: plus la personne commence jeune, plus le risque de d\u00e9velopper une amotivation augmente<\/li>\r\n\r\n\r\n\r\n<li><strong>La teneur en THC du produit consomm\u00e9<\/strong>\u00a0: les vari\u00e9t\u00e9s modernes contiennent des taux beaucoup plus \u00e9lev\u00e9s qu&rsquo;autrefois<\/li>\r\n\r\n\r\n\r\n<li><strong>La fr\u00e9quence d&rsquo;usage quotidien<\/strong>\u00a0: une consommation de marijuana plusieurs fois par jour acc\u00e9l\u00e8re l&rsquo;apparition des signes<\/li>\r\n\r\n\r\n\r\n<li><strong>Le mode de consommation<\/strong>\u00a0: l\u2019utilisation de pipe \u00e0 eau, joints ou vaporisation influencent l&rsquo;absorption et l&rsquo;effet<\/li>\r\n\r\n\r\n\r\n<li><strong>La dur\u00e9e de la p\u00e9riode de consommation chronique<\/strong>\u00a0: un usage r\u00e9gulier sur plusieurs mois amplifie les cons\u00e9quences<\/li>\r\n\r\n\r\n\r\n<li><strong>Le d\u00e9veloppement du cerveau<\/strong>\u00a0: les adolescents et jeunes adultes pr\u00e9sentent une vuln\u00e9rabilit\u00e9 accrue aux alt\u00e9rations cognitives<\/li>\r\n<\/ul>\r\n\r\n\r\n\r\n<h3 class=\"wp-block-heading\">Les autres substances et causes impliqu\u00e9es<\/h3>\r\n\r\n\r\n\r\n<p class=\"wp-block-paragraph\">Cette probl\u00e9matique d\u00e9passe le cadre de la consommation de cannabis et touche diff\u00e9rents domaines de la toxicomanie et de la sant\u00e9 mentale.<\/p>\r\n\r\n\r\n\r\n<table class=\"redac-table\">\r\n<thead>\r\n<tr>\r\n<th>Substances psychoactives<\/th>\r\n<th>Troubles neurologiques<\/th>\r\n<th>Facteurs psychologiques<\/th>\r\n<\/tr>\r\n<\/thead>\r\n<tbody>\r\n<tr>\r\n<td>Alcool (y compris l&rsquo;alcoolisme mondain)<\/td>\r\n<td data-label=\"Troubles neurologiques\">L\u00e9sions c\u00e9r\u00e9brales<\/td>\r\n<td data-label=\"Facteurs psychologiques\">Burn-out professionnel<\/td>\r\n<\/tr>\r\n<tr>\r\n<td>Usage de coca\u00efne et stimulants<\/td>\r\n<td data-label=\"Troubles neurologiques\">Troubles neurod\u00e9g\u00e9n\u00e9ratifs<\/td>\r\n<td data-label=\"Facteurs psychologiques\">Traumatismes de l&rsquo;enfance<\/td>\r\n<\/tr>\r\n<tr>\r\n<td>M\u00e9dicaments psychotropes<\/td>\r\n<td data-label=\"Troubles neurologiques\">Pathologies du syst\u00e8me nerveux central<\/td>\r\n<td data-label=\"Facteurs psychologiques\">Stress post-traumatique<\/td>\r\n<\/tr>\r\n<tr>\r\n<td>Tabac et nicotine<\/td>\r\n<td data-label=\"Troubles neurologiques\">Affections respiratoires s\u00e9v\u00e8res<\/td>\r\n<td data-label=\"Facteurs psychologiques\">\u00c9puisement \u00e9motionnel<\/td>\r\n<\/tr>\r\n<tr>\r\n<td>Benzodiaz\u00e9pines et s\u00e9datifs<\/td>\r\n<td data-label=\"Troubles neurologiques\">Modification de la pression art\u00e9rielle<\/td>\r\n<td data-label=\"Facteurs psychologiques\">M\u00e9canismes cach\u00e9s des addictions<\/td>\r\n<\/tr>\r\n<\/tbody>\r\n<\/table>\r\n\r\n\r\n\r\n<h2 class=\"wp-block-heading\">Le diagnostic et les approches th\u00e9rapeutiques<\/h2>\r\n\r\n\r\n\r\n<p class=\"wp-block-paragraph\"><strong>Face \u00e0 ces multiples causes, seul un professionnel de sant\u00e9 qualifi\u00e9 \u00e9tablit un diagnostic pr\u00e9cis du syndrome amotivationnel.\u00a0<\/strong><\/p>\r\n\r\n\r\n\r\n<p class=\"wp-block-paragraph\">Cette \u00e9valuation m\u00e9dicale diff\u00e9rencie ce trouble d&rsquo;autres pathologies mentales aux sympt\u00f4mes similaires, notamment la d\u00e9pression ou certaines formes de psychose.\u00a0<\/p>\r\n\r\n\r\n\r\n<p class=\"wp-block-paragraph\">Le clinicien examine minutieusement l&rsquo;historique de consommation de substances, la dur\u00e9e des sympt\u00f4mes et leur impact sur le fonctionnement quotidien, cr\u00e9ant ainsi une d\u00e9finition claire de la maladie chez chaque individu.<\/p>\r\n\r\n\r\n\r\n<figure class=\"wp-block-image size-full\"><img decoding=\"async\" class=\"wp-image-98332\" src=\"https:\/\/cliniclesalpes.com\/wp-content\/uploads\/2025\/07\/image-3.png\" alt=\"\" \/><\/figure>\r\n\r\n\r\n\r\n<h3 class=\"wp-block-heading\">Les traitements disponibles<\/h3>\r\n\r\n\r\n\r\n<p class=\"wp-block-paragraph\">Plusieurs approches th\u00e9rapeutiques existent pour traiter ce syndrome complexe.\u00a0<\/p>\r\n\r\n\r\n\r\n<p class=\"wp-block-paragraph\">Chaque m\u00e9thode cible des aspects sp\u00e9cifiques de la probl\u00e9matique, n\u00e9cessitant une combinaison de techniques selon la s\u00e9v\u00e9rit\u00e9 des sympt\u00f4mes.<\/p>\r\n\r\n\r\n\r\n<ul class=\"wp-block-list\">\r\n<li><strong>L&rsquo;arr\u00eat de la consommation de cannabis<\/strong>\u00a0: \u00e9tape fondamentale qui demande un sevrage progressif accompagn\u00e9 m\u00e9dicalement<\/li>\r\n\r\n\r\n\r\n<li><strong>Les th\u00e9rapies cognitivo-comportementales<\/strong>\u00a0: modification des sch\u00e9mas de pens\u00e9e et des habitudes li\u00e9es \u00e0 l&rsquo;usage de drogue<\/li>\r\n\r\n\r\n\r\n<li><strong>La r\u00e9habilitation psychosociale<\/strong>\u00a0: reconstruction des capacit\u00e9s fonctionnelles et sociales alt\u00e9r\u00e9es par la d\u00e9pendance<\/li>\r\n\r\n\r\n\r\n<li><strong>Les techniques de remotivation<\/strong>\u00a0: stimulation progressive de l&rsquo;int\u00e9r\u00eat et de l&rsquo;engagement dans les activit\u00e9s quotidiennes<\/li>\r\n\r\n\r\n\r\n<li><strong>La gestion du syndrome de sevrage<\/strong>\u00a0: soutien m\u00e9dical durant la phase d&rsquo;arr\u00eat, similaire aux <a href=\"https:\/\/cliniclesalpes.com\/fr\/blog\/face-au-comportement-dun-cocainomane-en-sevrage-strategies-daccompagnement\/\" target=\"_blank\" rel=\"noreferrer noopener\">d\u00e9fis rencontr\u00e9s lors du sevrage d&rsquo;autres substances<\/a><\/li>\r\n\r\n\r\n\r\n<li><strong>L&rsquo;accompagnement psychologique<\/strong>\u00a0: traitement des cons\u00e9quences \u00e9motionnelles et des difficult\u00e9s de concentration<\/li>\r\n<\/ul>\r\n\r\n\r\n\r\n<div class=\"snippet-bait\">\r\n<p><a href=\"https:\/\/cliniclesalpes.com\/fr\/traitement-et-therapies\/\">Une \u00e9valuation sp\u00e9cialis\u00e9e ouvre la voie vers votre r\u00e9tablissement<\/a><\/p>\r\n<\/div>\r\n\r\n\r\n\r\n<h3 class=\"wp-block-heading\">La r\u00e9versibilit\u00e9 et le processus de r\u00e9cup\u00e9ration<\/h3>\r\n\r\n\r\n\r\n<p class=\"wp-block-paragraph\">La r\u00e9cup\u00e9ration du syndrome amotivationnel demeure possible dans la grande majorit\u00e9 des cas.\u00a0<\/p>\r\n\r\n\r\n\r\n<p class=\"wp-block-paragraph\">N\u00e9anmoins, plusieurs facteurs influencent la r\u00e9versibilit\u00e9 du trouble et d\u00e9terminent la dur\u00e9e n\u00e9cessaire pour observer une am\u00e9lioration significative des fonctions cognitives et sociales.<\/p>\r\n\r\n\r\n\r\n<ul class=\"wp-block-list\">\r\n<li><strong>La pr\u00e9cocit\u00e9 de la prise en charge<\/strong>\u00a0: une intervention rapide am\u00e9liore consid\u00e9rablement le pronostic de r\u00e9cup\u00e9ration<\/li>\r\n\r\n\r\n\r\n<li><strong>L&rsquo;\u00e2ge de la personne<\/strong>\u00a0: les jeunes adultes r\u00e9cup\u00e8rent g\u00e9n\u00e9ralement plus rapidement leurs capacit\u00e9s ant\u00e9rieures<\/li>\r\n\r\n\r\n\r\n<li><strong>La dur\u00e9e de l&rsquo;usage chronique<\/strong>\u00a0: une consommation prolong\u00e9e ralentit le processus de gu\u00e9rison neurologique<\/li>\r\n\r\n\r\n\r\n<li><strong>Le soutien familial et social<\/strong>\u00a0: un environnement bienveillant acc\u00e9l\u00e8re la r\u00e9habilitation psychologique<\/li>\r\n\r\n\r\n\r\n<li><strong>La motivation personnelle<\/strong>\u00a0: l&rsquo;engagement du patient d\u00e9termine largement le succ\u00e8s du traitement<\/li>\r\n\r\n\r\n\r\n<li><strong>Le temps de r\u00e9cup\u00e9ration<\/strong>\u00a0: plusieurs mois \u00e0 ann\u00e9es peuvent s&rsquo;\u00e9couler avant une gu\u00e9rison compl\u00e8te, comme l&rsquo;illustrent <a href=\"https:\/\/cliniclesalpes.com\/fr\/blog\/1-mois-sans-alcool-avant-et-apres-les-transformations-surprenantes\/\" target=\"_blank\" rel=\"noreferrer noopener\">les transformations observ\u00e9es d\u00e8s le premier mois d&rsquo;abstinence<\/a><\/li>\r\n<\/ul>\r\n\r\n\r\n\r\n<h2 class=\"wp-block-heading\">L&rsquo;accompagnement sp\u00e9cialis\u00e9 \u00e0 Clinic Les Alpes<\/h2>\r\n\r\n\r\n\r\n<p class=\"wp-block-paragraph\">Votre reconstruction commence ici, dans les Alpes suisses, o\u00f9 notre \u00e9quipe de 25\u00a0professionnels d\u00e9die son expertise \u00e0 votre r\u00e9tablissement.\u00a0<\/p>\r\n\r\n\r\n\r\n<p class=\"wp-block-paragraph\">Cette \u00e9valuation multidisciplinaire individualise chaque parcours th\u00e9rapeutique, combinant sevrage accompagn\u00e9, th\u00e9rapies cognitivo-comportementales et techniques de remotivation innovantes.\u00a0<\/p>\r\n\r\n\r\n\r\n<p class=\"wp-block-paragraph\">Notre cadre s\u00e9curisant accueille seulement une dizaine de patients simultan\u00e9ment, garantissant une attention personnalis\u00e9e maximale.\u00a0<\/p>\r\n\r\n\r\n\r\n<p class=\"wp-block-paragraph\">L&rsquo;art-th\u00e9rapie, les activit\u00e9s en pleine nature et les s\u00e9ances de groupe reconstruisent progressivement votre \u00e9lan vital et vos liens sociaux.\u00a0<\/p>\r\n\r\n\r\n\r\n<p class=\"wp-block-paragraph\">Cet environnement alpin exceptionnel favorise la gu\u00e9rison psychologique et physique, aidant chaque personne \u00e0 surmonter <a href=\"https:\/\/cliniclesalpes.com\/fr\/blog\/comprendre-le-mal-etre-et-comment-clinic-les-alpes-peut-vous-aider\/\" target=\"_blank\" rel=\"noreferrer noopener\">ce mal-\u00eatre profond<\/a> et \u00e0 retrouver une vie \u00e9panouie.<\/p>\r\n\r\n\r\n\r\n<div class=\"snippet-bait\">\r\n<p><a href=\"https:\/\/cliniclesalpes.com\/fr\/contactez-nous\/\">Reprenez le contr\u00f4le de votre vie d\u00e8s aujourd&rsquo;hui<\/a><\/p>\r\n<\/div>\r\n","protected":false},"excerpt":{"rendered":"<p>Votre entourage note des changements inqui\u00e9tants dans votre comportement, humeur ou rapports\u00a0: une perte d&rsquo;int\u00e9r\u00eat pour les activit\u00e9s quotidiennes, une difficult\u00e9 de concentration au travail, l\u2019indiff\u00e9rence affective progressive.\u00a0 Ces sympt\u00f4mes caract\u00e9risent le syndrome amotivationnel, affection psychologique li\u00e9e \u00e0 l&rsquo;usage chronique de certaines substances.\u00a0 Le cannabis, substance particuli\u00e8rement riche en THC, alt\u00e8re progressivement le syst\u00e8me nerveux [&hellip;]<\/p>\n","protected":false},"author":1,"featured_media":114140,"comment_status":"closed","ping_status":"closed","sticky":false,"template":"","format":"standard","meta":{"_acf_changed":false,"footnotes":""},"categories":[117],"tags":[],"class_list":["post-98328","post","type-post","status-publish","format-standard","has-post-thumbnail","hentry","category-sante-mentale-et-bien-etre"],"acf":[],"_links":{"self":[{"href":"https:\/\/cliniclesalpes.com\/fr\/wp-json\/wp\/v2\/posts\/98328","targetHints":{"allow":["GET"]}}],"collection":[{"href":"https:\/\/cliniclesalpes.com\/fr\/wp-json\/wp\/v2\/posts"}],"about":[{"href":"https:\/\/cliniclesalpes.com\/fr\/wp-json\/wp\/v2\/types\/post"}],"author":[{"embeddable":true,"href":"https:\/\/cliniclesalpes.com\/fr\/wp-json\/wp\/v2\/users\/1"}],"replies":[{"embeddable":true,"href":"https:\/\/cliniclesalpes.com\/fr\/wp-json\/wp\/v2\/comments?post=98328"}],"version-history":[{"count":2,"href":"https:\/\/cliniclesalpes.com\/fr\/wp-json\/wp\/v2\/posts\/98328\/revisions"}],"predecessor-version":[{"id":114144,"href":"https:\/\/cliniclesalpes.com\/fr\/wp-json\/wp\/v2\/posts\/98328\/revisions\/114144"}],"wp:featuredmedia":[{"embeddable":true,"href":"https:\/\/cliniclesalpes.com\/fr\/wp-json\/wp\/v2\/media\/114140"}],"wp:attachment":[{"href":"https:\/\/cliniclesalpes.com\/fr\/wp-json\/wp\/v2\/media?parent=98328"}],"wp:term":[{"taxonomy":"category","embeddable":true,"href":"https:\/\/cliniclesalpes.com\/fr\/wp-json\/wp\/v2\/categories?post=98328"},{"taxonomy":"post_tag","embeddable":true,"href":"https:\/\/cliniclesalpes.com\/fr\/wp-json\/wp\/v2\/tags?post=98328"}],"curies":[{"name":"wp","href":"https:\/\/api.w.org\/{rel}","templated":true}]}}