{"id":98342,"date":"2026-08-19T15:37:56","date_gmt":"2026-08-19T15:37:56","guid":{"rendered":"https:\/\/cliniclesalpes.com\/?p=98342"},"modified":"2026-08-19T17:27:19","modified_gmt":"2026-08-19T17:27:19","slug":"angoisse-matinale","status":"publish","type":"post","link":"https:\/\/cliniclesalpes.com\/fr\/blog\/2026\/08\/19\/angoisse-matinale\/","title":{"rendered":"Angoisse matinale : comprendre et surmonter ce r\u00e9veil difficile"},"content":{"rendered":"\r\n<p class=\"wp-block-paragraph\">Votre r\u00e9veil est un cauchemar quotidien. Cette sensation de peur vous saisit d\u00e8s les premiers instants de conscience, faisant de chaque matin une v\u00e9ritable \u00e9preuve physique et mentale.\u00a0<\/p>\r\n\r\n\r\n\r\n<p class=\"wp-block-paragraph\">L&rsquo;angoisse matinale paralyse votre journ\u00e9e avant m\u00eame de commencer, votre cerveau anticipe d\u00e9j\u00e0 mille probl\u00e8mes inexistants.\u00a0<\/p>\r\n\r\n\r\n\r\n<p class=\"wp-block-paragraph\">Cette anxi\u00e9t\u00e9 touche de nombreuses personnes qui cachent leur souffrance, pensant \u00eatre les seules \u00e0 vivre cette torture matinale. Le manque de sommeil, le stress nocturne et les pens\u00e9es anxieuses cr\u00e9ent un cercle infernal difficile \u00e0 briser et \u00e0 \u00e9viter.\u00a0<\/p>\r\n\r\n\r\n\r\n<p class=\"wp-block-paragraph\">Heureusement, comprendre les causes de cette angoisse ouvre la voie vers des solutions efficaces et durables.<\/p>\r\n\r\n\r\n\r\n<h2 class=\"wp-block-heading\">Qu&rsquo;est-ce que l&rsquo;angoisse matinale et comment se manifeste-t-elle ?<\/h2>\r\n\r\n\r\n\r\n<p class=\"wp-block-paragraph\">L&rsquo;angoisse matinale d\u00e9signe cette <strong>sensation d&rsquo;anxi\u00e9t\u00e9 intense qui survient d\u00e8s les premiers instants du r\u00e9veil<\/strong>.\u00a0<\/p>\r\n\r\n\r\n\r\n<p class=\"wp-block-paragraph\">Contrairement au trouble anxieux g\u00e9n\u00e9ralis\u00e9 qui persiste au fil de la journ\u00e9e, cette forme sp\u00e9cifique d&rsquo;anxi\u00e9t\u00e9 se concentre sur les premi\u00e8res heures.\u00a0<\/p>\r\n\r\n\r\n\r\n<figure class=\"wp-block-image size-full\"><img decoding=\"async\" class=\"wp-image-98345\" src=\"https:\/\/cliniclesalpes.com\/wp-content\/uploads\/2025\/07\/image-9.png\" alt=\"\" \/><\/figure>\r\n\r\n\r\n\r\n<h3 class=\"wp-block-heading\">Les sympt\u00f4mes physiques de l&rsquo;angoisse au r\u00e9veil<\/h3>\r\n\r\n\r\n\r\n<p class=\"wp-block-paragraph\">Ces sympt\u00f4mes apparaissent d\u00e8s que votre syst\u00e8me nerveux d\u00e9tecte cette mont\u00e9e d&rsquo;anxi\u00e9t\u00e9 au r\u00e9veil\u00a0:<\/p>\r\n\r\n\r\n\r\n<ul class=\"wp-block-list\">\r\n<li><strong>Palpitations cardiaques<\/strong> : votre c\u0153ur s&#8217;emballe sans raison apparente<\/li>\r\n\r\n\r\n\r\n<li><strong>Boule au ventre<\/strong> : cette sensation d&rsquo;oppression abdominale<\/li>\r\n\r\n\r\n\r\n<li><strong>N\u0153ud \u00e0 l&rsquo;estomac<\/strong> : une contraction douloureuse de la r\u00e9gion gastrique<\/li>\r\n\r\n\r\n\r\n<li><strong>Tensions musculaires<\/strong> : raideurs dans les \u00e9paules, la nuque et le dos<\/li>\r\n\r\n\r\n\r\n<li><strong>Douleurs musculaires<\/strong> : courbatures sans effort physique<\/li>\r\n\r\n\r\n\r\n<li><strong>Sensation de malaise g\u00e9n\u00e9ral<\/strong> : impression de ne pas pouvoir affronter la journ\u00e9e<\/li>\r\n\r\n\r\n\r\n<li><strong>Tremblements<\/strong> : agitation involontaire des mains ou des membres<\/li>\r\n\r\n\r\n\r\n<li><strong>Sueurs froides<\/strong> : transpiration excessive malgr\u00e9 une temp\u00e9rature normale<\/li>\r\n<\/ul>\r\n\r\n\r\n\r\n<h3 class=\"wp-block-heading\">Les manifestations psychiques et \u00e9motionnelles<\/h3>\r\n\r\n\r\n\r\n<p class=\"wp-block-paragraph\">L&rsquo;esprit s&#8217;emballe d\u00e8s les premiers instants de conscience, aliment\u00e9 par un taux de cortisol \u00e9lev\u00e9.<\/p>\r\n\r\n\r\n\r\n<p class=\"wp-block-paragraph\">Les pens\u00e9es n\u00e9gatives vous envahissent et cette rumination g\u00e9n\u00e8re une anticipation anxieuse de la journ\u00e9e \u00e0 venir. La peur de ne pas r\u00e9ussir \u00e0 g\u00e9rer vos t\u00e2ches quotidiennes s&rsquo;installe rapidement.\u00a0<\/p>\r\n\r\n\r\n\r\n<div class=\"snippet-bait\">\r\n<p>L&rsquo;inqui\u00e9tude grandit face aux d\u00e9fis professionnels ou personnels qui vous attendent.<\/p>\r\n<\/div>\r\n\r\n\r\n\r\n<h3 class=\"wp-block-heading\">La diff\u00e9rence entre angoisse matinale et trouble panique<\/h3>\r\n\r\n\r\n\r\n<p class=\"wp-block-paragraph\">Distinguer l&rsquo;angoisse matinale des autres troubles anxieux aide \u00e0 identifier le bon traitement.<\/p>\r\n\r\n\r\n\r\n<p class=\"wp-block-paragraph\">Effectivement, certains signes r\u00e9v\u00e8lent quand cette anxi\u00e9t\u00e9 au r\u00e9veil devient pathologique et n\u00e9cessite une prise en charge sp\u00e9cialis\u00e9e.<\/p>\r\n\r\n\r\n\r\n<table class=\"redac-table\">\r\n<thead>\r\n<tr>\r\n<th>Angoisse matinale<\/th>\r\n<th>Trouble panique<\/th>\r\n<th>Caract\u00e9ristiques sp\u00e9cifiques<\/th>\r\n<\/tr>\r\n<\/thead>\r\n<tbody>\r\n<tr>\r\n<td>Anxi\u00e9t\u00e9 progressive au r\u00e9veil<\/td>\r\n<td data-label=\"Trouble panique\">Attaque de panique soudaine<\/td>\r\n<td data-label=\"Caract\u00e9ristiques sp\u00e9cifiques\">Intensit\u00e9 et dur\u00e9e variables<\/td>\r\n<\/tr>\r\n<tr>\r\n<td>Sympt\u00f4mes physiques mod\u00e9r\u00e9s<\/td>\r\n<td data-label=\"Trouble panique\">Crise intense avec peur de mourir<\/td>\r\n<td data-label=\"Caract\u00e9ristiques sp\u00e9cifiques\">Niveau de d\u00e9tresse diff\u00e9rent<\/td>\r\n<\/tr>\r\n<tr>\r\n<td>Am\u00e9lioration en cours de journ\u00e9e<\/td>\r\n<td data-label=\"Trouble panique\">\u00c9pisodes impr\u00e9visibles jour et nuit<\/td>\r\n<td data-label=\"Caract\u00e9ristiques sp\u00e9cifiques\">Moment d&rsquo;apparition distinct<\/td>\r\n<\/tr>\r\n<tr>\r\n<td>Anticipation de la journ\u00e9e<\/td>\r\n<td data-label=\"Trouble panique\">Peur des crises futures<\/td>\r\n<td data-label=\"Caract\u00e9ristiques sp\u00e9cifiques\">Focus anxieux diff\u00e9rent<\/td>\r\n<\/tr>\r\n<\/tbody>\r\n<\/table>\r\n\r\n\r\n\r\n<h2 class=\"wp-block-heading\">Les causes profondes de l&rsquo;anxi\u00e9t\u00e9 matinale<\/h2>\r\n\r\n\r\n\r\n<p class=\"wp-block-paragraph\">Comprendre l&rsquo;origine de cette angoisse du matin demande d&rsquo;analyser plusieurs facteurs interconnect\u00e9s.\u00a0<\/p>\r\n\r\n\r\n\r\n<p class=\"wp-block-paragraph\">Les causes biologiques, psychologiques et environnementales s&rsquo;entrem\u00ealent pour cr\u00e9er ce mal \u00eatre.\u00a0<\/p>\r\n\r\n\r\n\r\n<p class=\"wp-block-paragraph\">Ces troubles cachent des m\u00e9canismes complexes, comme \u00e9voqu\u00e9 dans l&rsquo;article<a href=\"https:\/\/cliniclesalpes.com\/fr\/blog\/que-cache-une-addiction-derriere-ses-manifestations\/\" target=\"_blank\" rel=\"noreferrer noopener\"> \u00ab\u00a0Que cache une addiction derri\u00e8re ses manifestations\u00a0\u00bb<\/a>.<\/p>\r\n\r\n\r\n\r\n<h3 class=\"wp-block-heading\">Le r\u00f4le du cortisol et des hormones du stress<\/h3>\r\n\r\n\r\n\r\n<p class=\"wp-block-paragraph\">Le taux de cortisol atteint naturellement son pic entre 6h et 8h du matin, pr\u00e9parant votre corps au r\u00e9veil. Cette hormone du stress active votre syst\u00e8me nerveux sympathique et vous donne l&rsquo;\u00e9nergie n\u00e9cessaire pour commencer la journ\u00e9e.\u00a0<\/p>\r\n\r\n\r\n\r\n<p class=\"wp-block-paragraph\">Pourtant, chez certaines personnes, cette r\u00e9action hormonale normale est probl\u00e9matique. Le cerveau interpr\u00e8te cette mont\u00e9e de cortisol comme un signal de danger, d\u00e9clenchant un \u00e9tat de stress disproportionn\u00e9.<\/p>\r\n\r\n\r\n\r\n<h3 class=\"wp-block-heading\">L&rsquo;impact de la qualit\u00e9 du sommeil sur l&rsquo;angoisse matinale<\/h3>\r\n\r\n\r\n\r\n<p class=\"wp-block-paragraph\"><strong>Une mauvaise hygi\u00e8ne de vie nocturne amplifie consid\u00e9rablement l&rsquo;angoisse<\/strong>.<\/p>\r\n\r\n\r\n\r\n<p class=\"wp-block-paragraph\">Le manque de sommeil profond fragilise votre syst\u00e8me nerveux et favorise l&rsquo;anxi\u00e9t\u00e9 au r\u00e9veil.<\/p>\r\n\r\n\r\n\r\n<ul class=\"wp-block-list\">\r\n<li><strong>Troubles du sommeil r\u00e9p\u00e9t\u00e9s<\/strong> : perturbent la r\u00e9gulation hormonale naturelle<\/li>\r\n\r\n\r\n\r\n<li><strong>Manque de sommeil chronique<\/strong> : augmente la sensibilit\u00e9 au stress<\/li>\r\n\r\n\r\n\r\n<li><strong>Mauvaise qualit\u00e9 de nuit<\/strong> : emp\u00eache la r\u00e9cup\u00e9ration psychique n\u00e9cessaire<\/li>\r\n\r\n\r\n\r\n<li><strong>Consommation d&rsquo;alcool le soir<\/strong> : alt\u00e8re les phases de sommeil profond<\/li>\r\n\r\n\r\n\r\n<li><strong>Cercle vicieux<\/strong> : l&rsquo;angoisse g\u00e9n\u00e8re des troubles du sommeil qui l&rsquo;aggravent<\/li>\r\n<\/ul>\r\n\r\n\r\n\r\n<h3 class=\"wp-block-heading\">Les facteurs psychologiques et les pens\u00e9es automatiques<\/h3>\r\n\r\n\r\n\r\n<p class=\"wp-block-paragraph\">Les sch\u00e9mas de pens\u00e9e n\u00e9gatifs conditionnent votre cerveau \u00e0 anticiper le stress d\u00e8s le r\u00e9veil.\u00a0<\/p>\r\n\r\n\r\n\r\n<p class=\"wp-block-paragraph\">Ces ruminations nocturnes persistent au matin, alimentant l&rsquo;anxi\u00e9t\u00e9 sociale et les peurs professionnelles. L&rsquo;anticipation anxieuse de la journ\u00e9e cr\u00e9e un \u00e9tat de stress permanent.\u00a0<\/p>\r\n\r\n\r\n\r\n<p class=\"wp-block-paragraph\">Votre esprit d\u00e9veloppe des tendances qui transforment chaque nouveau jour en source d&rsquo;inqui\u00e9tude.\u00a0<\/p>\r\n\r\n\r\n\r\n<div class=\"snippet-bait\">\r\n<p>Ces sch\u00e9mas psychologiques, renforc\u00e9s par le temps, ancrent profond\u00e9ment l&rsquo;angoisse dans votre quotidien.<\/p>\r\n<\/div>\r\n\r\n\r\n\r\n<h2 class=\"wp-block-heading\">L&rsquo;impact de l&rsquo;angoisse matinale sur la vie quotidienne<\/h2>\r\n\r\n\r\n\r\n<p class=\"wp-block-paragraph\">Un effet domino affecte votre sant\u00e9 mentale, vos performances professionnelles et vos relations personnelles.\u00a0<\/p>\r\n\r\n\r\n\r\n<p class=\"wp-block-paragraph\">Ce mal-\u00eatre g\u00e9n\u00e9ralis\u00e9 s&rsquo;apparente au probl\u00e8me d\u00e9crit dans l&rsquo;article<a href=\"https:\/\/cliniclesalpes.com\/fr\/blog\/comprendre-le-mal-etre-et-comment-clinic-les-alpes-peut-vous-aider\/\" target=\"_blank\" rel=\"noreferrer noopener\"> \u00ab\u00a0Comprendre le mal-\u00eatre et comment Clinic Les Alpes peut vous aider\u00a0\u00bb<\/a>.<\/p>\r\n\r\n\r\n\r\n<div class=\"snippet-bait\">\r\n<p><a href=\"https:\/\/cliniclesalpes.com\/fr\/traitement-et-therapies\/\">Vous souffrez d&rsquo;angoisse matinale ? D\u00e9couvrez nos solutions personnalis\u00e9es<\/a><\/p>\r\n<\/div>\r\n\r\n\r\n\r\n<h3 class=\"wp-block-heading\">Les r\u00e9percussions sur la sant\u00e9 physique et mentale<\/h3>\r\n\r\n\r\n\r\n<p class=\"wp-block-paragraph\">Cette anxi\u00e9t\u00e9 chronique \u00e9puise progressivement votre organisme et fragilise votre \u00e9quilibre psychologique.\u00a0<\/p>\r\n\r\n\r\n\r\n<p class=\"wp-block-paragraph\">Les effets se manifestent bien au-del\u00e0 du simple malaise et touchent tous les aspects de votre sant\u00e9.<\/p>\r\n\r\n\r\n\r\n<ul class=\"wp-block-list\">\r\n<li><strong>Fatigue chronique <\/strong>: l&rsquo;\u00e9puisement mental d\u00e8s le r\u00e9veil persiste toute la journ\u00e9e<\/li>\r\n\r\n\r\n\r\n<li><strong>Affaiblissement immunitaire<\/strong> : le stress constant diminue vos d\u00e9fenses naturelles<\/li>\r\n\r\n\r\n\r\n<li><strong>Troubles digestifs<\/strong> : maux de ventre, naus\u00e9es et probl\u00e8mes intestinaux r\u00e9currents<\/li>\r\n\r\n\r\n\r\n<li><strong>Estime de soi d\u00e9grad\u00e9e<\/strong> : sentiment d&rsquo;incomp\u00e9tence face \u00e0 cette souffrance quotidienne<\/li>\r\n\r\n\r\n\r\n<li><strong>Phobie sociale<\/strong> : \u00e9vitement des contacts matinaux par crainte du jugement<\/li>\r\n\r\n\r\n\r\n<li><strong>M\u00e9canismes compensatoires<\/strong> : certaines personnes d\u00e9veloppent une relation probl\u00e9matique \u00e0 l&rsquo;alimentation, et \u00ab\u00a0<a href=\"https:\/\/cliniclesalpes.com\/fr\/blog\/manger-ses-emotions-comprendre-et-surmonter-cette-reaction\/\" target=\"_blank\" rel=\"noreferrer noopener\">mangent leurs \u00e9motions<\/a>\u00ab\u00a0<\/li>\r\n<\/ul>\r\n\r\n\r\n\r\n<h3 class=\"wp-block-heading\">Les cons\u00e9quences sur la vie professionnelle et sociale<\/h3>\r\n\r\n\r\n\r\n<p class=\"wp-block-paragraph\"><strong>Votre angoisse diminue vos performances au travail<\/strong>.\u00a0<\/p>\r\n\r\n\r\n\r\n<p class=\"wp-block-paragraph\">Les retards fr\u00e9quents, l&rsquo;\u00e9vitement des r\u00e9unions et la difficult\u00e9 \u00e0 d\u00e9marrer vos t\u00e2ches cr\u00e9ent des tensions professionnelles.\u00a0<\/p>\r\n\r\n\r\n\r\n<p class=\"wp-block-paragraph\">Vos relations sociales se d\u00e9t\u00e9riorent progressivement. Vous \u00e9vitez les invitations petit-d\u00e9jeuner, refusez les rendez-vous matinaux et vous isolez de votre entourage.<\/p>\r\n\r\n\r\n\r\n<p class=\"wp-block-paragraph\">\u00a0Cette spirale n\u00e9gative g\u00e9n\u00e8re un sentiment de honte qui aggrave votre \u00e9tat.\u00a0<\/p>\r\n\r\n\r\n\r\n<p class=\"wp-block-paragraph\">Parfois,<a href=\"https:\/\/cliniclesalpes.com\/fr\/blog\/prendre-de-la-distance-pour-se-proteger\/\" target=\"_blank\" rel=\"noreferrer noopener\"> prendre de la distance est n\u00e9cessaire pour se prot\u00e9ger \u00e9motionnellement<\/a>, mais cet isolement risque d&rsquo;aggraver votre angoisse \u00e0 long terme.<\/p>\r\n\r\n\r\n\r\n<figure class=\"wp-block-image size-full\"><img decoding=\"async\" class=\"wp-image-98346\" src=\"https:\/\/cliniclesalpes.com\/wp-content\/uploads\/2025\/07\/image-10.png\" alt=\"\" \/><\/figure>\r\n\r\n\r\n\r\n<h2 class=\"wp-block-heading\">Les approches th\u00e9rapeutiques sp\u00e9cialis\u00e9es<\/h2>\r\n\r\n\r\n\r\n<p class=\"wp-block-paragraph\">Face \u00e0 ces cons\u00e9quences importantes, <strong>consulter un professionnel devient primordial<\/strong> lorsque l&rsquo;angoisse persiste au-del\u00e0 de quelques semaines.\u00a0<\/p>\r\n\r\n\r\n\r\n<p class=\"wp-block-paragraph\"><strong>Diff\u00e9rents traitements existent<\/strong>, mais leur efficacit\u00e9 d\u00e9pend d&rsquo;une \u00e9valuation pr\u00e9cise de votre situation.\u00a0<\/p>\r\n\r\n\r\n\r\n<p class=\"wp-block-paragraph\">Un m\u00e9decin ou psychologue \u00e9value d&rsquo;abord l&rsquo;intensit\u00e9 de vos sympt\u00f4mes avant de conseiller la th\u00e9rapie comportementale la plus adapt\u00e9e.<\/p>\r\n\r\n\r\n\r\n<h3 class=\"wp-block-heading\">La th\u00e9rapie cognitivo-comportementale pour l&rsquo;anxi\u00e9t\u00e9 matinale<\/h3>\r\n\r\n\r\n\r\n<p class=\"wp-block-paragraph\">La th\u00e9rapie cognitivo-comportementale cible directement les pens\u00e9es automatiques qui d\u00e9clenchent votre angoisse au r\u00e9veil.<\/p>\r\n\r\n\r\n\r\n<p class=\"wp-block-paragraph\">Le th\u00e9rapeute vous aide \u00e0 identifier les sch\u00e9mas de pens\u00e9e n\u00e9gatifs qui amplifient votre anxi\u00e9t\u00e9 g\u00e9n\u00e9ralis\u00e9e.\u00a0<\/p>\r\n\r\n\r\n\r\n<p class=\"wp-block-paragraph\">Cette m\u00e9thode d\u00e9veloppe des strat\u00e9gies concr\u00e8tes pour modifier votre r\u00e9action \u00e9motionnelle. Les s\u00e9ances incluent des exercices pratiques : m\u00e9ditation, techniques de respiration et l\u00e2cher prise.\u00a0<\/p>\r\n\r\n\r\n\r\n<div class=\"snippet-bait\">\r\n<p>Cette th\u00e9rapie diminue progressivement l&rsquo;intensit\u00e9 de vos attaques de panique en reprogrammant votre cerveau.<\/p>\r\n<\/div>\r\n\r\n\r\n\r\n<h3 class=\"wp-block-heading\">Les traitements m\u00e9dicamenteux et leur place<\/h3>\r\n\r\n\r\n\r\n<p class=\"wp-block-paragraph\">Certains m\u00e9dicaments soulagent temporairement l&rsquo;angoisse matinale, mais leur prescription demande un suivi m\u00e9dical rigoureux.\u00a0<\/p>\r\n\r\n\r\n\r\n<ul class=\"wp-block-list\">\r\n<li><strong>Inhibiteurs de recapture de la s\u00e9rotonine<\/strong> : r\u00e9gulent l&rsquo;humeur sur plusieurs mois<\/li>\r\n\r\n\r\n\r\n<li><strong>Benzodiaz\u00e9pines<\/strong> : calment rapidement mais cr\u00e9ent une d\u00e9pendance<\/li>\r\n\r\n\r\n\r\n<li><strong>Anxiolytiques naturels<\/strong> : sophrologie et compl\u00e9ments alimentaires<\/li>\r\n\r\n\r\n\r\n<li><strong>Suivi m\u00e9dical<\/strong> : surveillance des effets secondaires et ajustement des doses<\/li>\r\n<\/ul>\r\n\r\n\r\n\r\n<h3 class=\"wp-block-heading\">L&rsquo;accompagnement psychologique et le soutien th\u00e9rapeutique<\/h3>\r\n\r\n\r\n\r\n<p class=\"wp-block-paragraph\">Le psychologue adapte son accompagnement \u00e0 votre profil psychologique sp\u00e9cifique.\u00a0<\/p>\r\n\r\n\r\n\r\n<p class=\"wp-block-paragraph\">Certains patients pr\u00e9sentent des troubles associ\u00e9s,<a href=\"https:\/\/cliniclesalpes.com\/fr\/blog\/tdah-depression\/\" target=\"_blank\" rel=\"noreferrer noopener\"> comme le TDAH et la d\u00e9pression<\/a>, qui n\u00e9cessitent une prise en charge globale.\u00a0<\/p>\r\n\r\n\r\n\r\n<p class=\"wp-block-paragraph\">L&rsquo;approche holistique combine plusieurs techniques : entretiens individuels, groupes de parole et activit\u00e9s th\u00e9rapeutiques, en tenant compte de votre histoire personnelle et de votre environnement familial.<\/p>\r\n\r\n\r\n\r\n<div class=\"snippet-bait\">\r\n<p><a href=\"https:\/\/cliniclesalpes.com\/fr\/contactez-nous\/\">Besoin d&rsquo;un accompagnement sp\u00e9cialis\u00e9 ? Contactez nous d\u00e8s maintenant<\/a><\/p>\r\n<\/div>\r\n\r\n\r\n\r\n<figure class=\"wp-block-image size-full\"><img decoding=\"async\" class=\"wp-image-98347\" src=\"https:\/\/cliniclesalpes.com\/wp-content\/uploads\/2025\/07\/image-11.png\" alt=\"\" \/><\/figure>\r\n\r\n\r\n\r\n<h2 class=\"wp-block-heading\">L&rsquo;accompagnement sp\u00e9cialis\u00e9 \u00e0 Clinic Les Alpes<\/h2>\r\n\r\n\r\n\r\n<p class=\"wp-block-paragraph\">Pourtant, m\u00eame si ces th\u00e9rapies classiques aident de nombreux patients, certaines situations n\u00e9cessitent une prise en charge plus intensive.\u00a0<\/p>\r\n\r\n\r\n\r\n<p class=\"wp-block-paragraph\"><strong>Clinic Les Alpes<\/strong> adopte une approche holistique dans le traitement des troubles anxieux, int\u00e9grant les techniques de relaxation dans un environnement th\u00e9rapeutique global.\u00a0<\/p>\r\n\r\n\r\n\r\n<p class=\"wp-block-paragraph\">Cette m\u00e9thode consid\u00e8re l&rsquo;angoisse matinale dans son contexte personnel et \u00e9motionnel complet.\u00a0<\/p>\r\n\r\n\r\n\r\n<h3 class=\"wp-block-heading\">Une prise en charge globale des troubles anxieux<\/h3>\r\n\r\n\r\n\r\n<p class=\"wp-block-paragraph\">Notre \u00e9quipe multidisciplinaire traite sp\u00e9cifiquement ce domaine par des s\u00e9ances individuelles quotidiennes.\u00a0<\/p>\r\n\r\n\r\n\r\n<p class=\"wp-block-paragraph\">Chaque patient b\u00e9n\u00e9ficie d&rsquo;un rituel de relaxation personnalis\u00e9 :\u00a0<\/p>\r\n\r\n\r\n\r\n<ul class=\"wp-block-list\">\r\n<li>coh\u00e9rence cardiaque,\u00a0<\/li>\r\n\r\n\r\n\r\n<li>sophrologie\u00a0<\/li>\r\n\r\n\r\n\r\n<li>et activit\u00e9 physique adapt\u00e9e.\u00a0<\/li>\r\n<\/ul>\r\n\r\n\r\n\r\n<p class=\"wp-block-paragraph\">Les psychoth\u00e9rapeutes enseignent <strong>des techniques de relaxation applicables d\u00e8s le r\u00e9veil<\/strong>.\u00a0<\/p>\r\n\r\n\r\n\r\n<p class=\"wp-block-paragraph\">L&rsquo;exposition \u00e0 la lumi\u00e8re est b\u00e9n\u00e9fique dans votre routine quotidienne, ce qui diminue l&rsquo;intensit\u00e9 de vos crises de panique.<\/p>\r\n\r\n\r\n\r\n<h3 class=\"wp-block-heading\">Un cadre th\u00e9rapeutique propice \u00e0 la gu\u00e9rison<\/h3>\r\n\r\n\r\n\r\n<p class=\"wp-block-paragraph\">L&rsquo;environnement alpin calme naturellement votre syst\u00e8me nerveux et favorise la gu\u00e9rison. Loin des r\u00e9seaux sociaux et du t\u00e9l\u00e9phone, vous d\u00e9veloppez une nouvelle routine apaisante.\u00a0<\/p>\r\n\r\n\r\n\r\n<p class=\"wp-block-paragraph\">L&rsquo;objectif est de favoriser l&rsquo;int\u00e9gration d&rsquo;activit\u00e9s apaisantes dans votre journ\u00e9e, comme la marche en nature ou les s\u00e9ances de coh\u00e9rence cardiaque. Cet isolement b\u00e9n\u00e9fique vous \u00e9loigne des facteurs de stress quotidiens qui d\u00e9clenchent votre angoisse.\u00a0<\/p>\r\n\r\n\r\n\r\n<p class=\"wp-block-paragraph\">Le rythme adapt\u00e9 au r\u00e9tablissement respecte votre temps de gu\u00e9rison personnel et s&rsquo;ajuste \u00e0 vos besoins sp\u00e9cifiques<strong>.<\/strong><\/p>\r\n\r\n\r\n\r\n<p class=\"wp-block-paragraph\"><strong>Cette souffrance se soigne efficacement avec un accompagnement adapt\u00e9<\/strong>. Agir rapidement \u00e9vite l&rsquo;aggravation de vos sympt\u00f4mes et raccourcit votre parcours de gu\u00e9rison.\u00a0<\/p>\r\n\r\n\r\n\r\n<p class=\"wp-block-paragraph\">Ces techniques personnalis\u00e9es vous redonnent confiance en votre capacit\u00e9 \u00e0 affronter chaque nouveau jour sereinement.<\/p>\r\n\r\n\r\n\r\n<div class=\"snippet-bait\">\r\n<p><a href=\"https:\/\/cliniclesalpes.com\/fr\/la-clinique\/\">Retrouvez des matins sereins : d\u00e9couvrez notre cadre<\/a><\/p>\r\n<\/div>\r\n","protected":false},"excerpt":{"rendered":"<p>Votre r\u00e9veil est un cauchemar quotidien. Cette sensation de peur vous saisit d\u00e8s les premiers instants de conscience, faisant de chaque matin une v\u00e9ritable \u00e9preuve physique et mentale.\u00a0 L&rsquo;angoisse matinale paralyse votre journ\u00e9e avant m\u00eame de commencer, votre cerveau anticipe d\u00e9j\u00e0 mille probl\u00e8mes inexistants.\u00a0 Cette anxi\u00e9t\u00e9 touche de nombreuses personnes qui cachent leur souffrance, pensant [&hellip;]<\/p>\n","protected":false},"author":1,"featured_media":114004,"comment_status":"closed","ping_status":"closed","sticky":false,"template":"","format":"standard","meta":{"_acf_changed":false,"footnotes":""},"categories":[117],"tags":[],"class_list":["post-98342","post","type-post","status-publish","format-standard","has-post-thumbnail","hentry","category-sante-mentale-et-bien-etre"],"acf":[],"_links":{"self":[{"href":"https:\/\/cliniclesalpes.com\/fr\/wp-json\/wp\/v2\/posts\/98342","targetHints":{"allow":["GET"]}}],"collection":[{"href":"https:\/\/cliniclesalpes.com\/fr\/wp-json\/wp\/v2\/posts"}],"about":[{"href":"https:\/\/cliniclesalpes.com\/fr\/wp-json\/wp\/v2\/types\/post"}],"author":[{"embeddable":true,"href":"https:\/\/cliniclesalpes.com\/fr\/wp-json\/wp\/v2\/users\/1"}],"replies":[{"embeddable":true,"href":"https:\/\/cliniclesalpes.com\/fr\/wp-json\/wp\/v2\/comments?post=98342"}],"version-history":[{"count":2,"href":"https:\/\/cliniclesalpes.com\/fr\/wp-json\/wp\/v2\/posts\/98342\/revisions"}],"predecessor-version":[{"id":114008,"href":"https:\/\/cliniclesalpes.com\/fr\/wp-json\/wp\/v2\/posts\/98342\/revisions\/114008"}],"wp:featuredmedia":[{"embeddable":true,"href":"https:\/\/cliniclesalpes.com\/fr\/wp-json\/wp\/v2\/media\/114004"}],"wp:attachment":[{"href":"https:\/\/cliniclesalpes.com\/fr\/wp-json\/wp\/v2\/media?parent=98342"}],"wp:term":[{"taxonomy":"category","embeddable":true,"href":"https:\/\/cliniclesalpes.com\/fr\/wp-json\/wp\/v2\/categories?post=98342"},{"taxonomy":"post_tag","embeddable":true,"href":"https:\/\/cliniclesalpes.com\/fr\/wp-json\/wp\/v2\/tags?post=98342"}],"curies":[{"name":"wp","href":"https:\/\/api.w.org\/{rel}","templated":true}]}}