{"id":98352,"date":"2026-08-19T15:37:57","date_gmt":"2026-08-19T15:37:57","guid":{"rendered":"https:\/\/cliniclesalpes.com\/?p=98352"},"modified":"2026-08-19T17:27:17","modified_gmt":"2026-08-19T17:27:17","slug":"etapes-crise-existentielle","status":"publish","type":"post","link":"https:\/\/cliniclesalpes.com\/fr\/blog\/2026\/08\/19\/etapes-crise-existentielle\/","title":{"rendered":"Les \u00e9tapes de la crise existentielle : du questionnement \u00e0 la reconstruction"},"content":{"rendered":"\r\n<p class=\"wp-block-paragraph\">Un matin, vous ouvrez les yeux et un sentiment \u00e9trange vous envahit. Votre travail, vos relations, vos choix de vie&#8230; plus rien ne fait sens.\u00a0<\/p>\r\n\r\n\r\n\r\n<p class=\"wp-block-paragraph\">Ressentir ce trouble brutal marque souvent le d\u00e9but d&rsquo;une crise existentielle profonde. Ce vide int\u00e9rieur, cette remise en question de votre propre existence touchent des millions de personnes chaque jour.<\/p>\r\n\r\n\r\n\r\n<p class=\"wp-block-paragraph\">Cette p\u00e9riode difficile suit un processus identifiable en \u00e9tapes qui forment un chemin du questionnement vers la reconstruction personnelle.\u00a0<\/p>\r\n\r\n\r\n\r\n<p class=\"wp-block-paragraph\">Comprendre ces phases permet de vous aider \u00e0 traverser cette \u00e9preuve avec plus de s\u00e9r\u00e9nit\u00e9 et d&rsquo;espoir.<\/p>\r\n\r\n\r\n\r\n<h2 class=\"wp-block-heading\">Qu&rsquo;est-ce qu&rsquo;une crise existentielle et comment la reconna\u00eetre ?<\/h2>\r\n\r\n\r\n\r\n<p class=\"wp-block-paragraph\">Une crise existentielle est <strong>une remise en question profonde <\/strong>qui touche votre existence et interroge vos choix. Il en r\u00e9sulte un vide existentiel durable qui transforme votre rapport au monde.\u00a0<\/p>\r\n\r\n\r\n\r\n<p class=\"wp-block-paragraph\">Ce sentiment de vide s&rsquo;accompagne d&rsquo;une qu\u00eate de sens qui peut \u00e9voluer vers <a href=\"https:\/\/cliniclesalpes.com\/fr\/blog\/comprendre-le-mal-etre-et-comment-clinic-les-alpes-peut-vous-aider\/\" target=\"_blank\" rel=\"noreferrer noopener\">un mal-\u00eatre g\u00e9n\u00e9ralis\u00e9<\/a> affectant votre vie quotidienne et votre \u00e9quilibre int\u00e9rieur et cette <a href=\"https:\/\/cliniclesalpes.com\/fr\/blog\/perte-de-sens\/\" target=\"_blank\" rel=\"noreferrer noopener\">perte de sens<\/a> bouleverse votre vie.<\/p>\r\n\r\n\r\n\r\n<p class=\"wp-block-paragraph\">Ces sympt\u00f4mes montrent une d\u00e9connexion entre vos valeurs et votre r\u00e9alit\u00e9 :<\/p>\r\n\r\n\r\n\r\n<ul class=\"wp-block-list\">\r\n<li>Sentiment de d\u00e9calage constant avec votre entourage<\/li>\r\n\r\n\r\n\r\n<li>Questionnement obsessionnel sur le sens de la vie<\/li>\r\n\r\n\r\n\r\n<li>Manque de motivation chronique face aux t\u00e2ches quotidiennes<\/li>\r\n\r\n\r\n\r\n<li>Pr\u00e9occupation constante concernant l&rsquo;utilit\u00e9 de vos actions<\/li>\r\n\r\n\r\n\r\n<li>Sentiment de malaise diffus sans cause identifiable<\/li>\r\n<\/ul>\r\n\r\n\r\n\r\n<p class=\"wp-block-paragraph\">Ce ph\u00e9nom\u00e8ne survient \u00e0 diff\u00e9rente cycles de vie :<\/p>\r\n\r\n\r\n\r\n<table class=\"redac-table\">\r\n<thead>\r\n<tr>\r\n<th>Type de crise<\/th>\r\n<th>\u00c2ge concern\u00e9<\/th>\r\n<th>D\u00e9clencheurs principaux<\/th>\r\n<\/tr>\r\n<\/thead>\r\n<tbody>\r\n<tr>\r\n<td>Crise du quart de vie<\/td>\r\n<td data-label=\"\u00c2ge concern\u00e9\">20-30 ans<\/td>\r\n<td data-label=\"D\u00e9clencheurs principaux\">Entr\u00e9e dans l&rsquo;\u00e2ge adulte, premiers choix professionnels<\/td>\r\n<\/tr>\r\n<tr>\r\n<td>Crise de la quarantaine<\/td>\r\n<td data-label=\"\u00c2ge concern\u00e9\">35-45 ans<\/td>\r\n<td data-label=\"D\u00e9clencheurs principaux\">Bilan de mi-parcours, \u00e9cart entre aspirations et r\u00e9alit\u00e9<\/td>\r\n<\/tr>\r\n<tr>\r\n<td>Crise du milieu de vie<\/td>\r\n<td data-label=\"\u00c2ge concern\u00e9\">45-55 ans<\/td>\r\n<td data-label=\"D\u00e9clencheurs principaux\">Vieillissement, d\u00e9part des enfants, mortalit\u00e9 des proches<\/td>\r\n<\/tr>\r\n<tr>\r\n<td>Entr\u00e9e en vieillesse<\/td>\r\n<td data-label=\"\u00c2ge concern\u00e9\">60 ans et plus<\/td>\r\n<td data-label=\"D\u00e9clencheurs principaux\">Retraite, perte d&rsquo;autonomie, isolement social<\/td>\r\n<\/tr>\r\n<\/tbody>\r\n<\/table>\r\n\r\n\r\n\r\n<h2 class=\"wp-block-heading\">Les cinq \u00e9tapes de la crise existentielle<\/h2>\r\n\r\n\r\n\r\n<p class=\"wp-block-paragraph\">Il faut d\u00e9tecter la manifestation de cet \u00e9pisode pour le comprendre et mieux le traverser.<\/p>\r\n\r\n\r\n\r\n<p class=\"wp-block-paragraph\"><strong>5 \u00e9tapes forment un plan naturel de croissance personnelle<\/strong>, qui ne suit pas forc\u00e9ment un ordre lin\u00e9aire. Chaque individu vit ces phases selon son propre rythme et sa personnalit\u00e9.<\/p>\r\n\r\n\r\n\r\n<h3 class=\"wp-block-heading\">Premi\u00e8re \u00e9tape : la prise de conscience et le questionnement initial<\/h3>\r\n\r\n\r\n\r\n<p class=\"wp-block-paragraph\">Elle d\u00e9bute par <strong>des premi\u00e8res interrogations sur votre propre r\u00e9alit\u00e9 personnelle<\/strong>.\u00a0<\/p>\r\n\r\n\r\n\r\n<p class=\"wp-block-paragraph\">Un \u00e9v\u00e9nement d\u00e9clencheur, marquant ou simplement le passage du temps fait na\u00eetre le sentiment que \u00ab\u00a0quelque chose ne va pas\u00a0\u00bb.\u00a0<\/p>\r\n\r\n\r\n\r\n<p class=\"wp-block-paragraph\">Vous commencez \u00e0 remettre en question vos choix de vie, votre travail et aussi vos relations.\u00a0<\/p>\r\n\r\n\r\n\r\n<p class=\"wp-block-paragraph\"><strong>La prise de conscience g\u00e9n\u00e8re une incertitude sur le sens de la vie<\/strong>, qui bouleverse vos certitudes. L&rsquo;ennui existentiel s&rsquo;installe progressivement, convertissant votre routine quotidienne en source d&rsquo;insatisfaction.<\/p>\r\n\r\n\r\n\r\n<h3 class=\"wp-block-heading\">Deuxi\u00e8me \u00e9tape : la d\u00e9sint\u00e9gration et le vide int\u00e9rieur<\/h3>\r\n\r\n\r\n\r\n<p class=\"wp-block-paragraph\"><strong>Un vide existentiel s&rsquo;installe sournoisement et envahit vos pens\u00e9es<\/strong>, cr\u00e9ant une fatigue \u00e9motionnelle inconnue jusqu&rsquo;alors.\u00a0<\/p>\r\n\r\n\r\n\r\n<p class=\"wp-block-paragraph\">Voici une incertitude qui engendre une anxi\u00e9t\u00e9 persistante et une frustration grandissante. C\u2019est comme si vous tentiez de trouver une issue dans un labyrinthe\u00a0: vos nuits s&rsquo;agitent, vos journ\u00e9es perdent leur saveur.<\/p>\r\n\r\n\r\n\r\n<p class=\"wp-block-paragraph\">Cette souffrance peut \u00e9voluer vers une<a href=\"https:\/\/cliniclesalpes.com\/fr\/blog\/tdah-depression\/\" target=\"_blank\" rel=\"noreferrer noopener\"> d\u00e9pression existentielle<\/a> qui n\u00e9cessite un accompagnement bienveillant. Les<a href=\"https:\/\/cliniclesalpes.com\/fr\/blog\/comment-guerir-traumatisme-enfance\/\" target=\"_blank\" rel=\"noreferrer noopener\"> blessures du pass\u00e9<\/a> ressurgissent souvent \u00e0 ce moment vuln\u00e9rable avec une intensit\u00e9 surprenante.<\/p>\r\n\r\n\r\n\r\n<p class=\"wp-block-paragraph\">Rappelez-vous que cette d\u00e9sint\u00e9gration temporaire annonce la reconstruction qui vous attend.<\/p>\r\n\r\n\r\n\r\n<h3 class=\"wp-block-heading\">Troisi\u00e8me \u00e9tape : l&rsquo;exploration et la qu\u00eate obsessionnelle de sens<\/h3>\r\n\r\n\r\n\r\n<p class=\"wp-block-paragraph\">Face \u00e0 ce vide, votre esprit se lance dans une qu\u00eate de r\u00e9ponses\u00a0: explorer diff\u00e9rentes philosophies, se tourner vers la m\u00e9ditation ou envisager des changements radicaux de mode de vie.<\/p>\r\n\r\n\r\n\r\n<p class=\"wp-block-paragraph\">Cette recherche s&rsquo;intensifie et vous recherchez des solutions : th\u00e9rapeutes, coachs, m\u00e9thodes alternatives. Chaque nouvelle approche porte l&rsquo;espoir d&rsquo;\u00eatre celle qui apaisera enfin votre questionnement.\u00a0<\/p>\r\n\r\n\r\n\r\n<p class=\"wp-block-paragraph\">Pourtant, cette qu\u00eate devient rapidement obsessionnelle et \u00e9puisante. Cette course aux r\u00e9ponses cache souvent une peur existentielle profonde : celle de rester \u00e9ternellement dans l&rsquo;incertitude.<\/p>\r\n\r\n\r\n\r\n<div class=\"snippet-bait\">\r\n<p>Cette recherche effr\u00e9n\u00e9e peut cacher une peur existentielle profonde.<\/p>\r\n<\/div>\r\n\r\n\r\n\r\n<h3 class=\"wp-block-heading\">Quatri\u00e8me \u00e9tape : l&rsquo;acceptation et l&rsquo;int\u00e9gration<\/h3>\r\n\r\n\r\n\r\n<p class=\"wp-block-paragraph\">\u00c9puis\u00e9 par cette qu\u00eate effr\u00e9n\u00e9e, vous finissez par l\u00e2cher prise pour qu\u2019un jour, cette pens\u00e9e lib\u00e9ratrice surgisse : \u00ab\u00a0<strong>Et si je n&rsquo;avais pas besoin de tout comprendre ?<\/strong>\u00a0\u00bb\u00a0<\/p>\r\n\r\n\r\n\r\n<p class=\"wp-block-paragraph\">Il s\u2019agit l\u00e0 d&rsquo;un tournant d\u00e9cisif qui transforme votre relation \u00e0 l&rsquo;incertitude.<\/p>\r\n\r\n\r\n\r\n<p class=\"wp-block-paragraph\">Au lieu de fuir les questions sans r\u00e9ponses, vous apprenez \u00e0 cohabiter avec elles sans anxi\u00e9t\u00e9.\u00a0<\/p>\r\n\r\n\r\n\r\n<p class=\"wp-block-paragraph\"><strong>Une confiance in\u00e9dite na\u00eet<\/strong>, bas\u00e9e sur votre authenticit\u00e9 plut\u00f4t que sur les attentes ext\u00e9rieures. Vos choix refl\u00e8tent d\u00e9sormais qui vous \u00eates vraiment.<\/p>\r\n\r\n\r\n\r\n<h3 class=\"wp-block-heading\">Cinqui\u00e8me \u00e9tape : la reconstruction et la transformation de soi<\/h3>\r\n\r\n\r\n\r\n<p class=\"wp-block-paragraph\">Fort de cette acceptation, vous entamez <strong>une reconstruction consciente de votre existence<\/strong>.\u00a0<\/p>\r\n\r\n\r\n\r\n<p class=\"wp-block-paragraph\">Vous orchestrez d\u00e9sormais les changements selon vos valeurs authentiques plut\u00f4t que de les subir. Cette transition r\u00e9v\u00e8le des aspects oubli\u00e9s de votre personnalit\u00e9.<\/p>\r\n\r\n\r\n\r\n<p class=\"wp-block-paragraph\">Votre travail, vos relations et vos priorit\u00e9s se r\u00e9organisent naturellement autour de cette clart\u00e9 retrouv\u00e9e.\u00a0<\/p>\r\n\r\n\r\n\r\n<p class=\"wp-block-paragraph\">Un \u00e9quilibre in\u00e9dit \u00e9merge : <strong>votre monde int\u00e9rieur dialogue enfin harmonieusement avec votre r\u00e9alit\u00e9 ext\u00e9rieure<\/strong>.<\/p>\r\n\r\n\r\n\r\n<figure class=\"wp-block-image size-full\"><img decoding=\"async\" class=\"wp-image-98354\" src=\"https:\/\/cliniclesalpes.com\/wp-content\/uploads\/2025\/07\/image-13.png\" alt=\"\" \/><\/figure>\r\n\r\n\r\n\r\n<h2 class=\"wp-block-heading\">Comment traverser chaque \u00e9tape avec s\u00e9r\u00e9nit\u00e9<\/h2>\r\n\r\n\r\n\r\n<p class=\"wp-block-paragraph\">Conna\u00eetre ces \u00e9tapes ne suffit pas : adopter des strat\u00e9gies adapt\u00e9es \u00e0 chaque phase \u00e9vite de rester bloqu\u00e9 dans une phase particuli\u00e8re et facilite votre progression naturelle.<\/p>\r\n\r\n\r\n\r\n<h3 class=\"wp-block-heading\">G\u00e9rer les premi\u00e8res phases : du questionnement au vide existentiel<\/h3>\r\n\r\n\r\n\r\n<p class=\"wp-block-paragraph\">D&rsquo;abord, il faut comprendre que ces interrogations marquent le d\u00e9but d&rsquo;un processus normal de croissance. La frustration initiale cache souvent une envie profonde de changement qui m\u00e9rite d&rsquo;\u00eatre accueillie avec bienveillance :<\/p>\r\n\r\n\r\n\r\n<ul class=\"wp-block-list\">\r\n<li><strong>Accepter l&rsquo;inconfort temporaire<\/strong> : cette p\u00e9riode difficile annonce une transformation positive n\u00e9cessaire \u00e0 votre d\u00e9veloppement<\/li>\r\n\r\n\r\n\r\n<li><strong>Maintenir des routines saines <\/strong>: pr\u00e9server vos activit\u00e9s quotidiennes aide \u00e0 stabiliser votre mental durant cette phase de transition<\/li>\r\n\r\n\r\n\r\n<li><strong>Cultiver une introspection guid\u00e9e<\/strong> : noter vos pens\u00e9es dans un journal r\u00e9v\u00e8le les signes pr\u00e9curseurs de votre \u00e9volution personnelle<\/li>\r\n\r\n\r\n\r\n<li><strong>Pratiquer la solitude constructive<\/strong> :<a href=\"https:\/\/cliniclesalpes.com\/fr\/blog\/prendre-de-la-distance-pour-se-proteger\/\" target=\"_blank\" rel=\"noreferrer noopener\"> prendre de la distance<\/a> avec votre milieu habituel favorise une r\u00e9flexion authentique<\/li>\r\n\r\n\r\n\r\n<li><strong>Chercher un soutien professionnel<\/strong>\u00a0: si l&rsquo;anxi\u00e9t\u00e9 devient envahissante ou si des probl\u00e8mes de fond remontent \u00e0 la surface<\/li>\r\n<\/ul>\r\n\r\n\r\n\r\n<h3 class=\"wp-block-heading\">Reconstruire sa vie : de la qu\u00eate de sens \u00e0 la transformation<\/h3>\r\n\r\n\r\n\r\n<p class=\"wp-block-paragraph\"><strong>Exp\u00e9rimentez de nouvelles directions sans vous \u00e9puiser dans cette qu\u00eate<\/strong>.\u00a0<\/p>\r\n\r\n\r\n\r\n<p class=\"wp-block-paragraph\">En fixant des limites temporelles claires \u00e0 chaque exploration, vous \u00e9vitez la dispersion st\u00e9rile. Cette d\u00e9marche r\u00e9fl\u00e9chie, oppos\u00e9e aux r\u00e9actions impulsives, pr\u00e9serve votre confiance en vous.\u00a0<\/p>\r\n\r\n\r\n\r\n<p class=\"wp-block-paragraph\">Identifier vos valeurs authentiques demande du travail introspectif r\u00e9gulier et cela ouvre un chemin vers un statut plus align\u00e9.\u00a0<\/p>\r\n\r\n\r\n\r\n<div class=\"snippet-bait\">\r\n<p>La progression graduelle, pr\u00e9serve votre \u00e9quilibre \u00e9motionnel durant cette reconstruction fondamentale.<\/p>\r\n<\/div>\r\n\r\n\r\n\r\n<figure class=\"wp-block-image size-full\"><img decoding=\"async\" class=\"wp-image-98355\" src=\"https:\/\/cliniclesalpes.com\/wp-content\/uploads\/2025\/07\/image-14.png\" alt=\"\" \/><\/figure>\r\n\r\n\r\n\r\n<h2 class=\"wp-block-heading\">Les pi\u00e8ges \u00e0 \u00e9viter pendant une crise existentielle<\/h2>\r\n\r\n\r\n\r\n<p class=\"wp-block-paragraph\">Malgr\u00e9 ces strat\u00e9gies, certains \u00e9cueils fr\u00e9quents prolongent inutilement la souffrance ou aggravent la situation.\u00a0<\/p>\r\n\r\n\r\n\r\n<p class=\"wp-block-paragraph\">Ces comportements, bien que naturels face \u00e0 la d\u00e9tresse, s&rsquo;av\u00e8rent contre-productifs et freinent votre progression.<\/p>\r\n\r\n\r\n\r\n<h3 class=\"wp-block-heading\">L&rsquo;isolement et le repli sur soi<\/h3>\r\n\r\n\r\n\r\n<p class=\"wp-block-paragraph\">L&rsquo;isolement amplifie la d\u00e9sint\u00e9gration int\u00e9rieure et nourrit les pens\u00e9es n\u00e9gatives qui tournent en boucle. En revanche, maintenir des liens avec votre famille et vos proches aide \u00e0 conserver un regard ext\u00e9rieur bienveillant sur votre exp\u00e9rience.<\/p>\r\n\r\n\r\n\r\n<p class=\"wp-block-paragraph\">Cette crise identitaire invite paradoxalement \u00e0 rester connect\u00e9 aux autres, m\u00eame si l&rsquo;envie de solitude domine. <strong>La fronti\u00e8re entre solitude b\u00e9n\u00e9fique et isolement destructeur reste fragile.<\/strong><\/p>\r\n\r\n\r\n\r\n<p class=\"wp-block-paragraph\">La solitude constructive nourrit votre r\u00e9flexion et favorise l&rsquo;introspection n\u00e9cessaire, mais attention \u00e0 ne pas basculer vers l&rsquo;isolement destructeur qui alimente vos doutes et amplifie votre sentiment de vide.\u00a0<\/p>\r\n\r\n\r\n\r\n<p class=\"wp-block-paragraph\">Cette limite se franchit rapidement lorsque vous coupez tout lien avec l&rsquo;ext\u00e9rieur.<\/p>\r\n\r\n\r\n\r\n<p class=\"wp-block-paragraph\"><strong>Pr\u00e9server au moins un contact quotidien avec une personne bienveillante <\/strong>\u00e9vite de glisser vers cet extr\u00eame toxique et vous maintient dans un \u00e9quilibre sain.<\/p>\r\n\r\n\r\n\r\n<h3 class=\"wp-block-heading\">Les changements radicaux et impulsifs<\/h3>\r\n\r\n\r\n\r\n<p class=\"wp-block-paragraph\">L&rsquo;urgence \u00e9motionnelle pousse \u00e0 modifier votre existence sans r\u00e9flexion suffisante. Changer de travail, de partenaire ou de ville ne r\u00e9sout pas forc\u00e9ment les probl\u00e8mes de fond.\u00a0<\/p>\r\n\r\n\r\n\r\n<p class=\"wp-block-paragraph\"><strong>Cette remise en question des choix demande du temps et de la mesure<\/strong>. \u00c0 moins que votre situation pr\u00e9sente un danger r\u00e9el, \u00e9viter les d\u00e9cisions majeures durant cette p\u00e9riode pr\u00e9serve votre stabilit\u00e9.<a href=\"https:\/\/cliniclesalpes.com\/fr\/blog\/les-7-phases-de-la-rupture-de-la-douleur-a-la-reconstruction\/\">\u00a0<\/a><\/p>\r\n\r\n\r\n\r\n<p class=\"wp-block-paragraph\"><a href=\"https:\/\/cliniclesalpes.com\/fr\/blog\/les-7-phases-de-la-rupture-de-la-douleur-a-la-reconstruction\/\" target=\"_blank\" rel=\"noreferrer noopener\">Les ruptures impulsives<\/a>, par exemple, ajoutent une souffrance suppl\u00e9mentaire \u00e0 une crise d\u00e9j\u00e0 difficile \u00e0 traverser.<\/p>\r\n\r\n\r\n\r\n<div class=\"snippet-bait\">\r\n<p><a href=\"https:\/\/cliniclesalpes.com\/fr\/contactez-nous\/\">Vous traversez une crise existentielle complexe ? Demandez conseil<\/a><\/p>\r\n<\/div>\r\n\r\n\r\n\r\n<figure class=\"wp-block-image size-full\"><img decoding=\"async\" class=\"wp-image-98356\" src=\"https:\/\/cliniclesalpes.com\/wp-content\/uploads\/2025\/07\/image-15.png\" alt=\"\" \/><\/figure>\r\n\r\n\r\n\r\n<h2 class=\"wp-block-heading\">Quand demander de l&rsquo;aide professionnelle<\/h2>\r\n\r\n\r\n\r\n<p class=\"wp-block-paragraph\">Une d\u00e9pression prolong\u00e9e, des id\u00e9es suicidaires ou l&rsquo;incapacit\u00e9 \u00e0 fonctionner au quotidien d\u00e9passent le cadre d&rsquo;une crise existentielle normale.\u00a0<\/p>\r\n\r\n\r\n\r\n<p class=\"wp-block-paragraph\">Les comportements compensatoires tels que<a href=\"https:\/\/cliniclesalpes.com\/fr\/blog\/manger-ses-emotions-comprendre-et-surmonter-cette-reaction\/\" target=\"_blank\" rel=\"noreferrer noopener\"> manger ses \u00e9motions<\/a> ou d\u00e9velopper<a href=\"https:\/\/cliniclesalpes.com\/fr\/blog\/que-cache-une-addiction-derriere-ses-manifestations\/\" target=\"_blank\" rel=\"noreferrer noopener\"> des addictions<\/a> r\u00e9v\u00e8lent une difficult\u00e9 \u00e0 g\u00e9rer cette transition.<\/p>\r\n\r\n\r\n\r\n<h3 class=\"wp-block-heading\">L&rsquo;accompagnement psychologique dans la crise existentielle<\/h3>\r\n\r\n\r\n\r\n<p class=\"wp-block-paragraph\">Diff\u00e9rents types d&rsquo;approches th\u00e9rapeutiques aident \u00e0 r\u00e9soudre cette crise selon l&rsquo;origine et l&rsquo;intensit\u00e9 de vos interrogations\u00a0:<\/p>\r\n\r\n\r\n\r\n<ul class=\"wp-block-list\">\r\n<li><strong>Th\u00e9rapie existentielle<\/strong> : explore directement votre qu\u00eate de sens et vos croyances fondamentales<\/li>\r\n\r\n\r\n\r\n<li><strong>Th\u00e9rapie cognitivo-comportementale<\/strong> : modifie les pens\u00e9es n\u00e9gatives et d\u00e9veloppe de nouveaux mod\u00e8les de r\u00e9flexion<\/li>\r\n\r\n\r\n\r\n<li><strong>Th\u00e9rapies humanistes<\/strong> : valorisent votre potentiel de croissance personnelle et votre capacit\u00e9 d&rsquo;auto-gu\u00e9rison<\/li>\r\n\r\n\r\n\r\n<li><strong>Th\u00e9rapies int\u00e9gratives<\/strong> : combinent plusieurs approches selon vos besoins sp\u00e9cifiques et votre histoire personnelle<\/li>\r\n<\/ul>\r\n\r\n\r\n\r\n<h3 class=\"wp-block-heading\">L&rsquo;approche holistique de Clinic Les Alpes<\/h3>\r\n\r\n\r\n\r\n<p class=\"wp-block-paragraph\">\u00c0 Clinic Les Alpes, nous comprenons la profondeur de votre questionnement existentiel et l&rsquo;isolement que vous ressentez. Notre \u00e9quipe bienveillante de psychologues, psychiatres et th\u00e9rapeutes sp\u00e9cialis\u00e9s vous accompagne avec respect et patience dans cette p\u00e9riode de reconstruction personnelle.<\/p>\r\n\r\n\r\n\r\n<p class=\"wp-block-paragraph\">Le cadre apaisant des Alpes suisses cr\u00e9e un refuge naturel loin des pressions quotidiennes, facilitant cette introspection n\u00e9cessaire \u00e0 votre renaissance int\u00e9rieure. Nous prenons le temps d&rsquo;\u00e9couter votre histoire unique, de comprendre vos relations et d&rsquo;honorer vos aspirations les plus profondes.<\/p>\r\n\r\n\r\n\r\n<p class=\"wp-block-paragraph\">Les bienfaits de notre accompagnement sp\u00e9cialis\u00e9 :<\/p>\r\n\r\n\r\n\r\n<ul class=\"wp-block-list\">\r\n<li>Retrouver une direction claire et un sens authentique \u00e0 votre existence<\/li>\r\n\r\n\r\n\r\n<li>D\u00e9velopper une confiance en soi durable bas\u00e9e sur vos valeurs profondes<\/li>\r\n\r\n\r\n\r\n<li>Apprendre \u00e0 g\u00e9rer l&rsquo;anxi\u00e9t\u00e9 existentielle et les questionnements r\u00e9currents<\/li>\r\n\r\n\r\n\r\n<li>Reconstruire des relations plus authentiques et \u00e9panouissantes<\/li>\r\n\r\n\r\n\r\n<li>Acqu\u00e9rir des outils concrets pour traverser les futures transitions de vie<\/li>\r\n\r\n\r\n\r\n<li>Transformer votre crise en force et en r\u00e9silience personnelle<\/li>\r\n<\/ul>\r\n\r\n\r\n\r\n<p class=\"wp-block-paragraph\">Votre crise existentielle attend un accompagnement \u00e0 la hauteur de sa complexit\u00e9 et de votre courage \u00e0 chercher des r\u00e9ponses.<\/p>\r\n\r\n\r\n\r\n<h2 class=\"wp-block-heading\">Sortir grandi de sa crise existentielle<\/h2>\r\n\r\n\r\n\r\n<p class=\"wp-block-paragraph\"><strong>Votre crise existentielle ne marque pas une fin, mais une m\u00e9tamorphose profonde.<\/strong> Cette travers\u00e9e fait surgir des forces que vous ignoriez et ouvre des horizons inexplor\u00e9s. Les certitudes anciennes laissent place \u00e0 une sagesse nouvelle, plus flexible et authentique.<\/p>\r\n\r\n\r\n\r\n<p class=\"wp-block-paragraph\">Cette \u00e9preuve vous enseigne l&rsquo;art de vivre avec l&rsquo;incertitude sans perdre votre \u00e9quilibre. Vous d\u00e9veloppez une capacit\u00e9 pr\u00e9cieuse \u00e0 accueillir le futur avec s\u00e9r\u00e9nit\u00e9 plut\u00f4t qu&rsquo;avec r\u00e9sistance et votre regard sur les autres s&rsquo;enrichit de compassion.<\/p>\r\n\r\n\r\n\r\n<p class=\"wp-block-paragraph\"><strong>Ce parcours cache un cadeau : il vous reconnecte \u00e0 votre essence v\u00e9ritable.<\/strong> Ce moment difficile repr\u00e9sente le tournant d\u00e9cisif vers une existence plus consciente et intentionnelle.<\/p>\r\n\r\n\r\n\r\n<div class=\"snippet-bait\">\r\n<p><a href=\"https:\/\/cliniclesalpes.com\/fr\/contactez-nous\/\">Transformez votre crise en renaissance personnelle<\/a><\/p>\r\n<\/div>\r\n","protected":false},"excerpt":{"rendered":"<p>Un matin, vous ouvrez les yeux et un sentiment \u00e9trange vous envahit. Votre travail, vos relations, vos choix de vie&#8230; plus rien ne fait sens.\u00a0 Ressentir ce trouble brutal marque souvent le d\u00e9but d&rsquo;une crise existentielle profonde. Ce vide int\u00e9rieur, cette remise en question de votre propre existence touchent des millions de personnes chaque jour. [&hellip;]<\/p>\n","protected":false},"author":1,"featured_media":114125,"comment_status":"closed","ping_status":"closed","sticky":false,"template":"","format":"standard","meta":{"_acf_changed":false,"footnotes":""},"categories":[117],"tags":[],"class_list":["post-98352","post","type-post","status-publish","format-standard","has-post-thumbnail","hentry","category-sante-mentale-et-bien-etre"],"acf":[],"_links":{"self":[{"href":"https:\/\/cliniclesalpes.com\/fr\/wp-json\/wp\/v2\/posts\/98352","targetHints":{"allow":["GET"]}}],"collection":[{"href":"https:\/\/cliniclesalpes.com\/fr\/wp-json\/wp\/v2\/posts"}],"about":[{"href":"https:\/\/cliniclesalpes.com\/fr\/wp-json\/wp\/v2\/types\/post"}],"author":[{"embeddable":true,"href":"https:\/\/cliniclesalpes.com\/fr\/wp-json\/wp\/v2\/users\/1"}],"replies":[{"embeddable":true,"href":"https:\/\/cliniclesalpes.com\/fr\/wp-json\/wp\/v2\/comments?post=98352"}],"version-history":[{"count":2,"href":"https:\/\/cliniclesalpes.com\/fr\/wp-json\/wp\/v2\/posts\/98352\/revisions"}],"predecessor-version":[{"id":114129,"href":"https:\/\/cliniclesalpes.com\/fr\/wp-json\/wp\/v2\/posts\/98352\/revisions\/114129"}],"wp:featuredmedia":[{"embeddable":true,"href":"https:\/\/cliniclesalpes.com\/fr\/wp-json\/wp\/v2\/media\/114125"}],"wp:attachment":[{"href":"https:\/\/cliniclesalpes.com\/fr\/wp-json\/wp\/v2\/media?parent=98352"}],"wp:term":[{"taxonomy":"category","embeddable":true,"href":"https:\/\/cliniclesalpes.com\/fr\/wp-json\/wp\/v2\/categories?post=98352"},{"taxonomy":"post_tag","embeddable":true,"href":"https:\/\/cliniclesalpes.com\/fr\/wp-json\/wp\/v2\/tags?post=98352"}],"curies":[{"name":"wp","href":"https:\/\/api.w.org\/{rel}","templated":true}]}}