{"id":98358,"date":"2026-08-19T15:37:58","date_gmt":"2026-08-19T15:37:58","guid":{"rendered":"https:\/\/cliniclesalpes.com\/?p=98358"},"modified":"2026-08-19T17:27:16","modified_gmt":"2026-08-19T17:27:16","slug":"vide-emotionnel","status":"publish","type":"post","link":"https:\/\/cliniclesalpes.com\/fr\/blog\/2026\/08\/19\/vide-emotionnel\/","title":{"rendered":"Quand le vide \u00e9motionnel envahit votre quotidien\u00a0: comprendre et gu\u00e9rir"},"content":{"rendered":"\r\n<p class=\"wp-block-paragraph\">Vous traversez vos journ\u00e9es comme un automate, accomplissant machinalement vos t\u00e2ches sans ressentir la moindre satisfaction. Cette absence d&rsquo;\u00e9motions cr\u00e9e un manque profond, une sensation de vide qui vous d\u00e9connecte de votre entourage et de vous-m\u00eame.\u00a0<\/p>\r\n\r\n\r\n\r\n<p class=\"wp-block-paragraph\">Vos proches remarquent ce changement, mais vous peinez \u00e0 expliquer cette perte de connexion avec vos sentiments. Le vide \u00e9motionnel s&rsquo;installe insidieusement, transformant votre vie en une succession d&rsquo;actes d\u00e9nu\u00e9s de plaisir ou de peine.\u00a0<\/p>\r\n\r\n\r\n\r\n<p class=\"wp-block-paragraph\">Heureusement, comprendre les m\u00e9canismes de ce trouble psychologique ouvre la voie vers des strat\u00e9gies th\u00e9rapeutiques efficaces qui vous aideront \u00e0 retrouver votre \u00e9quilibre int\u00e9rieur.<\/p>\r\n\r\n\r\n\r\n<h2 class=\"wp-block-heading\">Qu&rsquo;est-ce que le vide \u00e9motionnel\u00a0: d\u00e9finition et manifestations<\/h2>\r\n\r\n\r\n\r\n<p class=\"wp-block-paragraph\">Le vide \u00e9motionnel d\u00e9crit <strong>un \u00e9tat psychologique o\u00f9 la personne ressent une absence d&rsquo;\u00e9motions profonde<\/strong>, un sentiment de vide int\u00e9rieur qui d\u00e9passe largement une tristesse passag\u00e8re.\u00a0<\/p>\r\n\r\n\r\n\r\n<p class=\"wp-block-paragraph\">Cette sensation de vide affectif touche l&rsquo;individu dans sa capacit\u00e9 \u00e0 \u00e9prouver du plaisir, de la joie ou m\u00eame de la peine face aux \u00e9v\u00e9nements de sa vie quotidienne.\u00a0<\/p>\r\n\r\n\r\n\r\n<p class=\"wp-block-paragraph\">Contrairement \u00e0 un \u00e9pisode de d\u00e9prime temporaire, <strong>cette exp\u00e9rience \u00e9motionnelle perdure<\/strong> et cr\u00e9e un manque ressenti au quotidien.\u00a0<\/p>\r\n\r\n\r\n\r\n<p class=\"wp-block-paragraph\">Voici les sympt\u00f4mes les plus fr\u00e9quents\u00a0:<\/p>\r\n\r\n\r\n\r\n<ul class=\"wp-block-list\">\r\n<li>Perte d&rsquo;envie et d&rsquo;int\u00e9r\u00eat pour les activit\u00e9s habituellement plaisantes<\/li>\r\n\r\n\r\n\r\n<li>Sentiment d&rsquo;inutilit\u00e9 et impression de traverser sa vie sans but pr\u00e9cis<\/li>\r\n\r\n\r\n\r\n<li>Difficult\u00e9 \u00e0 ressentir des \u00e9motions, qu&rsquo;elles soient positives ou n\u00e9gatives<\/li>\r\n\r\n\r\n\r\n<li>Fatigue chronique sans cause physique identifi\u00e9e<\/li>\r\n\r\n\r\n\r\n<li>Isolement social progressif et rupture des liens avec les proches<\/li>\r\n\r\n\r\n\r\n<li>Sensation d&rsquo;\u00eatre d\u00e9connect\u00e9 de soi-m\u00eame et de ses besoins profonds<\/li>\r\n<\/ul>\r\n\r\n\r\n\r\n<p class=\"wp-block-paragraph\"><strong>Le vide \u00e9motionnel diff\u00e8re de la d\u00e9pression<\/strong> et un diagnostic est indispensable pour identifier votre \u00e9tat \u00e9motionnel et adapter l&rsquo;accompagnement th\u00e9rapeutique.\u00a0<\/p>\r\n\r\n\r\n\r\n<p class=\"wp-block-paragraph\">Comprendre<a href=\"https:\/\/cliniclesalpes.com\/fr\/blog\/faut-il-laisser-dormir-un-depressif-ou-lencourager-a-rester-actif\/\" target=\"_blank\" rel=\"noreferrer noopener\"> comment accompagner une personne d\u00e9pressive<\/a> \u00e9claire sur les nuances entre ces deux troubles de sant\u00e9 mentale.<\/p>\r\n\r\n\r\n\r\n<h2 class=\"wp-block-heading\">Les causes profondes du vide affectif<\/h2>\r\n\r\n\r\n\r\n<p class=\"wp-block-paragraph\">Une fois que vous reconnaissez les signes de cette sensation de vide, comprendre ses origines devient une \u00e9tape vers la gu\u00e9rison.\u00a0<\/p>\r\n\r\n\r\n\r\n<p class=\"wp-block-paragraph\">Ces causes varient d&rsquo;une personne \u00e0 l&rsquo;autre, mais certains facteurs d\u00e9clencheurs reviennent fr\u00e9quemment dans l&rsquo;accompagnement th\u00e9rapeutique.<\/p>\r\n\r\n\r\n\r\n<h3 class=\"wp-block-heading\">Les traumatismes et ruptures \u00e9motionnelles<\/h3>\r\n\r\n\r\n\r\n<p class=\"wp-block-paragraph\">Les blessures du pass\u00e9 laissent souvent un manque difficile \u00e0 combler dans le c\u0153ur de l&rsquo;individu. Chaque type de traumatisme cr\u00e9e sa propre empreinte \u00e9motionnelle et explique diff\u00e9remment l&rsquo;origine de cette sensation d&rsquo;absence int\u00e9rieure.<\/p>\r\n\r\n\r\n\r\n<table class=\"redac-table\">\r\n<thead>\r\n<tr>\r\n<th>Type de traumatisme<\/th>\r\n<th>Impact \u00e9motionnel<\/th>\r\n<th>Cons\u00e9quences \u00e0 long terme<\/th>\r\n<\/tr>\r\n<\/thead>\r\n<tbody>\r\n<tr>\r\n<td>Traumatismes de l&rsquo;enfance<\/td>\r\n<td data-label=\"Impact \u00e9motionnel\">Rupture du sentiment de s\u00e9curit\u00e9 de base<\/td>\r\n<td data-label=\"Cons\u00e9quences \u00e0 long terme\">Difficult\u00e9 \u00e0 faire confiance et \u00e0 cr\u00e9er des liens authentiques<\/td>\r\n<\/tr>\r\n<tr>\r\n<td>Ruptures amoureuses<\/td>\r\n<td data-label=\"Impact \u00e9motionnel\">Perte de confiance en l&rsquo;amour et en soi<\/td>\r\n<td data-label=\"Cons\u00e9quences \u00e0 long terme\">Peur de l&rsquo;abandon et \u00e9vitement relationnel<\/td>\r\n<\/tr>\r\n<tr>\r\n<td>Deuils et pertes<\/td>\r\n<td data-label=\"Impact \u00e9motionnel\">Vide laiss\u00e9 par l&rsquo;absence de l&rsquo;\u00eatre cher<\/td>\r\n<td data-label=\"Cons\u00e9quences \u00e0 long terme\">Sentiment d&rsquo;incompl\u00e9tude et de solitude profonde<\/td>\r\n<\/tr>\r\n<tr>\r\n<td>Relations toxiques<\/td>\r\n<td data-label=\"Impact \u00e9motionnel\">Manipulation mentale et d\u00e9valorisation<\/td>\r\n<td data-label=\"Cons\u00e9quences \u00e0 long terme\">Perte d&rsquo;estime de soi et confusion \u00e9motionnelle<\/td>\r\n<\/tr>\r\n<\/tbody>\r\n<\/table>\r\n\r\n\r\n\r\n<p class=\"wp-block-paragraph\"><a href=\"https:\/\/cliniclesalpes.com\/fr\/blog\/comment-guerir-traumatisme-enfance\/\" target=\"_blank\" rel=\"noreferrer noopener\">Gu\u00e9rir d&rsquo;un traumatisme de l&rsquo;enfance<\/a> demande un accompagnement sp\u00e9cialis\u00e9, tout comme traverser<a href=\"https:\/\/cliniclesalpes.com\/fr\/blog\/les-7-phases-de-la-rupture-de-la-douleur-a-la-reconstruction\/\" target=\"_blank\" rel=\"noreferrer noopener\"> les 7 phases de la rupture<\/a> exige du temps et du soutien professionnel.<\/p>\r\n\r\n\r\n\r\n<h3 class=\"wp-block-heading\">L&rsquo;isolement et la pression sociale<\/h3>\r\n\r\n\r\n\r\n<p class=\"wp-block-paragraph\">La soci\u00e9t\u00e9 moderne g\u00e9n\u00e8re paradoxalement plus de connexions virtuelles mais moins de liens authentiques. Les r\u00e9seaux sociaux cr\u00e9ent une illusion de proximit\u00e9 qui masque un isolement r\u00e9el.\u00a0<\/p>\r\n\r\n\r\n\r\n<p class=\"wp-block-paragraph\">Cette pression sociale constante \u00e9puise l&rsquo;esprit et vide petit \u00e0 petit l&rsquo;individu de sa substance \u00e9motionnelle.<a href=\"https:\/\/cliniclesalpes.com\/fr\/blog\/prendre-de-la-distance-pour-se-proteger\/\" target=\"_blank\" rel=\"noreferrer noopener\"> Savoir prendre de la distance pour se prot\u00e9ger<\/a> est un atout face \u00e0 cet environnement toxique qui alimente le sentiment de vide existentiel.<\/p>\r\n\r\n\r\n\r\n<h3 class=\"wp-block-heading\">Les troubles de l&rsquo;estime de soi et la d\u00e9pendance affective<\/h3>\r\n\r\n\r\n\r\n<p class=\"wp-block-paragraph\">Une estime de soi fragile b\u00e2tit un cercle vicieux destructeur o\u00f9 la personne cherche constamment \u00e0 combler par la validation externe.\u00a0<\/p>\r\n\r\n\r\n\r\n<p class=\"wp-block-paragraph\">La d\u00e9pendance affective transforme chaque relation en une course \u00e9puisante vers l&rsquo;acceptation d&rsquo;autrui\u00a0:<\/p>\r\n\r\n\r\n\r\n<ul class=\"wp-block-list\">\r\n<li>Besoin compulsif de plaire et de satisfaire les autres<\/li>\r\n\r\n\r\n\r\n<li>Peur constante du rejet qui pousse \u00e0 s&rsquo;effacer<\/li>\r\n\r\n\r\n\r\n<li>Abandon progressif de ses propres besoins et d\u00e9sirs<\/li>\r\n\r\n\r\n\r\n<li>Sentiment de ne jamais \u00eatre assez bien tel que l&rsquo;on est.<\/li>\r\n<\/ul>\r\n\r\n\r\n\r\n<figure class=\"wp-block-image size-full\"><img decoding=\"async\" class=\"wp-image-98360\" src=\"https:\/\/cliniclesalpes.com\/wp-content\/uploads\/2025\/07\/image-17.png\" alt=\"\" \/><\/figure>\r\n\r\n\r\n\r\n<h2 class=\"wp-block-heading\">Comment le vide \u00e9motionnel affecte votre quotidien\u00a0?<\/h2>\r\n\r\n\r\n\r\n<p class=\"wp-block-paragraph\">Maintenant que nous avons identifi\u00e9 les causes, observons concr\u00e8tement comment cette sensation envahit chaque aspect de votre existence.\u00a0<\/p>\r\n\r\n\r\n\r\n<p class=\"wp-block-paragraph\">Le vide \u00e9motionnel ne reste jamais confin\u00e9 \u00e0 un seul domaine, il s&rsquo;\u00e9tend progressivement jusqu&rsquo;\u00e0 cr\u00e9er une<a href=\"https:\/\/cliniclesalpes.com\/fr\/blog\/perte-de-sens\/\" target=\"_blank\" rel=\"noreferrer noopener\"> perte de sens<\/a> g\u00e9n\u00e9ralis\u00e9e dans votre vie.<\/p>\r\n\r\n\r\n\r\n<h3 class=\"wp-block-heading\">L&rsquo;impact sur les relations et l&rsquo;isolement progressif<\/h3>\r\n\r\n\r\n\r\n<p class=\"wp-block-paragraph\">En raison de ce manque affectif, vous ressentez une distance grandissante avec vos proches, m\u00eame dans les moments cens\u00e9s apporter de la joie.\u00a0<\/p>\r\n\r\n\r\n\r\n<p class=\"wp-block-paragraph\">Les conversations deviennent superficielles car vous peinez \u00e0 vous connecter aux autres. Vous d\u00e9clinez les invitations, \u00e9vitez les r\u00e9unions de famille et repoussez vos amis.\u00a0<\/p>\r\n\r\n\r\n\r\n<p class=\"wp-block-paragraph\">Cette forme d&rsquo;isolement se nourrit d&rsquo;elle-m\u00eame\u00a0: moins vous partagez avec autrui, plus le vide grandit, cr\u00e9ant un cercle vicieux difficile \u00e0 briser.\u00a0<\/p>\r\n\r\n\r\n\r\n<p class=\"wp-block-paragraph\">Vos liens authentiques s&rsquo;effritent tandis que vous d\u00e9veloppez la fausse id\u00e9e que personne ne saurait vraiment vous comprendre.<\/p>\r\n\r\n\r\n\r\n<h3 class=\"wp-block-heading\">Les cons\u00e9quences sur la sant\u00e9 physique et mentale<\/h3>\r\n\r\n\r\n\r\n<p class=\"wp-block-paragraph\">Votre corps traduit ce stress par <strong>des sympt\u00f4mes qui s&rsquo;accumulent jour apr\u00e8s jour<\/strong>.\u00a0<\/p>\r\n\r\n\r\n\r\n<p class=\"wp-block-paragraph\">Cette condition psychologique \u00e9puise votre organisme et fragilise votre intelligence affective face aux changements de votre environnement.<\/p>\r\n\r\n\r\n\r\n<ul class=\"wp-block-list\">\r\n<li>Troubles du sommeil persistants et r\u00e9veils nocturnes fr\u00e9quents<\/li>\r\n\r\n\r\n\r\n<li>\u00c9puisement chronique sans raison physique apparente<\/li>\r\n\r\n\r\n\r\n<li>Probl\u00e8mes de concentration au travail et dans les activit\u00e9s quotidiennes<\/li>\r\n\r\n\r\n\r\n<li>Tensions musculaires et maux de t\u00eate r\u00e9currents<\/li>\r\n\r\n\r\n\r\n<li>D\u00e9veloppement de comportements compensatoires destructeurs<\/li>\r\n<\/ul>\r\n\r\n\r\n\r\n<p class=\"wp-block-paragraph\">Beaucoup tentent de combler ce vide en<a href=\"https:\/\/cliniclesalpes.com\/fr\/blog\/manger-ses-emotions-comprendre-et-surmonter-cette-reaction\/\" target=\"_blank\" rel=\"noreferrer noopener\"> mangeant leurs \u00e9motions<\/a>, cr\u00e9ant de nouveaux troubles qui compliquent davantage leur r\u00e9tablissement.<\/p>\r\n\r\n\r\n\r\n<figure class=\"wp-block-image size-full\"><img decoding=\"async\" class=\"wp-image-98361\" src=\"https:\/\/cliniclesalpes.com\/wp-content\/uploads\/2025\/07\/image-18.png\" alt=\"\" \/><\/figure>\r\n\r\n\r\n\r\n<h2 class=\"wp-block-heading\">Les strat\u00e9gies pour combler le vide \u00e9motionnel<\/h2>\r\n\r\n\r\n\r\n<p class=\"wp-block-paragraph\">Ces r\u00e9percussions ne sont pas irr\u00e9versibles car des solutions th\u00e9rapeutiques aident \u00e0 retrouver votre richesse \u00e9motionnelle et \u00e0 reconstruire une existence remplie de sens.\u00a0<\/p>\r\n\r\n\r\n\r\n<p class=\"wp-block-paragraph\">La gu\u00e9rison demande du temps et de l&rsquo;accompagnement, mais chaque petit pas vous rapproche de votre objectif.<\/p>\r\n\r\n\r\n\r\n<div class=\"snippet-bait\">\r\n<p><a href=\"https:\/\/cliniclesalpes.com\/fr\/contactez-nous\/\">Pr\u00eat \u00e0 retrouver votre \u00e9quilibre \u00e9motionnel ?<\/a><\/p>\r\n<\/div>\r\n\r\n\r\n\r\n<h3 class=\"wp-block-heading\">Les approches th\u00e9rapeutiques efficaces<\/h3>\r\n\r\n\r\n\r\n<p class=\"wp-block-paragraph\">Diff\u00e9rentes m\u00e9thodes th\u00e9rapeutiques entrent en jeu dans le traitement du vide \u00e9motionnel, chacune agissant sur des m\u00e9canismes sp\u00e9cifiques de la psych\u00e9 pour mieux s\u2019adapter.\u00a0<\/p>\r\n\r\n\r\n\r\n<table class=\"redac-table\">\r\n<thead>\r\n<tr>\r\n<th>Th\u00e9rapie<\/th>\r\n<th>Principe d&rsquo;action<\/th>\r\n<th>B\u00e9n\u00e9fices sp\u00e9cifiques<\/th>\r\n<\/tr>\r\n<\/thead>\r\n<tbody>\r\n<tr>\r\n<td>Th\u00e9rapie cognitivo-comportementale<\/td>\r\n<td data-label=\"Principe d'action\">Modifie les sch\u00e9mas de pens\u00e9e n\u00e9gatifs<\/td>\r\n<td data-label=\"B\u00e9n\u00e9fices sp\u00e9cifiques\">Reconstruit l&rsquo;estime de soi et d\u00e9veloppe la r\u00e9silience<\/td>\r\n<\/tr>\r\n<tr>\r\n<td>EMDR<\/td>\r\n<td data-label=\"Principe d'action\">Retraite les traumatismes par stimulation bilat\u00e9rale<\/td>\r\n<td data-label=\"B\u00e9n\u00e9fices sp\u00e9cifiques\">Lib\u00e8re les \u00e9motions bloqu\u00e9es et apaise la souffrance<\/td>\r\n<\/tr>\r\n<tr>\r\n<td>Approche NARM<\/td>\r\n<td data-label=\"Principe d'action\">Travaille sur la r\u00e9gulation du syst\u00e8me nerveux<\/td>\r\n<td data-label=\"B\u00e9n\u00e9fices sp\u00e9cifiques\">Reconnecte avec les sensations corporelles et les besoins<\/td>\r\n<\/tr>\r\n<\/tbody>\r\n<\/table>\r\n\r\n\r\n\r\n<h3 class=\"wp-block-heading\">L&rsquo;importance du soutien professionnel et social<\/h3>\r\n\r\n\r\n\r\n<p class=\"wp-block-paragraph\">Le psychologue guide cette reconstruction en vous aidant \u00e0 reconna\u00eetre vos patterns destructeurs. Cet accompagnement professionnel apporte un espace s\u00e9curis\u00e9 o\u00f9 exprimer votre souffrance sans jugement.\u00a0<\/p>\r\n\r\n\r\n\r\n<p class=\"wp-block-paragraph\">Retrouver l&rsquo;envie de tisser des liens authentiques passe aussi par la cr\u00e9ation d&rsquo;un r\u00e9seau social bienveillant, compos\u00e9 de personnes qui respectent vos limites et encouragent votre \u00e9volution.\u00a0<\/p>\r\n\r\n\r\n\r\n<p class=\"wp-block-paragraph\">L&rsquo;acceptation de l&rsquo;aide devient un exercice d&rsquo;humilit\u00e9 qui alimente votre croissance personnelle.<\/p>\r\n\r\n\r\n\r\n<h2 class=\"wp-block-heading\">L&rsquo;accompagnement sp\u00e9cialis\u00e9 \u00e0 Clinic Les Alpes<\/h2>\r\n\r\n\r\n\r\n<p class=\"wp-block-paragraph\">Clinic Les Alpes d\u00e9veloppe une m\u00e9thode holistique qui r\u00e9pond aux besoins de chaque personne touch\u00e9e par le vide \u00e9motionnel. Cette solution globale associe th\u00e9rapies individualis\u00e9es, soin nutritionnel et activit\u00e9s th\u00e9rapeutiques dans un cadre s\u00e9curisant o\u00f9 l&rsquo;amour de soi rena\u00eet progressivement.<\/p>\r\n\r\n\r\n\r\n<p class=\"wp-block-paragraph\">L&rsquo;\u00e9quipe multidisciplinaire comprend la psychologie complexe de cette condition et adapte chaque outil th\u00e9rapeutique \u00e0 votre situation personnelle. Chaque chose compte dans ce processus\u00a0: des s\u00e9ances d&rsquo;art-th\u00e9rapie aux promenades en montagne, tout concourt \u00e0 vous aider int\u00e9rieurement.\u00a0<\/p>\r\n\r\n\r\n\r\n<p class=\"wp-block-paragraph\">L&rsquo;objectif reste toujours de vous accompagner vers une reconstruction authentique de votre identit\u00e9.<\/p>\r\n\r\n\r\n\r\n<p class=\"wp-block-paragraph\">L&rsquo;environnement alpin cr\u00e9e naturellement une coupure salvatrice avec votre quotidien habituel. Cette distance g\u00e9ographique favorise une introspection profonde loin des pressions atmosph\u00e9riques de votre vie ordinaire.\u00a0<\/p>\r\n\r\n\r\n\r\n<p class=\"wp-block-paragraph\">Le cadre naturel apaise l&rsquo;esprit et facilite la reconnexion avec vos sensations int\u00e9rieures, cr\u00e9ant un espace de transformation o\u00f9 quelque chose de nouveau \u00e9merge en vous.<\/p>\r\n\r\n\r\n\r\n<div class=\"snippet-bait\">\r\n<p><a href=\"https:\/\/cliniclesalpes.com\/fr\/contactez-nous\/\">Commencez votre chemin vers la gu\u00e9rison<\/a><\/p>\r\n<\/div>\r\n","protected":false},"excerpt":{"rendered":"<p>Vous traversez vos journ\u00e9es comme un automate, accomplissant machinalement vos t\u00e2ches sans ressentir la moindre satisfaction. Cette absence d&rsquo;\u00e9motions cr\u00e9e un manque profond, une sensation de vide qui vous d\u00e9connecte de votre entourage et de vous-m\u00eame.\u00a0 Vos proches remarquent ce changement, mais vous peinez \u00e0 expliquer cette perte de connexion avec vos sentiments. Le vide [&hellip;]<\/p>\n","protected":false},"author":1,"featured_media":114135,"comment_status":"closed","ping_status":"closed","sticky":false,"template":"","format":"standard","meta":{"_acf_changed":false,"footnotes":""},"categories":[117],"tags":[],"class_list":["post-98358","post","type-post","status-publish","format-standard","has-post-thumbnail","hentry","category-sante-mentale-et-bien-etre"],"acf":[],"_links":{"self":[{"href":"https:\/\/cliniclesalpes.com\/fr\/wp-json\/wp\/v2\/posts\/98358","targetHints":{"allow":["GET"]}}],"collection":[{"href":"https:\/\/cliniclesalpes.com\/fr\/wp-json\/wp\/v2\/posts"}],"about":[{"href":"https:\/\/cliniclesalpes.com\/fr\/wp-json\/wp\/v2\/types\/post"}],"author":[{"embeddable":true,"href":"https:\/\/cliniclesalpes.com\/fr\/wp-json\/wp\/v2\/users\/1"}],"replies":[{"embeddable":true,"href":"https:\/\/cliniclesalpes.com\/fr\/wp-json\/wp\/v2\/comments?post=98358"}],"version-history":[{"count":2,"href":"https:\/\/cliniclesalpes.com\/fr\/wp-json\/wp\/v2\/posts\/98358\/revisions"}],"predecessor-version":[{"id":114139,"href":"https:\/\/cliniclesalpes.com\/fr\/wp-json\/wp\/v2\/posts\/98358\/revisions\/114139"}],"wp:featuredmedia":[{"embeddable":true,"href":"https:\/\/cliniclesalpes.com\/fr\/wp-json\/wp\/v2\/media\/114135"}],"wp:attachment":[{"href":"https:\/\/cliniclesalpes.com\/fr\/wp-json\/wp\/v2\/media?parent=98358"}],"wp:term":[{"taxonomy":"category","embeddable":true,"href":"https:\/\/cliniclesalpes.com\/fr\/wp-json\/wp\/v2\/categories?post=98358"},{"taxonomy":"post_tag","embeddable":true,"href":"https:\/\/cliniclesalpes.com\/fr\/wp-json\/wp\/v2\/tags?post=98358"}],"curies":[{"name":"wp","href":"https:\/\/api.w.org\/{rel}","templated":true}]}}