{"id":99991,"date":"2026-08-19T15:37:56","date_gmt":"2026-08-19T15:37:56","guid":{"rendered":"https:\/\/cliniclesalpes.com\/?p=99991"},"modified":"2026-08-19T17:27:18","modified_gmt":"2026-08-19T17:27:18","slug":"post-cure-alcool-longue-duree","status":"publish","type":"post","link":"https:\/\/cliniclesalpes.com\/fr\/blog\/2026\/08\/19\/post-cure-alcool-longue-duree\/","title":{"rendered":"La post-cure alcool longue dur\u00e9e\u00a0: votre chemin vers la reconstruction durable"},"content":{"rendered":"\r\n<p class=\"wp-block-paragraph\">Apr\u00e8s un sevrage physique termin\u00e9, Claire fixe la porte de sortie du centre hospitalier. Ses mains tremblent l\u00e9g\u00e8rement. Or cette fois, ce n&rsquo;est plus l&rsquo;alcool qui manque \u00e0 son organisme, mais l&rsquo;angoisse de l&rsquo;apr\u00e8s qui l&rsquo;envahit.\u00a0<\/p>\r\n\r\n\r\n\r\n<p class=\"wp-block-paragraph\">Comment reconstruire sa vie quotidienne jour apr\u00e8s jour sans rechuter\u00a0? La post-cure alcool longue dur\u00e9e r\u00e9pond pr\u00e9cis\u00e9ment \u00e0 cette question fondamentale.\u00a0<\/p>\r\n\r\n\r\n\r\n<p class=\"wp-block-paragraph\">Cette phase dicte votre capacit\u00e9 \u00e0 consolider durablement les acquis du sevrage et \u00e0 pr\u00e9venir les rechutes qui menacent des patients dans les premi\u00e8res semaines, les premiers mois.\u00a0<\/p>\r\n\r\n\r\n\r\n<p class=\"wp-block-paragraph\">Votre accompagnement th\u00e9rapeutique personnalis\u00e9 commence maintenant.<\/p>\r\n\r\n\r\n\r\n<h2 class=\"wp-block-heading\">Comprendre la post-cure alcool\u00a0: d\u00e9finition et objectifs<\/h2>\r\n\r\n\r\n\r\n<p class=\"wp-block-paragraph\"><strong>La post-cure<\/strong> est la d\u00e9marche th\u00e9rapeutique qui <strong>succ\u00e8de au sevrage physique dans le parcours de gu\u00e9rison<\/strong> d&rsquo;une addiction, notamment l&rsquo;alcool.\u00a0<\/p>\r\n\r\n\r\n\r\n<p class=\"wp-block-paragraph\">Contrairement au sevrage initial qui traite le syndrome de sevrage alcoolique aigu\u00eb, cette \u00e9tape accompagne le patient dans sa reconstruction personnelle et sociale sur plusieurs mois.<\/p>\r\n\r\n\r\n\r\n<p class=\"wp-block-paragraph\">Le programme de post-cure s&rsquo;articule autour d&rsquo;objectifs pr\u00e9cis qui structurent l&rsquo;accompagnement th\u00e9rapeutique\u00a0:<\/p>\r\n\r\n\r\n\r\n<ul class=\"wp-block-list\">\r\n<li><strong>Consolidation des soins<\/strong>\u00a0: stabiliser les acquis du sevrage et renforcer la motivation au changement<\/li>\r\n\r\n\r\n\r\n<li><strong>Pr\u00e9vention des rechutes<\/strong>\u00a0: d\u00e9velopper des strat\u00e9gies d&rsquo;adaptation face aux situations \u00e0 risque<\/li>\r\n\r\n\r\n\r\n<li><strong>R\u00e9insertion sociale<\/strong>\u00a0: reconstruire les liens familiaux et professionnels fragilis\u00e9s par l&rsquo;addiction<\/li>\r\n\r\n\r\n\r\n<li><strong>R\u00e9habilitation psychologique<\/strong>\u00a0: traiter les troubles associ\u00e9s et restaurer l&rsquo;estime de soi<\/li>\r\n<\/ul>\r\n\r\n\r\n\r\n<p class=\"wp-block-paragraph\">Cette phase d\u00e9termine la r\u00e9ussite du traitement car <a href=\"https:\/\/cliniclesalpes.com\/fr\/blog\/que-cache-une-addiction-derriere-ses-manifestations\/\" target=\"_blank\" rel=\"noreferrer noopener\">elle r\u00e9v\u00e8le les m\u00e9canismes profonds de l&rsquo;addiction<\/a> et d\u00e9veloppe les ressources n\u00e9cessaires \u00e0 une vie sans alcool durable.\u00a0<\/p>\r\n\r\n\r\n\r\n<p class=\"wp-block-paragraph\">D&rsquo;ailleurs, sans cet accompagnement sp\u00e9cialis\u00e9, le risque de rechute augmente dans les premiers mois suivant le sevrage.<\/p>\r\n\r\n\r\n\r\n<figure class=\"wp-block-image size-full\"><img decoding=\"async\" class=\"wp-image-99994\" src=\"https:\/\/cliniclesalpes.com\/wp-content\/uploads\/2025\/09\/image-2.png\" alt=\"\" \/><\/figure>\r\n\r\n\r\n\r\n<h2 class=\"wp-block-heading\">La dur\u00e9e et le programme de la post-cure longue dur\u00e9e<\/h2>\r\n\r\n\r\n\r\n<p class=\"wp-block-paragraph\">Une fois les objectifs d\u00e9finis, la question de la dur\u00e9e se pose. L&rsquo;addictologie qualifie de \u00ab\u00a0longue dur\u00e9e\u00a0\u00bb les programmes qui s&rsquo;\u00e9tendent sur plusieurs mois, par opposition aux interventions br\u00e8ves.\u00a0<\/p>\r\n\r\n\r\n\r\n<p class=\"wp-block-paragraph\">Cette p\u00e9riode est individualis\u00e9e pour chaque patient et favorise une stabilisation durable apr\u00e8s le sevrage.<\/p>\r\n\r\n\r\n\r\n<h3 class=\"wp-block-heading\">Les diff\u00e9rentes dur\u00e9es selon les facteurs<\/h3>\r\n\r\n\r\n\r\n<p class=\"wp-block-paragraph\">La dur\u00e9e en postcure varie consid\u00e9rablement d&rsquo;une personne \u00e0 l&rsquo;autre selon des crit\u00e8res individuels pr\u00e9cis.\u00a0<\/p>\r\n\r\n\r\n\r\n<p class=\"wp-block-paragraph\">Chaque structure adapte ses programmes th\u00e9rapeutiques en fonction de sa philosophie de soin et de l&rsquo;\u00e9valuation initiale du patient.<\/p>\r\n\r\n\r\n\r\n<table class=\"redac-table\">\r\n<thead>\r\n<tr>\r\n<th>Facteurs d\u00e9terminants<\/th>\r\n<th>Impact sur la dur\u00e9e<\/th>\r\n<th>Approche th\u00e9rapeutique<\/th>\r\n<\/tr>\r\n<\/thead>\r\n<tbody>\r\n<tr>\r\n<td>Gravit\u00e9 de l&rsquo;addiction<\/td>\r\n<td data-label=\"Impact sur la dur\u00e9e\">Plus l&rsquo;addiction est s\u00e9v\u00e8re, plus la p\u00e9riode d&rsquo;accompagnement s&rsquo;allonge<\/td>\r\n<td data-label=\"Approche th\u00e9rapeutique\">Programme intensif avec \u00e9quipe pluridisciplinaire<\/td>\r\n<\/tr>\r\n<tr>\r\n<td>Situation personnelle<\/td>\r\n<td data-label=\"Impact sur la dur\u00e9e\">Isolement social ou probl\u00e8mes familiaux prolongent le s\u00e9jour<\/td>\r\n<td data-label=\"Approche th\u00e9rapeutique\">R\u00e9adaptation sociale renforc\u00e9e<\/td>\r\n<\/tr>\r\n<tr>\r\n<td>Capacit\u00e9s d&rsquo;adaptation<\/td>\r\n<td data-label=\"Impact sur la dur\u00e9e\">Difficult\u00e9s d&rsquo;adaptation rallongent le processus<\/td>\r\n<td data-label=\"Approche th\u00e9rapeutique\">Soutien psychologique individuel<\/td>\r\n<\/tr>\r\n<\/tbody>\r\n<\/table>\r\n\r\n\r\n\r\n<p class=\"wp-block-paragraph\">Il faut noter que <a href=\"https:\/\/cliniclesalpes.com\/fr\/blog\/1-mois-sans-alcool-avant-et-apres-les-transformations-surprenantes\/\" target=\"_blank\" rel=\"noreferrer noopener\">les transformations durables demandent du temps<\/a> et impactent la rapidit\u00e9 de la gu\u00e9rison.<\/p>\r\n\r\n\r\n\r\n<h3 class=\"wp-block-heading\">Le programme th\u00e9rapeutique quotidien<\/h3>\r\n\r\n\r\n\r\n<p class=\"wp-block-paragraph\">Le programme quotidien structure la journ\u00e9e compl\u00e8te du patient et maintient son engagement th\u00e9rapeutique constant.\u00a0<\/p>\r\n\r\n\r\n\r\n<p class=\"wp-block-paragraph\">Les activit\u00e9s et m\u00e9thodes peuvent varier, mais certains \u00e9l\u00e9ments reviennent fr\u00e9quemment dans l&rsquo;accompagnement social\u00a0:<\/p>\r\n\r\n\r\n\r\n<ul class=\"wp-block-list\">\r\n<li><strong>Entretiens individuels<\/strong> avec des praticiens, m\u00e9decin ou psychologue, pour le suivi personnalis\u00e9<\/li>\r\n\r\n\r\n\r\n<li><strong>S\u00e9ances de groupe<\/strong> favorisant l&rsquo;affirmation de soi et la qualit\u00e9 de vie<\/li>\r\n\r\n\r\n\r\n<li><strong>Activit\u00e9s<\/strong> <strong>de relaxation et ateliers<\/strong> (ou jeux collectifs th\u00e9rapeutiques)<\/li>\r\n\r\n\r\n\r\n<li><strong>Travail sur la r\u00e9insertion sociale<\/strong> pour retrouver du sens \u00e0 son existence<\/li>\r\n<\/ul>\r\n\r\n\r\n\r\n<div class=\"snippet-bait\">\r\n<p><a href=\"https:\/\/cliniclesalpes.com\/fr\/postcure\/\">D\u00e9couvrez notre postcure<\/a><\/p>\r\n<\/div>\r\n\r\n\r\n\r\n<h2 class=\"wp-block-heading\">\u00c9valuer ses besoins pour un suivi post-cure<\/h2>\r\n\r\n\r\n\r\n<p class=\"wp-block-paragraph\">Au-del\u00e0 du programme th\u00e9rapeutique quotidien, choisir un centre adapt\u00e9 demande une r\u00e9flexion approfondie sur vos besoins de suivi \u00e0 long terme.\u00a0<\/p>\r\n\r\n\r\n\r\n<p class=\"wp-block-paragraph\">Cette d\u00e9marche vous guide vers l&rsquo;\u00e9tablissement qui proposera un accompagnement post-cure adapt\u00e9 \u00e0 vos crit\u00e8res de s\u00e9lection sp\u00e9cifiques et \u00e0 vos attentes d&rsquo;excellence en mati\u00e8re de prise en charge.<\/p>\r\n\r\n\r\n\r\n<h3 class=\"wp-block-heading\">L&rsquo;\u00e9valuation de sa situation personnelle<\/h3>\r\n\r\n\r\n\r\n<p class=\"wp-block-paragraph\">Votre parcours individuel d\u00e9termine le type de suivi n\u00e9cessaire apr\u00e8s votre sortie de l&rsquo;\u00e9tablissement.\u00a0<\/p>\r\n\r\n\r\n\r\n<p class=\"wp-block-paragraph\">Cette auto-\u00e9valuation examine plusieurs dimensions :\u00a0<\/p>\r\n\r\n\r\n\r\n<ul class=\"wp-block-list\">\r\n<li>Votre capacit\u00e9 \u00e0 consolider les acquis dans votre vie quotidienne<\/li>\r\n\r\n\r\n\r\n<li>Le niveau de soutien m\u00e9dical requis face \u00e0 d&rsquo;\u00e9ventuels troubles compulsifs ou d\u00e9ficit s\u00e9rotoninergique<\/li>\r\n\r\n\r\n\r\n<li>Vos conditions de retour \u00e0 domicile apr\u00e8s sevrage<\/li>\r\n<\/ul>\r\n\r\n\r\n\r\n<p class=\"wp-block-paragraph\"><a href=\"https:\/\/cliniclesalpes.com\/fr\/blog\/comprendre-le-mal-etre-et-comment-clinic-les-alpes-peut-vous-aider\/\" target=\"_blank\" rel=\"noreferrer noopener\">Identifier son mal-\u00eatre<\/a> facilite cette d\u00e9marche d&rsquo;introspection. L&rsquo;honn\u00eatet\u00e9 dans cette phase pr\u00e9alable \u00e9vite les d\u00e9ceptions ult\u00e9rieures et oriente vers le service de soins de suite le mieux adapt\u00e9 \u00e0 votre situation personnelle.<\/p>\r\n\r\n\r\n\r\n<h3 class=\"wp-block-heading\">Les crit\u00e8res d&rsquo;excellence d&rsquo;un centre sp\u00e9cialis\u00e9<\/h3>\r\n\r\n\r\n\r\n<p class=\"wp-block-paragraph\">La r\u00e9putation d&rsquo;un \u00e9tablissement sp\u00e9cialis\u00e9 en addictologie repose sur des \u00e9l\u00e9ments tangibles incluant la qualit\u00e9 de son suivi.\u00a0<\/p>\r\n\r\n\r\n\r\n<p class=\"wp-block-paragraph\">Ces r\u00e9f\u00e9rences professionnelles t\u00e9moignent de l&rsquo;excellence des soins propos\u00e9s et de la continuit\u00e9 de l&rsquo;accompagnement :<\/p>\r\n\r\n\r\n\r\n<ul class=\"wp-block-list\">\r\n<li>Agr\u00e9ments officiels et certifications en sant\u00e9 publique<\/li>\r\n\r\n\r\n\r\n<li>Transparence sur les r\u00e9sultats obtenus et t\u00e9moignages v\u00e9rifiables<\/li>\r\n\r\n\r\n\r\n<li>Philosophie de soin clairement d\u00e9finie avec \u00e9quipe soignante qualifi\u00e9e<\/li>\r\n\r\n\r\n\r\n<li>Programme de visites de suivi structur\u00e9 et planification familiale<\/li>\r\n\r\n\r\n\r\n<li>Confidentialit\u00e9 absolue, importante dans une prise en charge discr\u00e8te<\/li>\r\n<\/ul>\r\n\r\n\r\n\r\n<figure class=\"wp-block-image size-full\"><img decoding=\"async\" class=\"wp-image-99993\" src=\"https:\/\/cliniclesalpes.com\/wp-content\/uploads\/2025\/09\/image-1.png\" alt=\"\" \/><\/figure>\r\n\r\n\r\n\r\n<h2 class=\"wp-block-heading\">L&rsquo;accompagnement sp\u00e9cialis\u00e9 \u00e0 Clinic Les Alpes<\/h2>\r\n\r\n\r\n\r\n<p class=\"wp-block-paragraph\">Votre reconstruction durable se poursuit bien apr\u00e8s votre sortie gr\u00e2ce \u00e0 notre programme de soins personnalis\u00e9.\u00a0<\/p>\r\n\r\n\r\n\r\n<p class=\"wp-block-paragraph\"><strong>Notre \u00e9quipe pluridisciplinaire planifie minutieusement votre retour \u00e0 la vie quotidienne <\/strong>avec des visites de suivi r\u00e9guli\u00e8res.\u00a0<\/p>\r\n\r\n\r\n\r\n<p class=\"wp-block-paragraph\">Cette approche holistique int\u00e8gre votre famille dans le processus de consolidation des acquis th\u00e9rapeutiques. Chaque s\u00e9ance de suivi raffermit votre engagement et pr\u00e9vient les rechutes gr\u00e2ce \u00e0 un contact privil\u00e9gi\u00e9 avec nos praticiens.\u00a0<\/p>\r\n\r\n\r\n\r\n<p class=\"wp-block-paragraph\">Depuis notre clinique alpine, nous red\u00e9finissons l&rsquo;excellence du suivi post-traitement pour concr\u00e9tiser durablement votre changement.<\/p>\r\n\r\n\r\n\r\n<div class=\"snippet-bait\">\r\n<p><a href=\"https:\/\/cliniclesalpes.com\/fr\/contactez-nous\/\">Faites-vous accompagner dans cette \u00e9preuve d\u00e8s maintenant<\/a><\/p>\r\n<\/div>\r\n","protected":false},"excerpt":{"rendered":"<p>Apr\u00e8s un sevrage physique termin\u00e9, Claire fixe la porte de sortie du centre hospitalier. Ses mains tremblent l\u00e9g\u00e8rement. Or cette fois, ce n&rsquo;est plus l&rsquo;alcool qui manque \u00e0 son organisme, mais l&rsquo;angoisse de l&rsquo;apr\u00e8s qui l&rsquo;envahit.\u00a0 Comment reconstruire sa vie quotidienne jour apr\u00e8s jour sans rechuter\u00a0? La post-cure alcool longue dur\u00e9e r\u00e9pond pr\u00e9cis\u00e9ment \u00e0 cette [&hellip;]<\/p>\n","protected":false},"author":1,"featured_media":114120,"comment_status":"closed","ping_status":"closed","sticky":false,"template":"","format":"standard","meta":{"_acf_changed":false,"footnotes":""},"categories":[119],"tags":[],"class_list":["post-99991","post","type-post","status-publish","format-standard","has-post-thumbnail","hentry","category-comprendre-prevenir-et-se-retablir"],"acf":[],"_links":{"self":[{"href":"https:\/\/cliniclesalpes.com\/fr\/wp-json\/wp\/v2\/posts\/99991","targetHints":{"allow":["GET"]}}],"collection":[{"href":"https:\/\/cliniclesalpes.com\/fr\/wp-json\/wp\/v2\/posts"}],"about":[{"href":"https:\/\/cliniclesalpes.com\/fr\/wp-json\/wp\/v2\/types\/post"}],"author":[{"embeddable":true,"href":"https:\/\/cliniclesalpes.com\/fr\/wp-json\/wp\/v2\/users\/1"}],"replies":[{"embeddable":true,"href":"https:\/\/cliniclesalpes.com\/fr\/wp-json\/wp\/v2\/comments?post=99991"}],"version-history":[{"count":2,"href":"https:\/\/cliniclesalpes.com\/fr\/wp-json\/wp\/v2\/posts\/99991\/revisions"}],"predecessor-version":[{"id":114124,"href":"https:\/\/cliniclesalpes.com\/fr\/wp-json\/wp\/v2\/posts\/99991\/revisions\/114124"}],"wp:featuredmedia":[{"embeddable":true,"href":"https:\/\/cliniclesalpes.com\/fr\/wp-json\/wp\/v2\/media\/114120"}],"wp:attachment":[{"href":"https:\/\/cliniclesalpes.com\/fr\/wp-json\/wp\/v2\/media?parent=99991"}],"wp:term":[{"taxonomy":"category","embeddable":true,"href":"https:\/\/cliniclesalpes.com\/fr\/wp-json\/wp\/v2\/categories?post=99991"},{"taxonomy":"post_tag","embeddable":true,"href":"https:\/\/cliniclesalpes.com\/fr\/wp-json\/wp\/v2\/tags?post=99991"}],"curies":[{"name":"wp","href":"https:\/\/api.w.org\/{rel}","templated":true}]}}